{"id":1500,"date":"2019-12-05T15:23:32","date_gmt":"2019-12-05T14:23:32","guid":{"rendered":"https:\/\/www.ikosecm.it\/ecm\/?p=1500"},"modified":"2019-12-11T14:51:46","modified_gmt":"2019-12-11T13:51:46","slug":"il-pilates-terapeutico-nella-rieducazione-posturale","status":"publish","type":"post","link":"https:\/\/www.ikosecm.it\/ecm\/corsi-ecm\/il-pilates-terapeutico-nella-rieducazione-posturale\/","title":{"rendered":"Il Pilates Terapeutico nella rieducazione posturale"},"content":{"rendered":"\n<style type=\"text\/css\" data-created_by=\"avia_inline_auto\" id=\"style-css-av-1foo6k-6103327796d4e959b2745662a632f5b0\">\n#top .av-special-heading.av-1foo6k-6103327796d4e959b2745662a632f5b0{\nmargin:40px 0 50px 0;\npadding-bottom:10px;\n}\nbody .av-special-heading.av-1foo6k-6103327796d4e959b2745662a632f5b0 .av-special-heading-tag .heading-char{\nfont-size:25px;\n}\n.av-special-heading.av-1foo6k-6103327796d4e959b2745662a632f5b0 .av-subheading{\nfont-size:15px;\n}\n<\/style>\n<div  class='av-special-heading av-1foo6k-6103327796d4e959b2745662a632f5b0 av-special-heading-h2 blockquote modern-quote  avia-builder-el-0  el_before_av_one_full  avia-builder-el-first '><h2 class='av-special-heading-tag '  itemprop=\"headline\"  >Cos\u2019\u00e8 il Pilates e come pu\u00f2 essere utile nel riequilibrio posturale e nella rieducazione funzionale della colonna vertebrale<\/h2><div class=\"special-heading-border\"><div class=\"special-heading-inner-border\"><\/div><\/div><\/div>\n\n<style type=\"text\/css\" data-created_by=\"avia_inline_auto\" id=\"style-css-av-19y77s-6da3cf55bdcfb15d84d02fa3e68fadb4\">\n.flex_column.av-19y77s-6da3cf55bdcfb15d84d02fa3e68fadb4{\nborder-radius:0px 0px 0px 0px;\npadding:0px 0px 0px 0px;\n}\n<\/style>\n<div  class='flex_column av-19y77s-6da3cf55bdcfb15d84d02fa3e68fadb4 av_one_full  avia-builder-el-1  el_after_av_heading  el_before_av_heading  first flex_column_div av-zero-column-padding  '     ><p><section  class='av_textblock_section av-jtaabdl7-4875f0b371c18d8efcbb3243ef1b6f4c '   itemscope=\"itemscope\" itemtype=\"https:\/\/schema.org\/BlogPosting\" itemprop=\"blogPost\" ><div class='avia_textblock'  itemprop=\"text\" ><p><!--more--><\/p>\n<div class=\"page\" title=\"Page 5\">\n<div class=\"section\">\n<div class=\"layoutArea\">\n<div class=\"column\">\n<div class=\"page\" title=\"Page 5\">\n<div class=\"layoutArea\">\n<div class=\"column\">\n<div class=\"page\" title=\"Page 8\">\n<div class=\"section\">\n<div class=\"layoutArea\">\n<div class=\"column\">\n<p>Il Pilates rappresenta un &#8220;metodo di allenamento\u201dsviluppato da H. J. Pilates all\u2019inizio del 1900 che trae ispirazione da antiche discipline orientali quali lo yoga e il Do-In.<\/p>\n<div class=\"page\" title=\"Page 4\">\n<div class=\"section\">\n<div class=\"layoutArea\">\n<div class=\"column\">\n<p>Il Pilates \u00e8 in grado di individuare i difetti di postura e di movimento e con esercizi mirati li corregge, in quanto:<\/p>\n<div class=\"page\" title=\"Page 4\">\n<div class=\"section\">\n<div class=\"layoutArea\">\n<div class=\"column\">\n<ul>\n<li>Ristabilisce l\u2019equilibrio fra tutte le parti del corpo<\/li>\n<li>Permette di avere consapevolezza della propria postura<\/li>\n<li>Presa di coscienza della posizione neutra (bacino)<\/li>\n<li>Rilassa i muscoli eccessivamente tesi e rafforza quelli eccessivamente allungati<\/li>\n<\/ul>\n<\/div>\n<\/div>\n<\/div>\n<\/div>\n<\/div>\n<\/div>\n<\/div>\n<\/div>\n<\/div>\n<\/div>\n<\/div>\n<\/div>\n<\/div>\n<\/div>\n<\/div>\n<div class=\"page\" title=\"Page 6\">\n<div class=\"section\">\n<div class=\"layoutArea\">\n<div class=\"page\" title=\"Page 6\">\n<div class=\"section\">\n<div class=\"layoutArea\">\n<div class=\"column\"><\/div>\n<\/div>\n<\/div>\n<\/div>\n<\/div>\n<\/div>\n<\/div>\n<\/div>\n<\/div>\n<\/div>\n<\/div>\n<\/div><\/section><br \/>\n\n<style type=\"text\/css\" data-created_by=\"avia_inline_auto\" id=\"style-css-av-aqcur0-329d0fcee5524c7f8566ab994616de1f\">\n#top .av-special-heading.av-aqcur0-329d0fcee5524c7f8566ab994616de1f{\npadding-bottom:10px;\n}\nbody .av-special-heading.av-aqcur0-329d0fcee5524c7f8566ab994616de1f .av-special-heading-tag .heading-char{\nfont-size:25px;\n}\n.av-special-heading.av-aqcur0-329d0fcee5524c7f8566ab994616de1f .av-subheading{\nfont-size:15px;\n}\n<\/style>\n<div  class='av-special-heading av-aqcur0-329d0fcee5524c7f8566ab994616de1f av-special-heading-h4  avia-builder-el-3  el_after_av_textblock  el_before_av_textblock '><h4 class='av-special-heading-tag '  itemprop=\"headline\"  >Il Pilates terapeutico: i punti di forza<\/h4><div class=\"special-heading-border\"><div class=\"special-heading-inner-border\"><\/div><\/div><\/div><br \/>\n<section  class='av_textblock_section av-jtaabdl7-4875f0b371c18d8efcbb3243ef1b6f4c '   itemscope=\"itemscope\" itemtype=\"https:\/\/schema.org\/BlogPosting\" itemprop=\"blogPost\" ><div class='avia_textblock'  itemprop=\"text\" ><p><!--more--><\/p>\n<div class=\"page\" title=\"Page 9\">\n<div class=\"layoutArea\">\n<div class=\"column\">\n<div class=\"page\" title=\"Page 2\">\n<div class=\"section\">\n<div class=\"layoutArea\">\n<div class=\"column\">\n<div class=\"page\" title=\"Page 15\">\n<div class=\"section\">\n<div class=\"layoutArea\">\n<div class=\"column\">\n<div class=\"page\" title=\"Page 23\">\n<div class=\"section\">\n<div class=\"layoutArea\">\n<div class=\"column\">\n<p>Il Pilates viene oggi considerato come il metodo di ginnastica posturale di massima avanguardia, offrendo un ottimo strumento di lavoro per fisioterapisti, osteopati, fisiatri, ortopedici.<\/p>\n<div class=\"page\" title=\"Page 23\">\n<div class=\"section\">\n<div class=\"layoutArea\">\n<div class=\"column\">\n<p>Pu\u00f2 essere integrato in programmi riabilitativi e di recupero funzionale post-traumatico, poich\u00e9 lavora sul ricondizionamento generale, sul recupero propriocettivo, sul ripristino del tono e della simmetria muscolare e sulla postura.<\/p>\n<p>Si pu\u00f2 definire come <strong>obiettivo principale del Pilates terapeutico<\/strong>\u00a0il <strong>creare uno stretto legame tra il lavoro fisico muscolare e mentale con lo scopo di\u00a0<\/strong>rendere le persone consapevoli del proprio corpo e della propria mente.<\/p>\n<p>Altri obiettivi si possono riassumere in:<\/p>\n<div class=\"page\" title=\"Page 17\">\n<div class=\"section\">\n<div class=\"layoutArea\">\n<div class=\"column\">\n<ul>\n<li>Consapevolezza\/Presacoscienza<\/li>\n<li>Baricentrostabileeforte<\/li>\n<li>Controllodelgesto<\/li>\n<li>Riduzione della rigidit\u00e0 muscolare<\/li>\n<li>Miglior rendimento della performance muscolare<\/li>\n<li>Armonizzazione posturale segmentaria\/globale<\/li>\n<li>Fluidit\u00e0 nei movimenti<\/li>\n<\/ul>\n<p>In generale con Pilates terapeutico si tende a <strong>rieducare le sindromi da disfunzione del movimento che nel perdurare del tempo possono portare a disfunzioni muscolo-scheletriche.<\/strong><\/p>\n<\/div>\n<blockquote>\n<div class=\"page\" title=\"Page 31\">\n<p class=\"section\">\u201cla cosa importante non \u00e8 ci\u00f2 che stai facendo, ma come stai eseguendo ci\u00f2 che fai\u201d &#8211; <em>J.H. Pilates<\/em><\/p>\n<\/div>\n<\/blockquote>\n<\/div>\n<\/div>\n<\/div>\n<\/div>\n<\/div>\n<\/div>\n<\/div>\n<\/div>\n<\/div>\n<\/div>\n<\/div>\n<\/div>\n<\/div>\n<\/div>\n<\/div>\n<\/div>\n<\/div>\n<\/div>\n<\/div>\n<\/div>\n<\/div>\n<\/div>\n<div class=\"page\" title=\"Page 5\">\n<div class=\"section\">\n<div class=\"layoutArea\">\n<div class=\"column\">\n<div class=\"page\" title=\"Page 6\">\n<div class=\"section\">\n<div class=\"layoutArea\">\n<div class=\"page\" title=\"Page 6\">\n<div class=\"section\">\n<div class=\"layoutArea\">\n<div class=\"column\"><\/div>\n<\/div>\n<\/div>\n<\/div>\n<\/div>\n<\/div>\n<\/div>\n<\/div>\n<\/div>\n<\/div>\n<\/div>\n<\/div><\/section><br \/>\n\n<style type=\"text\/css\" data-created_by=\"avia_inline_auto\" id=\"style-css-av-8w3y9o-d0bcbd808958f8557d7e9a66c9782f6f\">\n#top .av-special-heading.av-8w3y9o-d0bcbd808958f8557d7e9a66c9782f6f{\npadding-bottom:10px;\n}\nbody .av-special-heading.av-8w3y9o-d0bcbd808958f8557d7e9a66c9782f6f .av-special-heading-tag .heading-char{\nfont-size:25px;\n}\n.av-special-heading.av-8w3y9o-d0bcbd808958f8557d7e9a66c9782f6f .av-subheading{\nfont-size:15px;\n}\n<\/style>\n<div  class='av-special-heading av-8w3y9o-d0bcbd808958f8557d7e9a66c9782f6f av-special-heading-h4  avia-builder-el-5  el_after_av_textblock  el_before_av_textblock '><h4 class='av-special-heading-tag '  itemprop=\"headline\"  >I campi di applicazione<\/h4><div class=\"special-heading-border\"><div class=\"special-heading-inner-border\"><\/div><\/div><\/div><br \/>\n<section  class='av_textblock_section av-jtaabdl7-4875f0b371c18d8efcbb3243ef1b6f4c '   itemscope=\"itemscope\" itemtype=\"https:\/\/schema.org\/BlogPosting\" itemprop=\"blogPost\" ><div class='avia_textblock'  itemprop=\"text\" ><p><!--more--><\/p>\n<div class=\"page\" title=\"Page 9\">\n<div class=\"layoutArea\">\n<div class=\"column\">\n<div class=\"page\" title=\"Page 2\">\n<div class=\"section\">\n<div class=\"layoutArea\">\n<div class=\"column\">\n<div class=\"page\" title=\"Page 4\">\n<div class=\"section\">\n<div class=\"layoutArea\">\n<div class=\"column\">\n<div class=\"page\" title=\"Page 5\">\n<div class=\"section\">\n<div class=\"layoutArea\">\n<div class=\"column\">\n<div class=\"page\" title=\"Page 5\">\n<div class=\"section\">\n<div class=\"layoutArea\">\n<div class=\"column\">\n<div class=\"page\" title=\"Page 6\">\n<div class=\"section\">\n<div class=\"layoutArea\">\n<div class=\"column\">\n<div class=\"page\" title=\"Page 6\">\n<div class=\"section\">\n<div class=\"layoutArea\">\n<div class=\"column\">\n<div class=\"page\" title=\"Page 7\">\n<div class=\"section\">\n<div class=\"layoutArea\">\n<div class=\"column\">\n<div class=\"page\" title=\"Page 19\">\n<div class=\"section\">\n<div class=\"layoutArea\">\n<div class=\"column\">\n<div class=\"page\" title=\"Page 20\">\n<div class=\"section\">\n<div class=\"layoutArea\">\n<div class=\"column\">\n<p>Il metodo <em>Pilates Therapy<\/em> permette al Fisioterapista, attraverso il ragionamento clinico, di\u00a0proporre un programma di esercizi, a livello individuale o di gruppo, il pi\u00f9 vicino possibile ai\u00a0concetti dell\u2019Evidence-Based Medicine,\u00a0applicando le conoscenze date dalle informazioni scientifiche e cliniche, dalle procedure di lavoro,\u00a0dai concetti biologici di riferimento e dalle abilit\u00e0 cliniche alla gestione terapeutica del paziente.<\/p>\n<p>I principali campi di applicazione sono:<\/p>\n<\/div>\n<\/div>\n<\/div>\n<\/div>\n<ul>\n<li>Traumatologia ortopedica<\/li>\n<li>Traumatologia sportiva<\/li>\n<li>Disequilibri posturali<\/li>\n<li>Pre-Post-chirurgici<\/li>\n<li>Prevenzione<\/li>\n<li>Gravidanza<\/li>\n<li>Allenamento sportivo<\/li>\n<li>Riequilibrio posturale<\/li>\n<\/ul>\n<\/div>\n<\/div>\n<\/div>\n<\/div>\n<\/div>\n<\/div>\n<\/div>\n<\/div>\n<\/div>\n<\/div>\n<\/div>\n<\/div>\n<\/div>\n<\/div>\n<\/div>\n<\/div>\n<\/div>\n<\/div>\n<\/div>\n<\/div>\n<\/div>\n<\/div>\n<\/div>\n<\/div>\n<\/div>\n<\/div>\n<\/div>\n<\/div>\n<\/div>\n<\/div>\n<\/div>\n<\/div>\n<\/div>\n<\/div>\n<\/div>\n<div class=\"page\" title=\"Page 5\">\n<div class=\"section\">\n<div class=\"layoutArea\">\n<div class=\"column\">\n<div class=\"page\" title=\"Page 6\">\n<div class=\"section\">\n<div class=\"layoutArea\">\n<div class=\"page\" title=\"Page 6\">\n<div class=\"section\">\n<div class=\"layoutArea\">\n<div class=\"column\"><\/div>\n<\/div>\n<\/div>\n<\/div>\n<\/div>\n<\/div>\n<\/div>\n<\/div>\n<\/div>\n<\/div>\n<\/div>\n<\/div><\/section><br \/>\n\n<style type=\"text\/css\" data-created_by=\"avia_inline_auto\" id=\"style-css-av-jw0pkg1e-be3ba1b2a62dca46e45a4c0a5370fb2a\">\n.avia-image-container.av-jw0pkg1e-be3ba1b2a62dca46e45a4c0a5370fb2a img.avia_image{\nbox-shadow:none;\n}\n.avia-image-container.av-jw0pkg1e-be3ba1b2a62dca46e45a4c0a5370fb2a .av-caption-image-overlay-bg{\nopacity:0.4;\nbackground-color:#000000;\n}\n.avia-image-container.av-jw0pkg1e-be3ba1b2a62dca46e45a4c0a5370fb2a .av-image-caption-overlay-center{\ncolor:#ffffff;\n}\n<\/style>\n<div  class='avia-image-container av-jw0pkg1e-be3ba1b2a62dca46e45a4c0a5370fb2a av-styling- avia-align-center  avia-builder-el-7  el_after_av_textblock  avia-builder-el-last  noHover av-overlay-hover-deactivate'   itemprop=\"image\" itemscope=\"itemscope\" itemtype=\"https:\/\/schema.org\/ImageObject\" ><div class=\"avia-image-container-inner\"><div class=\"avia-image-overlay-wrap\"><div class=\"av-image-caption-overlay\"><div class=\"av-caption-image-overlay-bg\"><\/div><div class=\"av-image-caption-overlay-position\"><div class=\"av-image-caption-overlay-center\"><\/div><\/div><\/div><img decoding=\"async\" fetchpriority=\"high\" class='wp-image-1509 avia-img-lazy-loading-not-1509 avia_image ' src=\"https:\/\/www.ikosecm.it\/ecm\/wp-content\/uploads\/2019\/12\/pilates_terapeutico_4-1030x773.jpg\" alt='' title='rsa'  height=\"773\" width=\"1030\"  itemprop=\"thumbnailUrl\" srcset=\"https:\/\/www.ikosecm.it\/ecm\/wp-content\/uploads\/2019\/12\/pilates_terapeutico_4-1030x773.jpg 1030w, https:\/\/www.ikosecm.it\/ecm\/wp-content\/uploads\/2019\/12\/pilates_terapeutico_4-300x225.jpg 300w, https:\/\/www.ikosecm.it\/ecm\/wp-content\/uploads\/2019\/12\/pilates_terapeutico_4-768x576.jpg 768w, https:\/\/www.ikosecm.it\/ecm\/wp-content\/uploads\/2019\/12\/pilates_terapeutico_4-1500x1125.jpg 1500w, https:\/\/www.ikosecm.it\/ecm\/wp-content\/uploads\/2019\/12\/pilates_terapeutico_4-705x529.jpg 705w\" sizes=\"(max-width: 1030px) 100vw, 1030px\" \/><\/div><\/div><\/div><\/p><\/div>\n\n<style type=\"text\/css\" data-created_by=\"avia_inline_auto\" id=\"style-css-av-brbnp8-269a62bf3af37df8023a3bc23b7563b1\">\n#top .av-special-heading.av-brbnp8-269a62bf3af37df8023a3bc23b7563b1{\npadding-bottom:10px;\n}\nbody .av-special-heading.av-brbnp8-269a62bf3af37df8023a3bc23b7563b1 .av-special-heading-tag .heading-char{\nfont-size:25px;\n}\n.av-special-heading.av-brbnp8-269a62bf3af37df8023a3bc23b7563b1 .av-subheading{\nfont-size:15px;\n}\n<\/style>\n<div  class='av-special-heading av-brbnp8-269a62bf3af37df8023a3bc23b7563b1 av-special-heading-h4  avia-builder-el-8  el_after_av_one_full  el_before_av_hr '><h4 class='av-special-heading-tag '  itemprop=\"headline\"  >Differenze rispetto alla ginnastica tradizionale<\/h4><div class=\"special-heading-border\"><div class=\"special-heading-inner-border\"><\/div><\/div><\/div>\n\n<style type=\"text\/css\" data-created_by=\"avia_inline_auto\" id=\"style-css-av-k3rfeqj1-e91e3e0489cc40ee4915adfd04d26a64\">\n#top .hr.hr-invisible.av-k3rfeqj1-e91e3e0489cc40ee4915adfd04d26a64{\nheight:50px;\n}\n<\/style>\n<div  class='hr av-k3rfeqj1-e91e3e0489cc40ee4915adfd04d26a64 hr-invisible  avia-builder-el-9  el_after_av_heading  el_before_av_one_half '><span class='hr-inner '><span class=\"hr-inner-style\"><\/span><\/span><\/div>\n\n<style type=\"text\/css\" data-created_by=\"avia_inline_auto\" id=\"style-css-av-19y77s-6da3cf55bdcfb15d84d02fa3e68fadb4\">\n.flex_column.av-19y77s-6da3cf55bdcfb15d84d02fa3e68fadb4{\nborder-radius:0px 0px 0px 0px;\npadding:0px 0px 0px 0px;\n}\n<\/style>\n<div  class='flex_column av-19y77s-6da3cf55bdcfb15d84d02fa3e68fadb4 av_one_half  avia-builder-el-10  el_after_av_hr  el_before_av_one_half  first flex_column_div av-zero-column-padding  '     ><section  class='av_textblock_section av-jtaabdl7-4875f0b371c18d8efcbb3243ef1b6f4c '   itemscope=\"itemscope\" itemtype=\"https:\/\/schema.org\/BlogPosting\" itemprop=\"blogPost\" ><div class='avia_textblock'  itemprop=\"text\" ><div class=\"page\" title=\"Page 11\">\n<div class=\"section\">\n<div class=\"layoutArea\">\n<div class=\"column\">\n<h4>PILATES TERAPEUTICO<\/h4>\n<div class=\"page\" title=\"Page 13\">\n<div class=\"section\">\n<div class=\"layoutArea\">\n<div class=\"column\">\n<ul>\n<li>Lavoro differenziato mm statici\/dinamici<\/li>\n<li>Di fronte alle deformazioni muscolo\/scheletriche viene fatto un trattamento differenziato in base alla funzione muscolare<\/li>\n<li>Differenziazione: debolezza dinamici = ipotonia<br \/>\ndebolezza statici = ipertonia e rigidit\u00e0<\/li>\n<li>Controllo e sensibilizzazione del gesto<\/li>\n<li>Esecuzione in Allungamento assiale in catena mio-fasciale<\/li>\n<li>Coscienza e integrazione posturale<\/li>\n<\/ul>\n<\/div>\n<\/div>\n<\/div>\n<\/div>\n<div class=\"page\" title=\"Page 17\">\n<div class=\"section\">\n<div class=\"layoutArea\">\n<div class=\"column\">\n<div class=\"page\" title=\"Page 18\">\n<div class=\"section\">\n<div class=\"layoutArea\">\n<div class=\"column\"><\/div>\n<\/div>\n<\/div>\n<\/div>\n<\/div>\n<\/div>\n<\/div>\n<\/div>\n<\/div>\n<\/div>\n<\/div>\n<\/div>\n<\/div><\/section><\/div>\n\n<style type=\"text\/css\" data-created_by=\"avia_inline_auto\" id=\"style-css-av-19y77s-2fd586861b2a83d03c22226a6e79d03e\">\n.flex_column.av-19y77s-2fd586861b2a83d03c22226a6e79d03e{\nborder-radius:0px 0px 0px 0px;\npadding:0px 0px 0px 0px;\n}\n<\/style>\n<div  class='flex_column av-19y77s-2fd586861b2a83d03c22226a6e79d03e av_one_half  avia-builder-el-12  el_after_av_one_half  el_before_av_heading  flex_column_div av-zero-column-padding  '     ><section  class='av_textblock_section av-jtaabdl7-4875f0b371c18d8efcbb3243ef1b6f4c '   itemscope=\"itemscope\" itemtype=\"https:\/\/schema.org\/BlogPosting\" itemprop=\"blogPost\" ><div class='avia_textblock'  itemprop=\"text\" ><div class=\"page\" title=\"Page 11\">\n<div class=\"section\">\n<div class=\"layoutArea\">\n<div class=\"column\">\n<div class=\"page\" title=\"Page 17\">\n<div class=\"section\">\n<div class=\"layoutArea\">\n<div class=\"column\">\n<div class=\"page\" title=\"Page 18\">\n<div class=\"section\">\n<div class=\"layoutArea\">\n<div class=\"column\">\n<h4>GINNASTICA TRADIZIONALE<\/h4>\n<div class=\"page\" title=\"Page 13\">\n<div class=\"section\">\n<div class=\"layoutArea\">\n<div class=\"column\">\n<ul>\n<li>Lavoro indifferenziato tra i\u00a0muscoli antigravitari e i muscoli deputati al movimento<\/li>\n<li>Prevalente uso di contrazione muscolare in accorciamento<\/li>\n<li>Diagnosi indifferenziata di debolezza muscolare<\/li>\n<li>Allungamento segmentarlo<\/li>\n<li>Protocolli di esercizi volti esclusivamente al rinforzo muscolare<\/li>\n<\/ul>\n<\/div>\n<\/div>\n<\/div>\n<\/div>\n<\/div>\n<\/div>\n<\/div>\n<\/div>\n<\/div>\n<\/div>\n<\/div>\n<\/div>\n<\/div>\n<\/div>\n<\/div>\n<\/div>\n<\/div><\/section><\/div>\n\n<style type=\"text\/css\" data-created_by=\"avia_inline_auto\" id=\"style-css-av-b6jez0-5a3692599ef91b3abc375c540d333074\">\n#top .av-special-heading.av-b6jez0-5a3692599ef91b3abc375c540d333074{\npadding-bottom:10px;\n}\nbody .av-special-heading.av-b6jez0-5a3692599ef91b3abc375c540d333074 .av-special-heading-tag .heading-char{\nfont-size:25px;\n}\n.av-special-heading.av-b6jez0-5a3692599ef91b3abc375c540d333074 .av-subheading{\nfont-size:15px;\n}\n<\/style>\n<div  class='av-special-heading av-b6jez0-5a3692599ef91b3abc375c540d333074 av-special-heading-h4  avia-builder-el-14  el_after_av_one_half  el_before_av_one_full '><h4 class='av-special-heading-tag '  itemprop=\"headline\"  >Pilates e Rieducazione<\/h4><div class=\"special-heading-border\"><div class=\"special-heading-inner-border\"><\/div><\/div><\/div>\n\n<style type=\"text\/css\" data-created_by=\"avia_inline_auto\" id=\"style-css-av-19y77s-6da3cf55bdcfb15d84d02fa3e68fadb4\">\n.flex_column.av-19y77s-6da3cf55bdcfb15d84d02fa3e68fadb4{\nborder-radius:0px 0px 0px 0px;\npadding:0px 0px 0px 0px;\n}\n<\/style>\n<div  class='flex_column av-19y77s-6da3cf55bdcfb15d84d02fa3e68fadb4 av_one_full  avia-builder-el-15  el_after_av_heading  el_before_av_promobox  first flex_column_div av-zero-column-padding  '     ><section  class='av_textblock_section av-jtaabdl7-4875f0b371c18d8efcbb3243ef1b6f4c '   itemscope=\"itemscope\" itemtype=\"https:\/\/schema.org\/BlogPosting\" itemprop=\"blogPost\" ><div class='avia_textblock'  itemprop=\"text\" ><div class=\"page\" title=\"Page 5\">\n<div class=\"section\">\n<div class=\"layoutArea\">\n<div class=\"column\">\n<div class=\"page\" title=\"Page 29\">\n<div class=\"section\">\n<div class=\"layoutArea\">\n<div class=\"column\">\n<p>Tra i principali fattori di rischio per le donne troviamo:<\/p>\n<div class=\"page\" title=\"Page 19\">\n<div class=\"section\">\n<div class=\"layoutArea\">\n<div class=\"column\">\n<ul>\n<li>GRAVIDANZA<\/li>\n<li>MALATTIE CRONICHE DEBILITANTI<\/li>\n<li>MALATTIE DISMETABOLICHE E\/O ENDOCRINE (Diabete mellito, M. di Addison. S. di Cushing)<\/li>\n<li>DEFICIT IMMUNITARI CONGENITI O ACQUISITI<\/li>\n<li>VARIAZIONI DELL\u2019EQUILIBRIO ORMONALE<\/li>\n<li>FATTORI IATROGENI (Antibiotici, cotraccettivi orali, chemioterapici, corticosteroidi)<\/li>\n<li>ABITUDINI PERSONALI (Abiti aderenti e sintetici, salva slip, dieta, tamponi vaginali<\/li>\n<\/ul>\n<div class=\"page\" title=\"Page 20\">\n<div class=\"section\">\n<div class=\"layoutArea\">\n<div class=\"column\">\n<p>Sembra inoltre certa la relazione tra il numero delle infezioni sintomatiche ed una dieta particolarmente ricca di carboidrati.<\/p>\n<\/div>\n<\/div>\n<\/div>\n<\/div>\n<\/div>\n<\/div>\n<\/div>\n<\/div>\n<\/div>\n<\/div>\n<\/div>\n<\/div>\n<div class=\"page\" title=\"Page 6\">\n<div class=\"section\">\n<div class=\"layoutArea\">\n<div class=\"page\" title=\"Page 6\">\n<div class=\"section\">\n<div class=\"layoutArea\">\n<div class=\"column\"><\/div>\n<\/div>\n<\/div>\n<\/div>\n<\/div>\n<\/div>\n<\/div>\n<\/div>\n<\/div>\n<\/div>\n<\/div>\n<\/div><\/section><\/div>\n<div  class='av_promobox av-k36ej31r-bf1ce0492ab1c024507c373e82c061cf avia-button-yes  avia-builder-el-17  el_after_av_one_full  el_before_av_image '><div class='avia-promocontent'><p>\nTi interessa approfondire questo argomento dal punto di vista clinico professionale? Approfondiscilo con un corso online che ti dar\u00e0 inoltre la possibilit\u00e0 di ricevere importanti Crediti ECM.<\/p>\n<\/div><div  class='avia-button-wrap av-k36ej31r-75ee10daaf09957c2baad74b08a80ba0-wrap avia-button-right '><a href='https:\/\/www.ikosecm.it\/pilates-terapeutico-la-rieducazione-posturale-dinamica.html'  class='avia-button av-k36ej31r-75ee10daaf09957c2baad74b08a80ba0 av-link-btn avia-icon_select-no avia-size-large avia-position-right avia-color-orange'  target=\"_blank\"  rel=\"noopener noreferrer\"  aria-label=\"Scopri di pi\u00f9\"><span class='avia_iconbox_title' >Scopri di pi\u00f9<\/span><\/a><\/div><\/div>\n\n<style type=\"text\/css\" data-created_by=\"avia_inline_auto\" id=\"style-css-av-jw0pkg1e-c013b66c92a2a3ec20e15bd545a9f096\">\n.avia-image-container.av-jw0pkg1e-c013b66c92a2a3ec20e15bd545a9f096 img.avia_image{\nbox-shadow:none;\n}\n.avia-image-container.av-jw0pkg1e-c013b66c92a2a3ec20e15bd545a9f096 .av-caption-image-overlay-bg{\nopacity:0.4;\nbackground-color:#000000;\n}\n.avia-image-container.av-jw0pkg1e-c013b66c92a2a3ec20e15bd545a9f096 .av-image-caption-overlay-center{\ncolor:#ffffff;\n}\n<\/style>\n<div  class='avia-image-container av-jw0pkg1e-c013b66c92a2a3ec20e15bd545a9f096 av-styling- avia-align-center  avia-builder-el-18  el_after_av_promobox  el_before_av_image  noHover av-overlay-hover-deactivate'   itemprop=\"image\" itemscope=\"itemscope\" itemtype=\"https:\/\/schema.org\/ImageObject\" ><div class=\"avia-image-container-inner\"><div class=\"avia-image-overlay-wrap\"><div class=\"av-image-caption-overlay\"><div class=\"av-caption-image-overlay-bg\"><\/div><div class=\"av-image-caption-overlay-position\"><div class=\"av-image-caption-overlay-center\"><\/div><\/div><\/div><img decoding=\"async\" fetchpriority=\"high\" class='wp-image-1510 avia-img-lazy-loading-not-1510 avia_image ' src=\"https:\/\/www.ikosecm.it\/ecm\/wp-content\/uploads\/2019\/12\/pilates_terapeutico-1030x773.jpg\" alt='' title='joseph pilates'  height=\"773\" width=\"1030\"  itemprop=\"thumbnailUrl\" srcset=\"https:\/\/www.ikosecm.it\/ecm\/wp-content\/uploads\/2019\/12\/pilates_terapeutico-1030x773.jpg 1030w, https:\/\/www.ikosecm.it\/ecm\/wp-content\/uploads\/2019\/12\/pilates_terapeutico-300x225.jpg 300w, https:\/\/www.ikosecm.it\/ecm\/wp-content\/uploads\/2019\/12\/pilates_terapeutico-768x576.jpg 768w, https:\/\/www.ikosecm.it\/ecm\/wp-content\/uploads\/2019\/12\/pilates_terapeutico-1500x1125.jpg 1500w, https:\/\/www.ikosecm.it\/ecm\/wp-content\/uploads\/2019\/12\/pilates_terapeutico-705x529.jpg 705w\" sizes=\"(max-width: 1030px) 100vw, 1030px\" \/><\/div><\/div><\/div>\n\n<style type=\"text\/css\" data-created_by=\"avia_inline_auto\" id=\"style-css-av-jw0pkg1e-f4d8d70b31875739ba5331014afaae0d\">\n.avia-image-container.av-jw0pkg1e-f4d8d70b31875739ba5331014afaae0d img.avia_image{\nbox-shadow:none;\n}\n.avia-image-container.av-jw0pkg1e-f4d8d70b31875739ba5331014afaae0d .av-caption-image-overlay-bg{\nopacity:0.4;\nbackground-color:#000000;\n}\n.avia-image-container.av-jw0pkg1e-f4d8d70b31875739ba5331014afaae0d .av-image-caption-overlay-center{\ncolor:#ffffff;\n}\n<\/style>\n<div  class='avia-image-container av-jw0pkg1e-f4d8d70b31875739ba5331014afaae0d av-styling- avia-align-center  avia-builder-el-19  el_after_av_image  el_before_av_hr  noHover av-overlay-hover-deactivate'   itemprop=\"image\" itemscope=\"itemscope\" itemtype=\"https:\/\/schema.org\/ImageObject\" ><div class=\"avia-image-container-inner\"><div class=\"avia-image-overlay-wrap\"><div class=\"av-image-caption-overlay\"><div class=\"av-caption-image-overlay-bg\"><\/div><div class=\"av-image-caption-overlay-position\"><div class=\"av-image-caption-overlay-center\"><\/div><\/div><\/div><img decoding=\"async\" fetchpriority=\"high\" class='wp-image-1515 avia-img-lazy-loading-not-1515 avia_image ' src=\"https:\/\/www.ikosecm.it\/ecm\/wp-content\/uploads\/2019\/12\/pilates_terapeutico_1-1030x773.jpg\" alt='' title='pilates_terapeutico_1'  height=\"773\" width=\"1030\"  itemprop=\"thumbnailUrl\" srcset=\"https:\/\/www.ikosecm.it\/ecm\/wp-content\/uploads\/2019\/12\/pilates_terapeutico_1-1030x773.jpg 1030w, https:\/\/www.ikosecm.it\/ecm\/wp-content\/uploads\/2019\/12\/pilates_terapeutico_1-300x225.jpg 300w, https:\/\/www.ikosecm.it\/ecm\/wp-content\/uploads\/2019\/12\/pilates_terapeutico_1-768x576.jpg 768w, https:\/\/www.ikosecm.it\/ecm\/wp-content\/uploads\/2019\/12\/pilates_terapeutico_1-1500x1125.jpg 1500w, https:\/\/www.ikosecm.it\/ecm\/wp-content\/uploads\/2019\/12\/pilates_terapeutico_1-705x529.jpg 705w\" sizes=\"(max-width: 1030px) 100vw, 1030px\" \/><\/div><\/div><\/div>\n\n<style type=\"text\/css\" data-created_by=\"avia_inline_auto\" id=\"style-css-av-k372joxb-020031414e598f5671f8b7b143b6c6f3\">\n#top .hr.hr-invisible.av-k372joxb-020031414e598f5671f8b7b143b6c6f3{\nheight:50px;\n}\n<\/style>\n<div  class='hr av-k372joxb-020031414e598f5671f8b7b143b6c6f3 hr-invisible  avia-builder-el-20  el_after_av_image  el_before_av_two_third '><span class='hr-inner '><span class=\"hr-inner-style\"><\/span><\/span><\/div>\n\n<style type=\"text\/css\" data-created_by=\"avia_inline_auto\" id=\"style-css-av-rrf0d-de73f17452d9f35340cdec6e6cef8212\">\n.flex_column.av-rrf0d-de73f17452d9f35340cdec6e6cef8212{\nborder-radius:0px 0px 0px 0px;\npadding:0px 0px 0px 0px;\n}\n<\/style>\n<div  class='flex_column av-rrf0d-de73f17452d9f35340cdec6e6cef8212 av_two_third  avia-builder-el-21  el_after_av_hr  el_before_av_one_third  first flex_column_div av-zero-column-padding  '     ><p>\n<style type=\"text\/css\" data-created_by=\"avia_inline_auto\" id=\"style-css-av-4bh62k-a64d77d2bc9b18760478d72851728bd9\">\n#top .av-special-heading.av-4bh62k-a64d77d2bc9b18760478d72851728bd9{\npadding-bottom:10px;\n}\nbody .av-special-heading.av-4bh62k-a64d77d2bc9b18760478d72851728bd9 .av-special-heading-tag .heading-char{\nfont-size:25px;\n}\n.av-special-heading.av-4bh62k-a64d77d2bc9b18760478d72851728bd9 .av-subheading{\nfont-size:15px;\n}\n<\/style>\n<div  class='av-special-heading av-4bh62k-a64d77d2bc9b18760478d72851728bd9 av-special-heading-h4  avia-builder-el-22  el_before_av_textblock  avia-builder-el-first '><h4 class='av-special-heading-tag '  itemprop=\"headline\"  >Approfondisci il Pilates Terapeutico con un corso specialistico ECM FAD<\/h4><div class=\"special-heading-border\"><div class=\"special-heading-inner-border\"><\/div><\/div><\/div><br \/>\n<section  class='av_textblock_section av-jtaavp2p-a184c7acd97721757e20d39b79e8126a '   itemscope=\"itemscope\" itemtype=\"https:\/\/schema.org\/BlogPosting\" itemprop=\"blogPost\" ><div class='avia_textblock'  itemprop=\"text\" ><p>Se reputi che per la tua professione questo argomento vada approfondito, <a href=\"https:\/\/www.ikosecm.it\/pilates-terapeutico-la-rieducazione-posturale-dinamica.html\">questo corso ECM<\/a> dal titolo<a href=\"https:\/\/www.ikosecm.it\/pilates-terapeutico-la-rieducazione-posturale-dinamica.html\"> PILATES TERAPEUTICO LA RIEDUCAZIONE POSTURALE DINAMICA<\/a> a cura del\u00a0<em>Dott. C. Zimaglia e della Dott.ssa L. Lucchino<\/em>\u00a0fa decisamente al caso tuo.<\/p>\n<p>In questo corso si prenderanno in esame <strong>i principi\u00a0del metodo Pilates nel riequilibrio postulare e nella rieducazione funzionale della colonna vertebrale nelle problematiche del Low Back Pain.<\/strong> Troverai inoltre cenni e approfondimenti di anatomia funizonale.<\/p>\n<p>Si tratta di\u00a0un corso FAD che potrai eseguire ONLINE e del quale potrai scaricare o ricevere il certificato via email.<\/p>\n<p><a href=\"https:\/\/www.ikosecm.it\/pilates-terapeutico-la-rieducazione-posturale-dinamica.html\">Questo corso<\/a>, compatibile con tutti i dispositivi, \u00a0prevede un test di valutazione finale che consiste\u00a0in un questionario, a doppia randomizzazione delle domande, a risposta multipla con 4 possibilit\u00e0 di risposta di cui una sola giusta. Sono previste 45 domande.\u00a0 La soglia di superamento prevista \u00e8 del 75%.<br \/>\nSono previsti 5 tentativi e ad ogni tentativo le domande subiranno una parziale variazione.<\/p>\n<p>Il corso dar\u00e0 diritto a <strong>15 crediti ECM <\/strong>previo superamento del\u00a0prova finale.<\/p>\n<\/div><\/section><br \/>\n<div  class='avia-button-wrap av-juymosjh-3402d126472f558d35d7b63fa8b7b9fc-wrap avia-button-center  avia-builder-el-24  el_after_av_textblock  avia-builder-el-last '><a href='https:\/\/www.ikosecm.it\/pilates-terapeutico-la-rieducazione-posturale-dinamica.html'  class='avia-button av-juymosjh-3402d126472f558d35d7b63fa8b7b9fc av-link-btn avia-icon_select-no avia-size-large avia-position-center avia-color-theme-color'  target=\"_blank\"  rel=\"noopener noreferrer\"  aria-label=\"VAI AL CORSO ECM FAD\"><span class='avia_iconbox_title' >VAI AL CORSO ECM FAD<\/span><\/a><\/div><\/p><\/div>\n\n<style type=\"text\/css\" data-created_by=\"avia_inline_auto\" id=\"style-css-av-ju9mx8al-4e9e00dd4d913738fec6fc4032956227\">\n.flex_column.av-ju9mx8al-4e9e00dd4d913738fec6fc4032956227{\nborder-radius:0px 0px 0px 0px;\npadding:0px 0px 0px 0px;\n}\n<\/style>\n<div  class='flex_column av-ju9mx8al-4e9e00dd4d913738fec6fc4032956227 av_one_third  avia-builder-el-25  el_after_av_two_third  el_before_av_hr  flex_column_div av-animated-generic fade-in av-zero-column-padding avia-link-column av-column-link avia-link-column-hover  '    data-link-column-url=\"http:\/\/www.ikosecm.it\/app\/media\/uploads\/lezioni\/811\/index.html\"  data-link-column-target=\"_blank\"   ><a class=\"av-screen-reader-only\" href=http:\/\/www.ikosecm.it\/app\/media\/uploads\/lezioni\/811\/index.html  target=\"_blank\" >Segui un collegamento aggiunto manuale<\/a><p>\n<style type=\"text\/css\" data-created_by=\"avia_inline_auto\" id=\"style-css-av-k3rfeqj1-e91e3e0489cc40ee4915adfd04d26a64\">\n#top .hr.hr-invisible.av-k3rfeqj1-e91e3e0489cc40ee4915adfd04d26a64{\nheight:50px;\n}\n<\/style>\n<div  class='hr av-k3rfeqj1-e91e3e0489cc40ee4915adfd04d26a64 hr-invisible  avia-builder-el-26  el_before_av_animated_numbers  avia-builder-el-first '><span class='hr-inner '><span class=\"hr-inner-style\"><\/span><\/span><\/div><br \/>\n\n<style type=\"text\/css\" data-created_by=\"avia_inline_auto\" id=\"style-css-av-ju9n2o0t-d95fe83a97fcfa513a09a79463340afc\">\n#top .avia-animated-number.av-ju9n2o0t-d95fe83a97fcfa513a09a79463340afc.av-display-circle{\nmargin:40% 0 40% 0;\n}\n#top .avia-animated-number.av-ju9n2o0t-d95fe83a97fcfa513a09a79463340afc .avia-animated-number-title{\nfont-size:40px;\n}\n.avia-animated-number.av-ju9n2o0t-d95fe83a97fcfa513a09a79463340afc .avia-animated-number-circle{\nwidth:80%;\n}\n.avia-animated-number.av-ju9n2o0t-d95fe83a97fcfa513a09a79463340afc .avia-animated-number-circle-inner{\nborder-style:none;\nbox-shadow:none;\n}\n<\/style>\n<div  class=\"avia-animated-number av-ju9n2o0t-d95fe83a97fcfa513a09a79463340afc av-force-default-color avia_animate_when_visible  avia-builder-el-27  el_after_av_hr  avia-builder-el-last  av-display-circle \" data-timer=\"3000\"><span class='avia-animated-number-circle '><span class='avia-animated-number-circle-inner'><\/span><\/span><strong class=\"heading avia-animated-number-title\"><span class=\"avia-single-number __av-single-number\" data-number_format=\"\" data-number=\"15\" data-start_from=\"0\">15<\/span><\/strong><div class=\"avia-animated-number-content\"><p>Crediti ECM<\/p>\n<\/div><\/div><\/p><\/div><div  class='hr av-d0lho-f9b6919b96a7ea17baea2d49a5ce7ebb hr-default  avia-builder-el-28  el_after_av_one_third  el_before_av_heading '><span class='hr-inner '><span class=\"hr-inner-style\"><\/span><\/span><\/div><\/p>\n\n<style type=\"text\/css\" data-created_by=\"avia_inline_auto\" id=\"style-css-av-928xik-c2fb72e17bd4701ba9ab0bd22f55a5dd\">\n#top .av-special-heading.av-928xik-c2fb72e17bd4701ba9ab0bd22f55a5dd{\npadding-bottom:10px;\n}\nbody .av-special-heading.av-928xik-c2fb72e17bd4701ba9ab0bd22f55a5dd .av-special-heading-tag .heading-char{\nfont-size:25px;\n}\n.av-special-heading.av-928xik-c2fb72e17bd4701ba9ab0bd22f55a5dd .av-subheading{\nfont-size:15px;\n}\n<\/style>\n<div  class='av-special-heading av-928xik-c2fb72e17bd4701ba9ab0bd22f55a5dd av-special-heading-h4  avia-builder-el-29  el_after_av_hr  el_before_av_two_third '><h4 class='av-special-heading-tag '  itemprop=\"headline\"  >189\u20ac per avere accesso a tutti i Corsi ECM in catalogo?<\/h4><div class=\"special-heading-border\"><div class=\"special-heading-inner-border\"><\/div><\/div><\/div>\n\n<style type=\"text\/css\" data-created_by=\"avia_inline_auto\" id=\"style-css-av-eqi5r-167342179bfa5bb25feac7d146468f0b\">\n.flex_column.av-eqi5r-167342179bfa5bb25feac7d146468f0b{\nborder-radius:0px 0px 0px 0px;\npadding:0px 0px 0px 0px;\n}\n<\/style>\n<div  class='flex_column av-eqi5r-167342179bfa5bb25feac7d146468f0b av_two_third  avia-builder-el-30  el_after_av_heading  el_before_av_one_third  first flex_column_div av-zero-column-padding  '     ><p><section  class='av_textblock_section av-jsx3alm2-37f556b80f788e89fbfe4d19a06e4372 '   itemscope=\"itemscope\" itemtype=\"https:\/\/schema.org\/BlogPosting\" itemprop=\"blogPost\" ><div class='avia_textblock'  itemprop=\"text\" ><p>&#8230;S\u00ec! Ma solo con la\u00a0<strong>GLOBAL CARD<\/strong>!<\/p>\n<p>Con un&#8217;unica spesa di soli <strong>\u20ac 189,00<\/strong> (esente iva) potrai accedere <strong>a tutti i corsi ECM FAD<\/strong> presenti nel catalogo IKOS. Troverai decine di corsi di qualit\u00e0 divisi per professione, con i quali potrai facilmente completare il tuo obbligo formativo.<\/p>\n<\/div><\/section><br \/>\n<div  class='avia-button-wrap av-jsx3bseu-e6287ed450c27b590928c2475a01e697-wrap avia-button-left  avia-builder-el-32  el_after_av_textblock  avia-builder-el-last '><a href='https:\/\/www.ikosecm.it\/global-card.php'  class='avia-button av-jsx3bseu-e6287ed450c27b590928c2475a01e697 av-link-btn avia-icon_select-no avia-size-medium avia-position-left avia-color-theme-color'  target=\"_blank\"  rel=\"noopener noreferrer\"  aria-label=\"SCOPRI DI PI\u00d9\"><span class='avia_iconbox_title' >SCOPRI DI PI\u00d9<\/span><\/a><\/div><\/p><\/div>\n\n<style type=\"text\/css\" data-created_by=\"avia_inline_auto\" id=\"style-css-av-72t07-0e3e037d189a05633ea8026437435514\">\n.flex_column.av-72t07-0e3e037d189a05633ea8026437435514{\nborder-radius:0px 0px 0px 0px;\npadding:0px 0px 0px 0px;\n}\n<\/style>\n<div  class='flex_column av-72t07-0e3e037d189a05633ea8026437435514 av_one_third  avia-builder-el-33  el_after_av_two_third  el_before_av_hr  flex_column_div av-zero-column-padding  '     ><p>\n<style type=\"text\/css\" data-created_by=\"avia_inline_auto\" id=\"style-css-av-jsx2nve0-368dde789cd0698cc8620cc8bd15609a\">\n.avia-image-container.av-jsx2nve0-368dde789cd0698cc8620cc8bd15609a img.avia_image{\nbox-shadow:none;\n}\n.avia-image-container.av-jsx2nve0-368dde789cd0698cc8620cc8bd15609a .av-image-caption-overlay-center{\ncolor:#ffffff;\n}\n<\/style>\n<div  class='avia-image-container av-jsx2nve0-368dde789cd0698cc8620cc8bd15609a av-styling- avia-align-center  avia-builder-el-34  el_before_av_hr  avia-builder-el-first '   itemprop=\"image\" itemscope=\"itemscope\" itemtype=\"https:\/\/schema.org\/ImageObject\" ><div class=\"avia-image-container-inner\"><div class=\"avia-image-overlay-wrap\"><img decoding=\"async\" fetchpriority=\"high\" class='wp-image-343 avia-img-lazy-loading-not-343 avia_image ' src=\"https:\/\/www.ikosecm.it\/ecm\/wp-content\/uploads\/2019\/03\/global-card-2019-w245.png\" alt='' title='global-card-2019-w245'  height=\"154\" width=\"245\"  itemprop=\"thumbnailUrl\"  \/><\/div><\/div><\/div><br \/>\n\n<style type=\"text\/css\" data-created_by=\"avia_inline_auto\" id=\"style-css-av-6zrsa-a7749ffc2b41ff52b7d2be4904903994\">\n#top .hr.hr-invisible.av-6zrsa-a7749ffc2b41ff52b7d2be4904903994{\nheight:50px;\n}\n<\/style>\n<div  class='hr av-6zrsa-a7749ffc2b41ff52b7d2be4904903994 hr-invisible  avia-builder-el-35  el_after_av_image  avia-builder-el-last '><span class='hr-inner '><span class=\"hr-inner-style\"><\/span><\/span><\/div><\/p><\/div>\n\n<style type=\"text\/css\" data-created_by=\"avia_inline_auto\" id=\"style-css-av-6zrsa-a7749ffc2b41ff52b7d2be4904903994\">\n#top .hr.hr-invisible.av-6zrsa-a7749ffc2b41ff52b7d2be4904903994{\nheight:50px;\n}\n<\/style>\n<div  class='hr av-6zrsa-a7749ffc2b41ff52b7d2be4904903994 hr-invisible  avia-builder-el-36  el_after_av_one_third  avia-builder-el-last '><span class='hr-inner '><span class=\"hr-inner-style\"><\/span><\/span><\/div>\n","protected":false},"excerpt":{"rendered":"<p>Il Pilates rappresenta un &#8220;metodo di allenamento\u201dsviluppato da H. J. Pilates all\u2019inizio del 1900 che trae ispirazione da antiche discipline orientali quali lo yoga e il Do-In.<\/p>\n<p>Il Pilates \u00e8 in grado di individuare i difetti di postura e di movimento e con esercizi mirati li corregge<\/p>\n","protected":false},"author":5,"featured_media":1516,"comment_status":"closed","ping_status":"open","sticky":false,"template":"","format":"standard","meta":{"footnotes":""},"categories":[25,24],"tags":[89,247,254,65,255,67,66,91,257,252,253,251,256],"class_list":["post-1500","post","type-post","status-publish","format-standard","has-post-thumbnail","hentry","category-corsi-ecm","category-in-evidenza","tag-corsi-ecm","tag-corso-ecm-ginecologi","tag-cosi-ecm-pilates","tag-crediti-ecm","tag-crediti-ecm-pilates-posturale","tag-crediti-formativi","tag-ecm","tag-ecm-fad","tag-f-a-d","tag-pilates-funzionale","tag-pilates-rieducativo","tag-pilates-terapeutico","tag-postura"],"yoast_head":"<!-- This site is optimized with the Yoast SEO plugin v25.5 - https:\/\/yoast.com\/wordpress\/plugins\/seo\/ -->\n<title>Il Pilates Terapeutico nella rieducazione posturale , dedicato agli addetti ai lavori<\/title>\n<meta name=\"description\" content=\"Il Pilates terapeutico come strumento per la rieducazione posturale dinamica. Leggi l&#039;articolo e Accedi al nuovo Corso ECM per gli addetti ai lavori\" \/>\n<meta name=\"robots\" content=\"index, follow, max-snippet:-1, max-image-preview:large, max-video-preview:-1\" \/>\n<link rel=\"canonical\" href=\"https:\/\/www.ikosecm.it\/ecm\/corsi-ecm\/il-pilates-terapeutico-nella-rieducazione-posturale\/\" \/>\n<meta property=\"og:locale\" content=\"it_IT\" \/>\n<meta property=\"og:type\" content=\"article\" \/>\n<meta property=\"og:title\" content=\"Il Pilates Terapeutico nella rieducazione posturale , dedicato agli addetti ai lavori\" \/>\n<meta property=\"og:description\" content=\"Il Pilates terapeutico come strumento per la rieducazione posturale dinamica. Leggi l&#039;articolo e Accedi al nuovo Corso ECM per gli addetti ai lavori\" \/>\n<meta property=\"og:url\" content=\"https:\/\/www.ikosecm.it\/ecm\/corsi-ecm\/il-pilates-terapeutico-nella-rieducazione-posturale\/\" \/>\n<meta property=\"og:site_name\" content=\"Ecm made easy!\" \/>\n<meta property=\"article:publisher\" content=\"https:\/\/www.facebook.com\/ikosecm\" \/>\n<meta property=\"article:published_time\" content=\"2019-12-05T14:23:32+00:00\" \/>\n<meta property=\"article:modified_time\" content=\"2019-12-11T13:51:46+00:00\" \/>\n<meta property=\"og:image\" content=\"https:\/\/www.ikosecm.it\/ecm\/wp-content\/uploads\/2019\/12\/pilates_terapeutico_5-copy.jpg\" \/>\n\t<meta property=\"og:image:width\" content=\"2816\" \/>\n\t<meta property=\"og:image:height\" content=\"1999\" \/>\n\t<meta property=\"og:image:type\" content=\"image\/jpeg\" \/>\n<meta name=\"author\" content=\"team.ikos\" \/>\n<meta name=\"twitter:card\" content=\"summary_large_image\" \/>\n<meta name=\"twitter:creator\" content=\"@ikosecm\" \/>\n<meta name=\"twitter:site\" content=\"@ikosecm\" \/>\n<meta name=\"twitter:label1\" content=\"Written by\" \/>\n\t<meta name=\"twitter:data1\" content=\"team.ikos\" \/>\n\t<meta name=\"twitter:label2\" content=\"Est. reading time\" \/>\n\t<meta name=\"twitter:data2\" content=\"16 minuti\" \/>\n<script type=\"application\/ld+json\" class=\"yoast-schema-graph\">{\"@context\":\"https:\/\/schema.org\",\"@graph\":[{\"@type\":\"Article\",\"@id\":\"https:\/\/www.ikosecm.it\/ecm\/corsi-ecm\/il-pilates-terapeutico-nella-rieducazione-posturale\/#article\",\"isPartOf\":{\"@id\":\"https:\/\/www.ikosecm.it\/ecm\/corsi-ecm\/il-pilates-terapeutico-nella-rieducazione-posturale\/\"},\"author\":{\"name\":\"team.ikos\",\"@id\":\"https:\/\/www.ikosecm.it\/ecm\/#\/schema\/person\/85d9f9abb41bc7439b463d1a75c97501\"},\"headline\":\"Il Pilates Terapeutico nella rieducazione posturale\",\"datePublished\":\"2019-12-05T14:23:32+00:00\",\"dateModified\":\"2019-12-11T13:51:46+00:00\",\"mainEntityOfPage\":{\"@id\":\"https:\/\/www.ikosecm.it\/ecm\/corsi-ecm\/il-pilates-terapeutico-nella-rieducazione-posturale\/\"},\"wordCount\":3305,\"publisher\":{\"@id\":\"https:\/\/www.ikosecm.it\/ecm\/#organization\"},\"image\":{\"@id\":\"https:\/\/www.ikosecm.it\/ecm\/corsi-ecm\/il-pilates-terapeutico-nella-rieducazione-posturale\/#primaryimage\"},\"thumbnailUrl\":\"https:\/\/www.ikosecm.it\/ecm\/wp-content\/uploads\/2019\/12\/pilates_terapeutico_5-copy.jpg\",\"keywords\":[\"corsi ecm\",\"corso ecm ginecologi\",\"cosi ecm pilates\",\"Crediti ECM\",\"crediti ecm. pilates posturale\",\"crediti formativi\",\"ECM\",\"ecm fad\",\"f a d\",\"pilates funzionale\",\"pilates rieducativo\",\"pilates terapeutico\",\"postura\"],\"articleSection\":[\"Corsi ecm\",\"In evidenza\"],\"inLanguage\":\"it-IT\"},{\"@type\":\"WebPage\",\"@id\":\"https:\/\/www.ikosecm.it\/ecm\/corsi-ecm\/il-pilates-terapeutico-nella-rieducazione-posturale\/\",\"url\":\"https:\/\/www.ikosecm.it\/ecm\/corsi-ecm\/il-pilates-terapeutico-nella-rieducazione-posturale\/\",\"name\":\"Il Pilates Terapeutico nella rieducazione posturale , dedicato agli addetti ai lavori\",\"isPartOf\":{\"@id\":\"https:\/\/www.ikosecm.it\/ecm\/#website\"},\"primaryImageOfPage\":{\"@id\":\"https:\/\/www.ikosecm.it\/ecm\/corsi-ecm\/il-pilates-terapeutico-nella-rieducazione-posturale\/#primaryimage\"},\"image\":{\"@id\":\"https:\/\/www.ikosecm.it\/ecm\/corsi-ecm\/il-pilates-terapeutico-nella-rieducazione-posturale\/#primaryimage\"},\"thumbnailUrl\":\"https:\/\/www.ikosecm.it\/ecm\/wp-content\/uploads\/2019\/12\/pilates_terapeutico_5-copy.jpg\",\"datePublished\":\"2019-12-05T14:23:32+00:00\",\"dateModified\":\"2019-12-11T13:51:46+00:00\",\"description\":\"Il Pilates terapeutico come strumento per la rieducazione posturale dinamica. Leggi l'articolo e Accedi al nuovo Corso ECM per gli addetti ai lavori\",\"breadcrumb\":{\"@id\":\"https:\/\/www.ikosecm.it\/ecm\/corsi-ecm\/il-pilates-terapeutico-nella-rieducazione-posturale\/#breadcrumb\"},\"inLanguage\":\"it-IT\",\"potentialAction\":[{\"@type\":\"ReadAction\",\"target\":[\"https:\/\/www.ikosecm.it\/ecm\/corsi-ecm\/il-pilates-terapeutico-nella-rieducazione-posturale\/\"]}]},{\"@type\":\"ImageObject\",\"inLanguage\":\"it-IT\",\"@id\":\"https:\/\/www.ikosecm.it\/ecm\/corsi-ecm\/il-pilates-terapeutico-nella-rieducazione-posturale\/#primaryimage\",\"url\":\"https:\/\/www.ikosecm.it\/ecm\/wp-content\/uploads\/2019\/12\/pilates_terapeutico_5-copy.jpg\",\"contentUrl\":\"https:\/\/www.ikosecm.it\/ecm\/wp-content\/uploads\/2019\/12\/pilates_terapeutico_5-copy.jpg\",\"width\":2816,\"height\":1999},{\"@type\":\"BreadcrumbList\",\"@id\":\"https:\/\/www.ikosecm.it\/ecm\/corsi-ecm\/il-pilates-terapeutico-nella-rieducazione-posturale\/#breadcrumb\",\"itemListElement\":[{\"@type\":\"ListItem\",\"position\":1,\"name\":\"Home\",\"item\":\"https:\/\/www.ikosecm.it\/ecm\/\"},{\"@type\":\"ListItem\",\"position\":2,\"name\":\"Il Pilates Terapeutico nella rieducazione posturale\"}]},{\"@type\":\"WebSite\",\"@id\":\"https:\/\/www.ikosecm.it\/ecm\/#website\",\"url\":\"https:\/\/www.ikosecm.it\/ecm\/\",\"name\":\"Ecm made easy!\",\"description\":\"Il blog di Ikosecm.it, approfondimenti e tematiche dal mondo Ecm.\",\"publisher\":{\"@id\":\"https:\/\/www.ikosecm.it\/ecm\/#organization\"},\"potentialAction\":[{\"@type\":\"SearchAction\",\"target\":{\"@type\":\"EntryPoint\",\"urlTemplate\":\"https:\/\/www.ikosecm.it\/ecm\/?s={search_term_string}\"},\"query-input\":{\"@type\":\"PropertyValueSpecification\",\"valueRequired\":true,\"valueName\":\"search_term_string\"}}],\"inLanguage\":\"it-IT\"},{\"@type\":\"Organization\",\"@id\":\"https:\/\/www.ikosecm.it\/ecm\/#organization\",\"name\":\"Ikos Srl\",\"url\":\"https:\/\/www.ikosecm.it\/ecm\/\",\"logo\":{\"@type\":\"ImageObject\",\"inLanguage\":\"it-IT\",\"@id\":\"https:\/\/www.ikosecm.it\/ecm\/#\/schema\/logo\/image\/\",\"url\":\"https:\/\/www.ikosecm.it\/ecm\/wp-content\/uploads\/2019\/02\/logoecm.png\",\"contentUrl\":\"https:\/\/www.ikosecm.it\/ecm\/wp-content\/uploads\/2019\/02\/logoecm.png\",\"width\":159,\"height\":71,\"caption\":\"Ikos Srl\"},\"image\":{\"@id\":\"https:\/\/www.ikosecm.it\/ecm\/#\/schema\/logo\/image\/\"},\"sameAs\":[\"https:\/\/www.facebook.com\/ikosecm\",\"https:\/\/x.com\/ikosecm\"]},{\"@type\":\"Person\",\"@id\":\"https:\/\/www.ikosecm.it\/ecm\/#\/schema\/person\/85d9f9abb41bc7439b463d1a75c97501\",\"name\":\"team.ikos\",\"image\":{\"@type\":\"ImageObject\",\"inLanguage\":\"it-IT\",\"@id\":\"https:\/\/www.ikosecm.it\/ecm\/#\/schema\/person\/image\/\",\"url\":\"https:\/\/secure.gravatar.com\/avatar\/330cca9621688d2919a9b1a9553844214aaa8f999c44055f0b6112bf2fa450b2?s=96&d=mm&r=g\",\"contentUrl\":\"https:\/\/secure.gravatar.com\/avatar\/330cca9621688d2919a9b1a9553844214aaa8f999c44055f0b6112bf2fa450b2?s=96&d=mm&r=g\",\"caption\":\"team.ikos\"},\"url\":\"https:\/\/www.ikosecm.it\/ecm\/author\/team-ikos\/\"}]}<\/script>\n<!-- \/ Yoast SEO plugin. -->","yoast_head_json":{"title":"Il Pilates Terapeutico nella rieducazione posturale , dedicato agli addetti ai lavori","description":"Il Pilates terapeutico come strumento per la rieducazione posturale dinamica. Leggi l'articolo e Accedi al nuovo Corso ECM per gli addetti ai lavori","robots":{"index":"index","follow":"follow","max-snippet":"max-snippet:-1","max-image-preview":"max-image-preview:large","max-video-preview":"max-video-preview:-1"},"canonical":"https:\/\/www.ikosecm.it\/ecm\/corsi-ecm\/il-pilates-terapeutico-nella-rieducazione-posturale\/","og_locale":"it_IT","og_type":"article","og_title":"Il Pilates Terapeutico nella rieducazione posturale , dedicato agli addetti ai lavori","og_description":"Il Pilates terapeutico come strumento per la rieducazione posturale dinamica. Leggi l'articolo e Accedi al nuovo Corso ECM per gli addetti ai lavori","og_url":"https:\/\/www.ikosecm.it\/ecm\/corsi-ecm\/il-pilates-terapeutico-nella-rieducazione-posturale\/","og_site_name":"Ecm made easy!","article_publisher":"https:\/\/www.facebook.com\/ikosecm","article_published_time":"2019-12-05T14:23:32+00:00","article_modified_time":"2019-12-11T13:51:46+00:00","og_image":[{"width":2816,"height":1999,"url":"https:\/\/www.ikosecm.it\/ecm\/wp-content\/uploads\/2019\/12\/pilates_terapeutico_5-copy.jpg","type":"image\/jpeg"}],"author":"team.ikos","twitter_card":"summary_large_image","twitter_creator":"@ikosecm","twitter_site":"@ikosecm","twitter_misc":{"Written by":"team.ikos","Est. reading time":"16 minuti"},"schema":{"@context":"https:\/\/schema.org","@graph":[{"@type":"Article","@id":"https:\/\/www.ikosecm.it\/ecm\/corsi-ecm\/il-pilates-terapeutico-nella-rieducazione-posturale\/#article","isPartOf":{"@id":"https:\/\/www.ikosecm.it\/ecm\/corsi-ecm\/il-pilates-terapeutico-nella-rieducazione-posturale\/"},"author":{"name":"team.ikos","@id":"https:\/\/www.ikosecm.it\/ecm\/#\/schema\/person\/85d9f9abb41bc7439b463d1a75c97501"},"headline":"Il Pilates Terapeutico nella rieducazione posturale","datePublished":"2019-12-05T14:23:32+00:00","dateModified":"2019-12-11T13:51:46+00:00","mainEntityOfPage":{"@id":"https:\/\/www.ikosecm.it\/ecm\/corsi-ecm\/il-pilates-terapeutico-nella-rieducazione-posturale\/"},"wordCount":3305,"publisher":{"@id":"https:\/\/www.ikosecm.it\/ecm\/#organization"},"image":{"@id":"https:\/\/www.ikosecm.it\/ecm\/corsi-ecm\/il-pilates-terapeutico-nella-rieducazione-posturale\/#primaryimage"},"thumbnailUrl":"https:\/\/www.ikosecm.it\/ecm\/wp-content\/uploads\/2019\/12\/pilates_terapeutico_5-copy.jpg","keywords":["corsi ecm","corso ecm ginecologi","cosi ecm pilates","Crediti ECM","crediti ecm. pilates posturale","crediti formativi","ECM","ecm fad","f a d","pilates funzionale","pilates rieducativo","pilates terapeutico","postura"],"articleSection":["Corsi ecm","In evidenza"],"inLanguage":"it-IT"},{"@type":"WebPage","@id":"https:\/\/www.ikosecm.it\/ecm\/corsi-ecm\/il-pilates-terapeutico-nella-rieducazione-posturale\/","url":"https:\/\/www.ikosecm.it\/ecm\/corsi-ecm\/il-pilates-terapeutico-nella-rieducazione-posturale\/","name":"Il Pilates Terapeutico nella rieducazione posturale , dedicato agli addetti ai lavori","isPartOf":{"@id":"https:\/\/www.ikosecm.it\/ecm\/#website"},"primaryImageOfPage":{"@id":"https:\/\/www.ikosecm.it\/ecm\/corsi-ecm\/il-pilates-terapeutico-nella-rieducazione-posturale\/#primaryimage"},"image":{"@id":"https:\/\/www.ikosecm.it\/ecm\/corsi-ecm\/il-pilates-terapeutico-nella-rieducazione-posturale\/#primaryimage"},"thumbnailUrl":"https:\/\/www.ikosecm.it\/ecm\/wp-content\/uploads\/2019\/12\/pilates_terapeutico_5-copy.jpg","datePublished":"2019-12-05T14:23:32+00:00","dateModified":"2019-12-11T13:51:46+00:00","description":"Il Pilates terapeutico come strumento per la rieducazione posturale dinamica. Leggi l'articolo e Accedi al nuovo Corso ECM per gli addetti ai lavori","breadcrumb":{"@id":"https:\/\/www.ikosecm.it\/ecm\/corsi-ecm\/il-pilates-terapeutico-nella-rieducazione-posturale\/#breadcrumb"},"inLanguage":"it-IT","potentialAction":[{"@type":"ReadAction","target":["https:\/\/www.ikosecm.it\/ecm\/corsi-ecm\/il-pilates-terapeutico-nella-rieducazione-posturale\/"]}]},{"@type":"ImageObject","inLanguage":"it-IT","@id":"https:\/\/www.ikosecm.it\/ecm\/corsi-ecm\/il-pilates-terapeutico-nella-rieducazione-posturale\/#primaryimage","url":"https:\/\/www.ikosecm.it\/ecm\/wp-content\/uploads\/2019\/12\/pilates_terapeutico_5-copy.jpg","contentUrl":"https:\/\/www.ikosecm.it\/ecm\/wp-content\/uploads\/2019\/12\/pilates_terapeutico_5-copy.jpg","width":2816,"height":1999},{"@type":"BreadcrumbList","@id":"https:\/\/www.ikosecm.it\/ecm\/corsi-ecm\/il-pilates-terapeutico-nella-rieducazione-posturale\/#breadcrumb","itemListElement":[{"@type":"ListItem","position":1,"name":"Home","item":"https:\/\/www.ikosecm.it\/ecm\/"},{"@type":"ListItem","position":2,"name":"Il Pilates Terapeutico nella rieducazione posturale"}]},{"@type":"WebSite","@id":"https:\/\/www.ikosecm.it\/ecm\/#website","url":"https:\/\/www.ikosecm.it\/ecm\/","name":"Ecm made easy!","description":"Il blog di Ikosecm.it, approfondimenti e tematiche dal mondo Ecm.","publisher":{"@id":"https:\/\/www.ikosecm.it\/ecm\/#organization"},"potentialAction":[{"@type":"SearchAction","target":{"@type":"EntryPoint","urlTemplate":"https:\/\/www.ikosecm.it\/ecm\/?s={search_term_string}"},"query-input":{"@type":"PropertyValueSpecification","valueRequired":true,"valueName":"search_term_string"}}],"inLanguage":"it-IT"},{"@type":"Organization","@id":"https:\/\/www.ikosecm.it\/ecm\/#organization","name":"Ikos Srl","url":"https:\/\/www.ikosecm.it\/ecm\/","logo":{"@type":"ImageObject","inLanguage":"it-IT","@id":"https:\/\/www.ikosecm.it\/ecm\/#\/schema\/logo\/image\/","url":"https:\/\/www.ikosecm.it\/ecm\/wp-content\/uploads\/2019\/02\/logoecm.png","contentUrl":"https:\/\/www.ikosecm.it\/ecm\/wp-content\/uploads\/2019\/02\/logoecm.png","width":159,"height":71,"caption":"Ikos Srl"},"image":{"@id":"https:\/\/www.ikosecm.it\/ecm\/#\/schema\/logo\/image\/"},"sameAs":["https:\/\/www.facebook.com\/ikosecm","https:\/\/x.com\/ikosecm"]},{"@type":"Person","@id":"https:\/\/www.ikosecm.it\/ecm\/#\/schema\/person\/85d9f9abb41bc7439b463d1a75c97501","name":"team.ikos","image":{"@type":"ImageObject","inLanguage":"it-IT","@id":"https:\/\/www.ikosecm.it\/ecm\/#\/schema\/person\/image\/","url":"https:\/\/secure.gravatar.com\/avatar\/330cca9621688d2919a9b1a9553844214aaa8f999c44055f0b6112bf2fa450b2?s=96&d=mm&r=g","contentUrl":"https:\/\/secure.gravatar.com\/avatar\/330cca9621688d2919a9b1a9553844214aaa8f999c44055f0b6112bf2fa450b2?s=96&d=mm&r=g","caption":"team.ikos"},"url":"https:\/\/www.ikosecm.it\/ecm\/author\/team-ikos\/"}]}},"_links":{"self":[{"href":"https:\/\/www.ikosecm.it\/ecm\/wp-json\/wp\/v2\/posts\/1500","targetHints":{"allow":["GET"]}}],"collection":[{"href":"https:\/\/www.ikosecm.it\/ecm\/wp-json\/wp\/v2\/posts"}],"about":[{"href":"https:\/\/www.ikosecm.it\/ecm\/wp-json\/wp\/v2\/types\/post"}],"author":[{"embeddable":true,"href":"https:\/\/www.ikosecm.it\/ecm\/wp-json\/wp\/v2\/users\/5"}],"replies":[{"embeddable":true,"href":"https:\/\/www.ikosecm.it\/ecm\/wp-json\/wp\/v2\/comments?post=1500"}],"version-history":[{"count":0,"href":"https:\/\/www.ikosecm.it\/ecm\/wp-json\/wp\/v2\/posts\/1500\/revisions"}],"wp:featuredmedia":[{"embeddable":true,"href":"https:\/\/www.ikosecm.it\/ecm\/wp-json\/wp\/v2\/media\/1516"}],"wp:attachment":[{"href":"https:\/\/www.ikosecm.it\/ecm\/wp-json\/wp\/v2\/media?parent=1500"}],"wp:term":[{"taxonomy":"category","embeddable":true,"href":"https:\/\/www.ikosecm.it\/ecm\/wp-json\/wp\/v2\/categories?post=1500"},{"taxonomy":"post_tag","embeddable":true,"href":"https:\/\/www.ikosecm.it\/ecm\/wp-json\/wp\/v2\/tags?post=1500"}],"curies":[{"name":"wp","href":"https:\/\/api.w.org\/{rel}","templated":true}]}}