{"id":2141,"date":"2020-04-17T16:45:52","date_gmt":"2020-04-17T14:45:52","guid":{"rendered":"https:\/\/www.ikosecm.it\/ecm\/?p=2141"},"modified":"2020-04-17T16:45:54","modified_gmt":"2020-04-17T14:45:54","slug":"i-disturbi-muscoloscheletrici-nel-mondo-del-lavoro","status":"publish","type":"post","link":"https:\/\/www.ikosecm.it\/ecm\/corsi-ecm\/i-disturbi-muscoloscheletrici-nel-mondo-del-lavoro\/","title":{"rendered":"I disturbi muscoloscheletrici nel mondo del lavoro"},"content":{"rendered":"\n<style type=\"text\/css\" data-created_by=\"avia_inline_auto\" id=\"style-css-av-9blg3u-f90c40d45e3b6ff108716ead42e5cf29\">\n.flex_column.av-9blg3u-f90c40d45e3b6ff108716ead42e5cf29{\nborder-radius:0px 0px 0px 0px;\npadding:0px 0px 0px 0px;\n}\n<\/style>\n<div  class='flex_column av-9blg3u-f90c40d45e3b6ff108716ead42e5cf29 av_one_full  avia-builder-el-0  el_before_av_one_full  avia-builder-el-first  first flex_column_div av-zero-column-padding  '     ><p>\n<style type=\"text\/css\" data-created_by=\"avia_inline_auto\" id=\"style-css-av-k94arhda-30720ea79518dafe8d8f410af894caa3\">\n#top .av-special-heading.av-k94arhda-30720ea79518dafe8d8f410af894caa3{\npadding-bottom:10px;\n}\nbody .av-special-heading.av-k94arhda-30720ea79518dafe8d8f410af894caa3 .av-special-heading-tag .heading-char{\nfont-size:25px;\n}\n.av-special-heading.av-k94arhda-30720ea79518dafe8d8f410af894caa3 .av-subheading{\nfont-size:15px;\n}\n<\/style>\n<div  class='av-special-heading av-k94arhda-30720ea79518dafe8d8f410af894caa3 av-special-heading-h2  avia-builder-el-1  el_before_av_textblock  avia-builder-el-first  av-linked-heading'><h2 class='av-special-heading-tag '  itemprop=\"headline\"  >La causa, l\u2019insorgenza e la prevenzione dei disturbi muscoloscheletrici negli ambienti di lavoro<\/h2><div class=\"special-heading-border\"><div class=\"special-heading-inner-border\"><\/div><\/div><\/div><br \/>\n<section  class='av_textblock_section av-jtaabdl7-220d74017670b3c2409564b8234ac8ca '   itemscope=\"itemscope\" itemtype=\"https:\/\/schema.org\/BlogPosting\" itemprop=\"blogPost\" ><div class='avia_textblock'  itemprop=\"text\" ><p><!--more--><\/p>\n<div class=\"page\" title=\"Page 5\">\n<div class=\"section\">\n<div class=\"layoutArea\">\n<div class=\"column\">\n<div class=\"page\" title=\"Page 5\">\n<div class=\"layoutArea\">\n<div class=\"column\">\n<div class=\"page\" title=\"Page 8\">\n<div class=\"section\">\n<div class=\"layoutArea\">\n<div class=\"column\">\n<div class=\"page\" title=\"Page 4\">\n<div class=\"section\">\n<div class=\"layoutArea\">\n<div class=\"column\">\n<div class=\"page\" title=\"Page 4\">\n<div class=\"section\">\n<div class=\"layoutArea\">\n<div class=\"column\">\n<div dir=\"ltr\">\n<div class=\"WordSection1\">\n<div class=\"page\" title=\"Page 3\">\n<div class=\"section\">\n<div class=\"layoutArea\">\n<div class=\"page\" title=\"Page 3\">\n<div class=\"section\">\n<div class=\"layoutArea\">\n<div class=\"column\">\n<div class=\"page\" title=\"Page 4\">\n<div class=\"section\">\n<div class=\"layoutArea\">\n<div class=\"column\">\n<div class=\"page\" title=\"Page 7\">\n<div class=\"section\">\n<div class=\"layoutArea\">\n<div class=\"column\">\n<p>Immaginati mente ti stai chinando.<\/p>\n<p>Un movimento consueto per raccogliere qualcosa da terra e all\u2019improvviso, come una pugnalata alle spalle, un dolore acutissimo ti blocca la schiena. Rimani pietrificato, immobile. Hai appena toccato con mano i DMS, ovvero i <strong>disturbi muscoloscheletrici.<\/strong><\/p>\n<p>Il medico ti prescrive antidolorifici e antinfiammatori. \u00c8 il famoso <em>\u201ccolpo della strega\u201d<\/em>, dirai ai tuoi colleghi quando tornerai al lavoro. Perch\u00e9 se va bene tornerai al lavoro almeno tra una settimana.<\/p>\n<p>Questa \u201cstrega\u201dsi nasconde nella vita di tutti i giorni compreso il lavoro: in edilizia, in agricoltura, nel magazzinaggio e in tante altre attivit\u00e0, come anche in ospedale quando si spostano i pazienti non autosufficienti.<\/p>\n<p><strong>Il sollevamento e il trasporto di carichi pesanti logorano la colonna vertebrale giorno dopo giorno e ne minano l\u2019integrit\u00e0.<\/strong> Cos\u00ec succede anche per le lesioni al polso, al gomito o alle spalle, a causa di movimenti e sforzi ripetuti, operando sempre allo stesso modo in tante lavorazioni. Ma anche stando a lungo nella stessa posizione, spesso in modo incongruo e disagevole, davanti a un video, in un call-center o in un ufficio.<\/p>\n<\/div>\n<\/div>\n<\/div>\n<\/div>\n<\/div>\n<\/div>\n<\/div>\n<\/div>\n<div class=\"page\" title=\"Page 3\">\n<div class=\"section\">\n<div class=\"layoutArea\">\n<div class=\"column\">\n<div class=\"page\" title=\"Page 6\">\n<div class=\"section\">\n<div class=\"layoutArea\">\n<div class=\"column\"><\/div>\n<\/div>\n<\/div>\n<\/div>\n<\/div>\n<\/div>\n<\/div>\n<\/div>\n<div class=\"page\" title=\"Page 3\">\n<div class=\"section\">\n<div class=\"layoutArea\">\n<div class=\"column\">\n<div class=\"page\" title=\"Page 4\">\n<div class=\"section\">\n<div class=\"layoutArea\">\n<div class=\"column\"><\/div>\n<\/div>\n<\/div>\n<\/div>\n<\/div>\n<\/div>\n<\/div>\n<\/div>\n<\/div>\n<\/div>\n<\/div>\n<\/div>\n<\/div>\n<\/div>\n<\/div>\n<div dir=\"ltr\">\n<div class=\"WordSection1\">\n<div class=\"page\" title=\"Page 3\">\n<div class=\"section\">\n<div class=\"layoutArea\">\n<div class=\"column\">\n<div class=\"page\" title=\"Page 4\">\n<div class=\"section\">\n<div class=\"layoutArea\">\n<div class=\"column\"><\/div>\n<\/div>\n<\/div>\n<\/div>\n<\/div>\n<\/div>\n<\/div>\n<\/div>\n<\/div>\n<\/div>\n<\/div>\n<\/div>\n<\/div>\n<\/div>\n<\/div>\n<\/div>\n<\/div>\n<div class=\"column\"><\/div>\n<\/div>\n<\/div>\n<\/div>\n<\/div>\n<\/div>\n<\/div>\n<\/div>\n<\/div>\n<\/div>\n<\/div>\n<div class=\"page\" title=\"Page 6\">\n<div class=\"section\">\n<div class=\"layoutArea\">\n<div class=\"page\" title=\"Page 6\">\n<div class=\"section\">\n<div class=\"layoutArea\">\n<div class=\"column\"><\/div>\n<\/div>\n<\/div>\n<\/div>\n<\/div>\n<\/div>\n<\/div>\n<\/div>\n<\/div>\n<\/div>\n<\/div>\n<\/div><\/section><\/p><\/div>\n\n<style type=\"text\/css\" data-created_by=\"avia_inline_auto\" id=\"style-css-av-19y77s-6da3cf55bdcfb15d84d02fa3e68fadb4\">\n.flex_column.av-19y77s-6da3cf55bdcfb15d84d02fa3e68fadb4{\nborder-radius:0px 0px 0px 0px;\npadding:0px 0px 0px 0px;\n}\n<\/style>\n<div  class='flex_column av-19y77s-6da3cf55bdcfb15d84d02fa3e68fadb4 av_one_full  avia-builder-el-3  el_after_av_one_full  el_before_av_two_third  first flex_column_div av-zero-column-padding  column-top-margin'     ><p>\n<style type=\"text\/css\" data-created_by=\"avia_inline_auto\" id=\"style-css-av-hiw8jh-d9a20a5045fb032a41e3fd5010a4959a\">\n#top .av-special-heading.av-hiw8jh-d9a20a5045fb032a41e3fd5010a4959a{\npadding-bottom:10px;\n}\nbody .av-special-heading.av-hiw8jh-d9a20a5045fb032a41e3fd5010a4959a .av-special-heading-tag .heading-char{\nfont-size:25px;\n}\n.av-special-heading.av-hiw8jh-d9a20a5045fb032a41e3fd5010a4959a .av-subheading{\nfont-size:15px;\n}\n<\/style>\n<div  class='av-special-heading av-hiw8jh-d9a20a5045fb032a41e3fd5010a4959a av-special-heading-h3  avia-builder-el-4  el_before_av_textblock  avia-builder-el-first  av-linked-heading'><h3 class='av-special-heading-tag '  itemprop=\"headline\"  >I disturbi muscoloscheletrici da sovraccarico biomeccanico (DMS)<\/h3><div class=\"special-heading-border\"><div class=\"special-heading-inner-border\"><\/div><\/div><\/div><br \/>\n<section  class='av_textblock_section av-jtaabdl7-220d74017670b3c2409564b8234ac8ca '   itemscope=\"itemscope\" itemtype=\"https:\/\/schema.org\/BlogPosting\" itemprop=\"blogPost\" ><div class='avia_textblock'  itemprop=\"text\" ><p><!--more--><\/p>\n<div class=\"page\" title=\"Page 84\">\n<div class=\"section\">\n<div class=\"layoutArea\">\n<div class=\"column\">\n<div class=\"page\" title=\"Page 9\">\n<div class=\"section\">\n<div class=\"layoutArea\">\n<div class=\"column\">\n<p>Malattie e disturbi muscoloscheletrici da sovraccarico biomeccanico (in sigla \u201cDMS\u201d) sono assai diffusi tra lavoratrici e lavoratori e costituiscono una delle principali cause di assenza per malattia in molte attivit\u00e0. Quasi il 25% dei lavoratori dell\u2019Unione europea soffre di mal di schiena e il 23% lamenta dolori muscolari. Il 62% dei lavoratori svolge operazioni ripetitive con le mani o le braccia per un quarto dell\u2019orario di lavoro; il 46% lavora in posizioni dolorose o stancanti; il 35% trasporta o movimenta carichi pesanti.<\/p>\n<div class=\"page\" title=\"Page 9\">\n<div class=\"section\">\n<div class=\"layoutArea\">\n<div class=\"column\">\n<p>In Italia, secondo alcune stime epidemiologiche, almeno cinque milioni di lavoratori svolgono abitualmente attivit\u00e0 lavorative che prevedono la movimentazione manuale di carichi. Fra questi lavoratori, i disturbi e le malattie acute e croniche della schiena sono diffusi pi\u00f9 che in altre collettivit\u00e0 di lavoro.<\/p>\n<div class=\"page\" title=\"Page 5\">\n<div class=\"section\">\n<div class=\"layoutArea\">\n<div class=\"column\">\n<p>Le denuncie in Italia riguardo queste patologie sono state numerose (rappresentano oltre il 62% di tutte le denunce), ponendo <strong>le malattie osteoarticolari come le patologie pi\u00f9 frequenti dovute all\u2019attivit\u00e0 lavorativa.<\/strong><\/p>\n<div class=\"page\" title=\"Page 6\">\n<div class=\"section\">\n<div class=\"layoutArea\">\n<div class=\"column\">\n<p>I settori di attivit\u00e0 lavorativa pi\u00f9 colpiti sono: agricoltura, trasporti, grande distribuzione. Ma la quantit\u00e0 notevole di denunce deve considerare\u00a0anche altri settori, quali ad esempio il settore\u00a0sanit\u00e0, manufatturiero o edile.<\/p>\n<h3><strong>Le conseguenze dei DMS<\/strong><\/h3>\n<\/div>\n<\/div>\n<\/div>\n<\/div>\n<\/div>\n<\/div>\n<\/div>\n<\/div>\n<div class=\"page\" title=\"Page 9\">\n<div class=\"section\">\n<div class=\"layoutArea\">\n<div class=\"column\">\n<p><strong>I DMS e le loro conseguenza sono un\u00a0fardello importante da sopportare, da un punto di vista sociale ed economico<\/strong>,<\/p>\n<ul>\n<li>per i lavoratori, ai quali procurano sofferenza personale e possibile riduzione di reddito;<\/li>\n<li>per i datori di lavoro, perch\u00e9 riducono l\u2019efficienza aziendale<\/li>\n<li>per il Paese, perch\u00e9 incidono sulla spesa sanitaria e previdenziale.<\/li>\n<\/ul>\n<div class=\"page\" title=\"Page 9\">\n<div class=\"section\">\n<div class=\"layoutArea\">\n<div class=\"column\">\n<p><strong>Ma i DMS non sono un rischio inevitabile. <\/strong><\/p>\n<p>I datori di lavoro e gli stessi lavoratori possono contribuire a prevenire o comunque a ridurre in buona parte molti di questi problemi applicando ed osservando le norme vigenti in materia di salute e sicurezza e seguendo le indicazioni e le soluzioni disponibili per prassi lavorative corrette che evitino questi rischi. Esistono infatti azioni specifiche da intraprendere per affrontare i DMS in maniera efficace.<\/p>\n<\/div>\n<\/div>\n<\/div>\n<\/div>\n<\/div>\n<\/div>\n<\/div>\n<\/div>\n<\/div>\n<\/div>\n<\/div>\n<\/div>\n<\/div>\n<\/div>\n<\/div>\n<\/div>\n<div class=\"page\" title=\"Page 85\">\n<div class=\"section\">\n<div class=\"layoutArea\">\n<div class=\"column\"><\/div>\n<\/div>\n<\/div>\n<\/div>\n<\/div>\n<\/div>\n<\/div>\n<\/div>\n<div class=\"page\" title=\"Page 5\">\n<div class=\"section\">\n<div class=\"layoutArea\">\n<div class=\"column\">\n<div class=\"page\" title=\"Page 5\">\n<div class=\"layoutArea\">\n<div class=\"column\">\n<div class=\"page\" title=\"Page 8\">\n<div class=\"section\">\n<div class=\"layoutArea\">\n<div class=\"column\">\n<div class=\"page\" title=\"Page 4\">\n<div class=\"section\">\n<div class=\"layoutArea\">\n<div class=\"column\"><\/div>\n<\/div>\n<\/div>\n<\/div>\n<\/div>\n<\/div>\n<\/div>\n<\/div>\n<\/div>\n<\/div>\n<\/div>\n<div class=\"page\" title=\"Page 6\">\n<div class=\"section\">\n<div class=\"layoutArea\">\n<div class=\"page\" title=\"Page 6\">\n<div class=\"section\">\n<div class=\"layoutArea\">\n<div class=\"column\"><\/div>\n<\/div>\n<\/div>\n<\/div>\n<\/div>\n<\/div>\n<\/div>\n<\/div>\n<\/div>\n<\/div>\n<\/div>\n<\/div><\/section><br \/>\n\n<style type=\"text\/css\" data-created_by=\"avia_inline_auto\" id=\"style-css-av-k8jzee70-eb972a9441f3fe74b0c6fb5386c67c54\">\n#top .hr.hr-invisible.av-k8jzee70-eb972a9441f3fe74b0c6fb5386c67c54{\nheight:50px;\n}\n<\/style>\n<div  class='hr av-k8jzee70-eb972a9441f3fe74b0c6fb5386c67c54 hr-invisible  avia-builder-el-6  el_after_av_textblock  el_before_av_image '><span class='hr-inner '><span class=\"hr-inner-style\"><\/span><\/span><\/div><br \/>\n\n<style type=\"text\/css\" data-created_by=\"avia_inline_auto\" id=\"style-css-av-jw0pkg1e-a39e9923b733ec98e0059887723353d4\">\n.avia-image-container.av-jw0pkg1e-a39e9923b733ec98e0059887723353d4 img.avia_image{\nbox-shadow:none;\n}\n.avia-image-container.av-jw0pkg1e-a39e9923b733ec98e0059887723353d4 .av-caption-image-overlay-bg{\nopacity:0.4;\nbackground-color:#000000;\n}\n.avia-image-container.av-jw0pkg1e-a39e9923b733ec98e0059887723353d4 .av-image-caption-overlay-center{\ncolor:#ffffff;\n}\n<\/style>\n<div  class='avia-image-container av-jw0pkg1e-a39e9923b733ec98e0059887723353d4 av-styling- avia-align-center  avia-builder-el-7  el_after_av_hr  el_before_av_heading  noHover av-overlay-hover-deactivate av-has-copyright av-copyright-always'   itemprop=\"image\" itemscope=\"itemscope\" itemtype=\"https:\/\/schema.org\/ImageObject\" ><div class=\"avia-image-container-inner\"><div class=\"avia-image-overlay-wrap\"><div class=\"av-image-caption-overlay\"><div class=\"av-caption-image-overlay-bg\"><\/div><div class=\"av-image-caption-overlay-position\"><div class=\"av-image-caption-overlay-center\"><\/div><\/div><\/div><img decoding=\"async\" fetchpriority=\"high\" class='wp-image-2150 avia-img-lazy-loading-not-2150 avia_image ' src=\"https:\/\/www.ikosecm.it\/ecm\/wp-content\/uploads\/2020\/04\/disturbi-muscoloscheletrici-nel-mondo-del-lavoro-1030x687.jpg\" alt='' title='disturbi muscoloscheletrici nel mondo del lavoro'  height=\"687\" width=\"1030\"  itemprop=\"thumbnailUrl\" srcset=\"https:\/\/www.ikosecm.it\/ecm\/wp-content\/uploads\/2020\/04\/disturbi-muscoloscheletrici-nel-mondo-del-lavoro-1030x687.jpg 1030w, https:\/\/www.ikosecm.it\/ecm\/wp-content\/uploads\/2020\/04\/disturbi-muscoloscheletrici-nel-mondo-del-lavoro-300x200.jpg 300w, https:\/\/www.ikosecm.it\/ecm\/wp-content\/uploads\/2020\/04\/disturbi-muscoloscheletrici-nel-mondo-del-lavoro-768x512.jpg 768w, https:\/\/www.ikosecm.it\/ecm\/wp-content\/uploads\/2020\/04\/disturbi-muscoloscheletrici-nel-mondo-del-lavoro-1536x1024.jpg 1536w, https:\/\/www.ikosecm.it\/ecm\/wp-content\/uploads\/2020\/04\/disturbi-muscoloscheletrici-nel-mondo-del-lavoro-1500x1000.jpg 1500w, https:\/\/www.ikosecm.it\/ecm\/wp-content\/uploads\/2020\/04\/disturbi-muscoloscheletrici-nel-mondo-del-lavoro-705x470.jpg 705w, https:\/\/www.ikosecm.it\/ecm\/wp-content\/uploads\/2020\/04\/disturbi-muscoloscheletrici-nel-mondo-del-lavoro.jpg 1980w\" sizes=\"(max-width: 1030px) 100vw, 1030px\" \/><\/div><small class=\"avia-copyright\">Unsplash<\/small><\/div><\/div><br \/>\n\n<style type=\"text\/css\" data-created_by=\"avia_inline_auto\" id=\"style-css-av-gddw8t-847edb6c07ee4b219af12b92e827a886\">\n#top .av-special-heading.av-gddw8t-847edb6c07ee4b219af12b92e827a886{\npadding-bottom:10px;\n}\nbody .av-special-heading.av-gddw8t-847edb6c07ee4b219af12b92e827a886 .av-special-heading-tag .heading-char{\nfont-size:25px;\n}\n.av-special-heading.av-gddw8t-847edb6c07ee4b219af12b92e827a886 .av-subheading{\nfont-size:15px;\n}\n<\/style>\n<div  class='av-special-heading av-gddw8t-847edb6c07ee4b219af12b92e827a886 av-special-heading-h3  avia-builder-el-8  el_after_av_image  el_before_av_textblock  av-linked-heading'><h3 class='av-special-heading-tag '  itemprop=\"headline\"  >Le possibili azioni da seguire per prevenire le DMS<\/h3><div class=\"special-heading-border\"><div class=\"special-heading-inner-border\"><\/div><\/div><\/div><br \/>\n<section  class='av_textblock_section av-jtaabdl7-220d74017670b3c2409564b8234ac8ca '   itemscope=\"itemscope\" itemtype=\"https:\/\/schema.org\/BlogPosting\" itemprop=\"blogPost\" ><div class='avia_textblock'  itemprop=\"text\" ><p><!--more--><\/p>\n<div class=\"page\" title=\"Page 5\">\n<div class=\"section\">\n<div class=\"layoutArea\">\n<div class=\"column\">\n<div class=\"page\" title=\"Page 5\">\n<div class=\"layoutArea\">\n<div class=\"column\">\n<div class=\"page\" title=\"Page 8\">\n<div class=\"section\">\n<div class=\"layoutArea\">\n<div class=\"column\">\n<div class=\"page\" title=\"Page 4\">\n<div class=\"section\">\n<div class=\"layoutArea\">\n<div class=\"column\">\n<div class=\"page\" title=\"Page 4\">\n<div class=\"section\">\n<div class=\"layoutArea\">\n<div class=\"column\">\n<div dir=\"ltr\">\n<div class=\"WordSection1\">\n<div class=\"page\" title=\"Page 3\">\n<div class=\"section\">\n<div class=\"layoutArea\">\n<div class=\"page\" title=\"Page 3\">\n<div class=\"section\">\n<div class=\"layoutArea\">\n<div class=\"column\">\n<div class=\"page\" title=\"Page 3\">\n<div class=\"section\">\n<div class=\"layoutArea\">\n<div class=\"column\">\n<div class=\"page\" title=\"Page 4\">\n<div class=\"section\">\n<div class=\"layoutArea\">\n<div class=\"page\" title=\"Page 7\">\n<div class=\"section\">\n<div class=\"layoutArea\">\n<div class=\"page\" title=\"Page 8\">\n<div class=\"section\">\n<div class=\"layoutArea\">\n<div class=\"column\">\n<div class=\"page\" title=\"Page 9\">\n<div class=\"section\">\n<div class=\"layoutArea\">\n<div class=\"page\" title=\"Page 9\">\n<div class=\"section\">\n<div class=\"layoutArea\">\n<div class=\"column\">\n<div class=\"page\" title=\"Page 2\">\n<div class=\"section\">\n<div class=\"layoutArea\">\n<div class=\"column\">\n<div class=\"page\" title=\"Page 2\">\n<div class=\"section\">\n<div class=\"layoutArea\">\n<div class=\"column\">\n<div class=\"page\" title=\"Page 86\">\n<div class=\"section\">\n<div class=\"layoutArea\">\n<div class=\"column\">\n<div class=\"page\" title=\"Page 10\">\n<div class=\"layoutArea\">\n<div class=\"column\">\n<p>Affinch\u00e9 si possano prevenire e di conseguenza diminuire l&#8217;incidenza delle DMS sui luoghi di lavoro, \u00e8 necessario:<\/p>\n<ul>\n<li>in primo luogo, che i singoli datori di lavoro, i lavoratori, le parti sociali e le istituzioni collaborino per risolvere il problema;<\/li>\n<li>in secondo luogo, che gli interventi programmati a tal fine tengano in considerazione \u201cl\u2019intero carico esercitato sul corpo\u201d, vale a dire tutte le forme di tensione a cui \u00e8 sottoposto il corpo, oltre che i carichi trasportati. Possono contribuire, infatti, all\u2019insorgenza dei DMS anche il ritmo di lavoro, un ambiente di lavoro freddo, le difficolt\u00e0 d\u2019interazione con le macchine o gli strumenti di lavoro, ecc.;<\/li>\n<li>infine, se i processi lavorativi lo consentono, che i datori di lavoro si impegnino a reinserire i lavoratori affetti da queste patologie in mansioni adeguate.<\/li>\n<\/ul>\n<p>Tutto ci\u00f2 \u00e8 un richiamo, dunque, all\u2019attenzione sulla responsabilit\u00e0 di adottare azioni preventive da parte dei datori di lavoro, dei lavoratori, dei rappresentanti della sicurezza e delle strutture pubbliche competenti. I datori di lavoro devono impegnarsi concretamente a favore della salute e della sicurezza, adottando tutte le azioni praticabili per prevenire o, quanto meno, ridurre i rischi di patologie muscoloscheletriche. E tutto ci\u00f2 nel loro stesso interesse: una buona gestione della sicurezza, infatti, fa bene all\u2019azienda ed \u00e8 indice di un\u2019organizzazione gestita in maniera efficiente.<\/p>\n<p>Inoltre il coinvolgimento e la partecipazione dei lavoratori nelle questioni relative ai rischi sul luogo di lavoro \u00e8 fondamentale, poich\u00e9 sono loro a conoscere il luogo di lavoro meglio di chiun- que altro. I lavoratori devono essere informati sui DMS e formati sulle azioni preventive che consentano loro di operare evitando pericoli e rischi specifici.<\/p>\n<\/div>\n<\/div>\n<\/div>\n<\/div>\n<\/div>\n<\/div>\n<\/div>\n<\/div>\n<\/div>\n<\/div>\n<\/div>\n<\/div>\n<\/div>\n<\/div>\n<\/div>\n<\/div>\n<\/div>\n<\/div>\n<\/div>\n<\/div>\n<\/div>\n<\/div>\n<\/div>\n<\/div>\n<\/div>\n<\/div>\n<\/div>\n<\/div>\n<\/div>\n<\/div>\n<\/div>\n<\/div>\n<\/div>\n<\/div>\n<\/div>\n<\/div>\n<\/div>\n<\/div>\n<\/div>\n<\/div>\n<\/div>\n<\/div>\n<\/div>\n<div dir=\"ltr\">\n<div class=\"WordSection1\">\n<div class=\"page\" title=\"Page 3\">\n<div class=\"section\">\n<div class=\"layoutArea\">\n<div class=\"column\">\n<div class=\"page\" title=\"Page 4\">\n<div class=\"section\">\n<div class=\"layoutArea\">\n<div class=\"column\">\n<div class=\"page\" title=\"Page 4\">\n<div class=\"section\">\n<div class=\"layoutArea\">\n<div class=\"column\">\n<div class=\"page\" title=\"Page 4\">\n<div class=\"section\">\n<div class=\"layoutArea\">\n<div class=\"column\">\n<div class=\"page\" title=\"Page 7\">\n<div class=\"section\">\n<div class=\"layoutArea\">\n<div class=\"column\">\n<div class=\"page\" title=\"Page 7\">\n<div class=\"section\">\n<div class=\"layoutArea\">\n<div class=\"column\">\n<div class=\"page\" title=\"Page 8\">\n<div class=\"section\">\n<div class=\"layoutArea\">\n<div class=\"column\">\n<div class=\"page\" title=\"Page 3\">\n<div class=\"section\">\n<div class=\"layoutArea\">\n<div class=\"column\">\n<div class=\"page\" title=\"Page 4\">\n<div class=\"section\">\n<div class=\"layoutArea\">\n<div class=\"column\"><\/div>\n<\/div>\n<\/div>\n<\/div>\n<\/div>\n<\/div>\n<\/div>\n<\/div>\n<\/div>\n<\/div>\n<\/div>\n<\/div>\n<\/div>\n<\/div>\n<\/div>\n<\/div>\n<\/div>\n<\/div>\n<\/div>\n<\/div>\n<\/div>\n<\/div>\n<\/div>\n<\/div>\n<\/div>\n<\/div>\n<\/div>\n<\/div>\n<\/div>\n<\/div>\n<\/div>\n<\/div>\n<\/div>\n<\/div>\n<\/div>\n<\/div>\n<\/div>\n<\/div>\n<\/div>\n<\/div>\n<\/div>\n<\/div>\n<\/div>\n<\/div>\n<\/div>\n<div class=\"column\"><\/div>\n<\/div>\n<\/div>\n<\/div>\n<\/div>\n<\/div>\n<\/div>\n<\/div>\n<\/div>\n<\/div>\n<\/div>\n<div class=\"page\" title=\"Page 6\">\n<div class=\"section\">\n<div class=\"layoutArea\">\n<div class=\"page\" title=\"Page 6\">\n<div class=\"section\">\n<div class=\"layoutArea\">\n<div class=\"column\"><\/div>\n<\/div>\n<\/div>\n<\/div>\n<\/div>\n<\/div>\n<\/div>\n<\/div>\n<\/div>\n<\/div>\n<\/div>\n<\/div><\/section><br \/>\n\n<style type=\"text\/css\" data-created_by=\"avia_inline_auto\" id=\"style-css-av-jw0pkg1e-1eeb50603bb14aa30d3530d5dfa5cd76\">\n.avia-image-container.av-jw0pkg1e-1eeb50603bb14aa30d3530d5dfa5cd76 img.avia_image{\nbox-shadow:none;\n}\n.avia-image-container.av-jw0pkg1e-1eeb50603bb14aa30d3530d5dfa5cd76 .av-caption-image-overlay-bg{\nopacity:0.4;\nbackground-color:#000000;\n}\n.avia-image-container.av-jw0pkg1e-1eeb50603bb14aa30d3530d5dfa5cd76 .av-image-caption-overlay-center{\ncolor:#ffffff;\n}\n<\/style>\n<div  class='avia-image-container av-jw0pkg1e-1eeb50603bb14aa30d3530d5dfa5cd76 av-styling- avia-align-center  avia-builder-el-10  el_after_av_textblock  avia-builder-el-last  noHover av-overlay-hover-deactivate av-has-copyright av-copyright-always'   itemprop=\"image\" itemscope=\"itemscope\" itemtype=\"https:\/\/schema.org\/ImageObject\" ><div class=\"avia-image-container-inner\"><div class=\"avia-image-overlay-wrap\"><div class=\"av-image-caption-overlay\"><div class=\"av-caption-image-overlay-bg\"><\/div><div class=\"av-image-caption-overlay-position\"><div class=\"av-image-caption-overlay-center\"><\/div><\/div><\/div><img decoding=\"async\" fetchpriority=\"high\" class='wp-image-2151 avia-img-lazy-loading-not-2151 avia_image ' src=\"https:\/\/www.ikosecm.it\/ecm\/wp-content\/uploads\/2020\/04\/disturbi-muscoloscheletrici-nel-mondo-del-lavoro_2-1030x632.jpg\" alt='' title='disturbi muscoloscheletrici nel mondo del lavoro_2'  height=\"632\" width=\"1030\"  itemprop=\"thumbnailUrl\" srcset=\"https:\/\/www.ikosecm.it\/ecm\/wp-content\/uploads\/2020\/04\/disturbi-muscoloscheletrici-nel-mondo-del-lavoro_2-1030x632.jpg 1030w, https:\/\/www.ikosecm.it\/ecm\/wp-content\/uploads\/2020\/04\/disturbi-muscoloscheletrici-nel-mondo-del-lavoro_2-300x184.jpg 300w, https:\/\/www.ikosecm.it\/ecm\/wp-content\/uploads\/2020\/04\/disturbi-muscoloscheletrici-nel-mondo-del-lavoro_2-768x471.jpg 768w, https:\/\/www.ikosecm.it\/ecm\/wp-content\/uploads\/2020\/04\/disturbi-muscoloscheletrici-nel-mondo-del-lavoro_2-1536x943.jpg 1536w, https:\/\/www.ikosecm.it\/ecm\/wp-content\/uploads\/2020\/04\/disturbi-muscoloscheletrici-nel-mondo-del-lavoro_2-1500x920.jpg 1500w, https:\/\/www.ikosecm.it\/ecm\/wp-content\/uploads\/2020\/04\/disturbi-muscoloscheletrici-nel-mondo-del-lavoro_2-705x433.jpg 705w, https:\/\/www.ikosecm.it\/ecm\/wp-content\/uploads\/2020\/04\/disturbi-muscoloscheletrici-nel-mondo-del-lavoro_2.jpg 1980w\" sizes=\"(max-width: 1030px) 100vw, 1030px\" \/><\/div><small class=\"avia-copyright\">Unsplash<\/small><\/div><\/div><\/p><\/div>\n\n<style type=\"text\/css\" data-created_by=\"avia_inline_auto\" id=\"style-css-av-19y77s-6da3cf55bdcfb15d84d02fa3e68fadb4\">\n.flex_column.av-19y77s-6da3cf55bdcfb15d84d02fa3e68fadb4{\nborder-radius:0px 0px 0px 0px;\npadding:0px 0px 0px 0px;\n}\n<\/style>\n<div  class='flex_column av-19y77s-6da3cf55bdcfb15d84d02fa3e68fadb4 av_two_third  avia-builder-el-11  el_after_av_one_full  el_before_av_one_third  first flex_column_div av-zero-column-padding  column-top-margin'     ><p>\n<style type=\"text\/css\" data-created_by=\"avia_inline_auto\" id=\"style-css-av-ero4v1-cf9519ac15aad2ff3932187233aaa51b\">\n#top .av-special-heading.av-ero4v1-cf9519ac15aad2ff3932187233aaa51b{\npadding-bottom:10px;\n}\nbody .av-special-heading.av-ero4v1-cf9519ac15aad2ff3932187233aaa51b .av-special-heading-tag .heading-char{\nfont-size:25px;\n}\n.av-special-heading.av-ero4v1-cf9519ac15aad2ff3932187233aaa51b .av-subheading{\nfont-size:15px;\n}\n<\/style>\n<div  class='av-special-heading av-ero4v1-cf9519ac15aad2ff3932187233aaa51b av-special-heading-h3  avia-builder-el-12  el_before_av_textblock  avia-builder-el-first  av-linked-heading'><h3 class='av-special-heading-tag '  itemprop=\"headline\"  >E la Legislazione?<\/h3><div class=\"special-heading-border\"><div class=\"special-heading-inner-border\"><\/div><\/div><\/div><br \/>\n<section  class='av_textblock_section av-jtaabdl7-220d74017670b3c2409564b8234ac8ca '   itemscope=\"itemscope\" itemtype=\"https:\/\/schema.org\/BlogPosting\" itemprop=\"blogPost\" ><div class='avia_textblock'  itemprop=\"text\" ><p><!--more--><\/p>\n<div class=\"page\" title=\"Page 9\">\n<div class=\"layoutArea\">\n<div class=\"column\">\n<div class=\"page\" title=\"Page 2\">\n<div class=\"section\">\n<div class=\"layoutArea\">\n<div class=\"column\">\n<div class=\"page\" title=\"Page 15\">\n<div class=\"section\">\n<div class=\"layoutArea\">\n<div class=\"column\">\n<div class=\"page\" title=\"Page 23\">\n<div class=\"section\">\n<div class=\"layoutArea\">\n<div class=\"column\">\n<div class=\"page\" title=\"Page 23\">\n<div class=\"section\">\n<div class=\"layoutArea\">\n<div class=\"column\">\n<div class=\"page\" title=\"Page 17\">\n<div class=\"section\">\n<div class=\"layoutArea\">\n<div class=\"page\" title=\"Page 31\">\n<div class=\"page\" title=\"Page 8\">\n<div class=\"section\">\n<div class=\"layoutArea\">\n<div class=\"column\">\n<div class=\"page\" title=\"Page 6\">\n<div class=\"section\">\n<div class=\"layoutArea\">\n<div class=\"page\" title=\"Page 5\">\n<div class=\"section\">\n<div class=\"layoutArea\">\n<div class=\"column\">\n<div class=\"page\" title=\"Page 6\">\n<div class=\"section\">\n<div class=\"layoutArea\">\n<div class=\"column\">\n<div class=\"page\" title=\"Page 7\">\n<div class=\"section\">\n<div class=\"layoutArea\">\n<div class=\"column\">\n<div class=\"page\" title=\"Page 8\">\n<div class=\"section\">\n<div class=\"layoutArea\">\n<div class=\"column\">\n<div class=\"page\" title=\"Page 9\">\n<div class=\"section\">\n<div class=\"layoutArea\">\n<div class=\"column\">\n<div class=\"page\" title=\"Page 11\">\n<div class=\"section\">\n<div class=\"layoutArea\">\n<div class=\"column\">\n<div class=\"page\" title=\"Page 2\">\n<div class=\"section\">\n<div class=\"layoutArea\">\n<div class=\"column\">\n<div class=\"page\" title=\"Page 87\">\n<div class=\"section\">\n<div class=\"layoutArea\">\n<div class=\"column\">\n<p>A livello europeo sono presenti vari obblighi di legge riguardanti, direttamente o indirettamente, la <strong>prevenzione dei disturbi muscoloscheletrici<\/strong>. Tali obblighi sono definiti da specifiche direttive emanate dall\u2019Unione Europea al fine di garantire nei paesi membri il miglioramento della sicurezza e della salute dei lavoratori durante il lavoro.<\/p>\n<p>In Italia il provvedimento con il quale sono state attuate la maggior parte di tali direttive \u00e8 il Decreto Legislativo 626\/94, abrogato e sostituito dal Decreto Legislativo 81\/08 e s.m.i. .<\/p>\n<div class=\"page\" title=\"Page 11\">\n<div class=\"section\">\n<div class=\"layoutArea\">\n<div class=\"column\">\n<p>Tale decreto definisce il \u201c<em>sistema di gestione del lavoro in sicurezza\u201d<\/em> che deve essere adottato in ogni luogo di lavoro in cui vi sia anche un solo lavoratore dipendente. Tra le pi\u00f9 significative disposizioni c\u2019\u00e8 <strong>il richiamo alle condizioni ergonomiche del lavoro<\/strong> affinch\u00e9, fin dalle fasi di progettazione delle attivit\u00e0, il lavoro, la mansione e i compiti lavorativi siano adattati all\u2019uomo e non viceversa.<\/p>\n<h3>I &#8220;compiti&#8221; del datore di lavoro<\/h3>\n<p>Il datore di lavoro deve quindi:<\/p>\n<div class=\"page\" title=\"Page 11\">\n<div class=\"section\">\n<div class=\"layoutArea\">\n<div class=\"column\">\n<ul>\n<li>effettuare la valutazione di tutti i rischi presenti, inclusi ovviamente i fattori di rischio organizzativi e psicosociali;<\/li>\n<li>adottare misure per eliminare i rischi riscontrati e, nel caso questo non sia possibile, contenerli attraverso la meccanizzazione dei processi, l\u2019organizzazione del lavoro, ecc.;<\/li>\n<li>fornire ai lavoratori addetti a tali attivit\u00e0 informazioni circa il sistema di sicurezza aziendale adottato e la formazione specifica circa i rischi connessi alla mansione svolta;<\/li>\n<li>sottoporre a sorveglianza sanitaria i lavoratori addetti, che consiste in accertamenti preventivi e periodici effettuati dal medico competente aziendale.<\/li>\n<\/ul>\n<\/div>\n<\/div>\n<\/div>\n<\/div>\n<\/div>\n<\/div>\n<\/div>\n<\/div>\n<\/div>\n<\/div>\n<\/div>\n<\/div>\n<div class=\"page\" title=\"Page 3\">\n<div class=\"section\">\n<div class=\"layoutArea\">\n<div class=\"column\">\n<div class=\"page\" title=\"Page 4\">\n<div class=\"section\">\n<div class=\"layoutArea\">\n<div class=\"column\"><\/div>\n<\/div>\n<\/div>\n<\/div>\n<\/div>\n<\/div>\n<\/div>\n<\/div>\n<\/div>\n<\/div>\n<\/div>\n<\/div>\n<div class=\"page\" title=\"Page 11\">\n<div class=\"section\">\n<div class=\"layoutArea\">\n<div class=\"column\">\n<div class=\"page\" title=\"Page 12\">\n<div class=\"section\">\n<div class=\"layoutArea\">\n<div class=\"column\"><\/div>\n<\/div>\n<\/div>\n<\/div>\n<\/div>\n<\/div>\n<\/div>\n<\/div>\n<\/div>\n<\/div>\n<\/div>\n<\/div>\n<\/div>\n<\/div>\n<\/div>\n<\/div>\n<\/div>\n<\/div>\n<\/div>\n<\/div>\n<\/div>\n<\/div>\n<\/div>\n<\/div>\n<\/div>\n<\/div>\n<\/div>\n<\/div>\n<\/div>\n<\/div>\n<\/div>\n<\/div>\n<\/div>\n<\/div>\n<\/div>\n<\/div>\n<\/div>\n<\/div>\n<\/div>\n<\/div>\n<\/div>\n<\/div>\n<\/div>\n<\/div>\n<\/div>\n<\/div>\n<\/div>\n<\/div>\n<\/div>\n<\/div>\n<\/div>\n<\/div>\n<\/div>\n<\/div>\n<\/div>\n<\/div>\n<\/div>\n<\/div>\n<\/div>\n<\/div>\n<\/div>\n<\/div>\n<div class=\"page\" title=\"Page 5\">\n<div class=\"section\">\n<div class=\"layoutArea\">\n<div class=\"column\">\n<div class=\"page\" title=\"Page 6\">\n<div class=\"section\">\n<div class=\"layoutArea\">\n<div class=\"page\" title=\"Page 6\">\n<div class=\"section\">\n<div class=\"layoutArea\">\n<div class=\"column\"><\/div>\n<\/div>\n<\/div>\n<\/div>\n<\/div>\n<\/div>\n<\/div>\n<\/div>\n<\/div>\n<\/div>\n<\/div>\n<\/div><\/section><\/p><\/div>\n\n<style type=\"text\/css\" data-created_by=\"avia_inline_auto\" id=\"style-css-av-19y77s-2fd586861b2a83d03c22226a6e79d03e\">\n.flex_column.av-19y77s-2fd586861b2a83d03c22226a6e79d03e{\nborder-radius:0px 0px 0px 0px;\npadding:0px 0px 0px 0px;\n}\n<\/style>\n<div  class='flex_column av-19y77s-2fd586861b2a83d03c22226a6e79d03e av_one_third  avia-builder-el-14  el_after_av_two_third  el_before_av_heading  flex_column_div av-zero-column-padding  column-top-margin'     ><style type=\"text\/css\" data-created_by=\"avia_inline_auto\" id=\"style-css-av-k7ykb0dj-65852558174e78318052343935b88c65\">\n.avia-image-container.av-k7ykb0dj-65852558174e78318052343935b88c65 img.avia_image{\nbox-shadow:none;\n}\n.avia-image-container.av-k7ykb0dj-65852558174e78318052343935b88c65 .av-image-caption-overlay-center{\ncolor:#ffffff;\n}\n<\/style>\n<div  class='avia-image-container av-k7ykb0dj-65852558174e78318052343935b88c65 av-styling- avia-align-center  avia-builder-el-15  avia-builder-el-no-sibling '   itemprop=\"image\" itemscope=\"itemscope\" itemtype=\"https:\/\/schema.org\/ImageObject\" ><div class=\"avia-image-container-inner\"><div class=\"avia-image-overlay-wrap\"><img decoding=\"async\" fetchpriority=\"high\" class='wp-image-2155 avia-img-lazy-loading-not-2155 avia_image ' src=\"https:\/\/www.ikosecm.it\/ecm\/wp-content\/uploads\/2020\/04\/infortunio-sul-lavoro-576x1030.jpg\" alt='' title='infortunio sul lavoro'  height=\"1030\" width=\"576\"  itemprop=\"thumbnailUrl\" srcset=\"https:\/\/www.ikosecm.it\/ecm\/wp-content\/uploads\/2020\/04\/infortunio-sul-lavoro-576x1030.jpg 576w, https:\/\/www.ikosecm.it\/ecm\/wp-content\/uploads\/2020\/04\/infortunio-sul-lavoro-168x300.jpg 168w, https:\/\/www.ikosecm.it\/ecm\/wp-content\/uploads\/2020\/04\/infortunio-sul-lavoro-768x1374.jpg 768w, https:\/\/www.ikosecm.it\/ecm\/wp-content\/uploads\/2020\/04\/infortunio-sul-lavoro-859x1536.jpg 859w, https:\/\/www.ikosecm.it\/ecm\/wp-content\/uploads\/2020\/04\/infortunio-sul-lavoro-839x1500.jpg 839w, https:\/\/www.ikosecm.it\/ecm\/wp-content\/uploads\/2020\/04\/infortunio-sul-lavoro-394x705.jpg 394w, https:\/\/www.ikosecm.it\/ecm\/wp-content\/uploads\/2020\/04\/infortunio-sul-lavoro.jpg 1107w\" sizes=\"(max-width: 576px) 100vw, 576px\" \/><\/div><\/div><\/div><\/div>\n\n<style type=\"text\/css\" data-created_by=\"avia_inline_auto\" id=\"style-css-av-bz53d9-e497c9e6ec9cd0f02f4fc0da822e7373\">\n#top .av-special-heading.av-bz53d9-e497c9e6ec9cd0f02f4fc0da822e7373{\npadding-bottom:10px;\n}\nbody .av-special-heading.av-bz53d9-e497c9e6ec9cd0f02f4fc0da822e7373 .av-special-heading-tag .heading-char{\nfont-size:25px;\n}\n.av-special-heading.av-bz53d9-e497c9e6ec9cd0f02f4fc0da822e7373 .av-subheading{\nfont-size:15px;\n}\n<\/style>\n<div  class='av-special-heading av-bz53d9-e497c9e6ec9cd0f02f4fc0da822e7373 av-special-heading-h3  avia-builder-el-16  el_after_av_one_third  el_before_av_one_full  av-linked-heading'><h3 class='av-special-heading-tag '  itemprop=\"headline\"  >Le principali patologie e disturbi muscoloscheletrici<\/h3><div class=\"special-heading-border\"><div class=\"special-heading-inner-border\"><\/div><\/div><\/div>\n\n<style type=\"text\/css\" data-created_by=\"avia_inline_auto\" id=\"style-css-av-19y77s-6da3cf55bdcfb15d84d02fa3e68fadb4\">\n.flex_column.av-19y77s-6da3cf55bdcfb15d84d02fa3e68fadb4{\nborder-radius:0px 0px 0px 0px;\npadding:0px 0px 0px 0px;\n}\n<\/style>\n<div  class='flex_column av-19y77s-6da3cf55bdcfb15d84d02fa3e68fadb4 av_one_full  avia-builder-el-17  el_after_av_heading  el_before_av_one_full  first flex_column_div av-zero-column-padding  '     ><section  class='av_textblock_section av-jtaabdl7-220d74017670b3c2409564b8234ac8ca '   itemscope=\"itemscope\" itemtype=\"https:\/\/schema.org\/BlogPosting\" itemprop=\"blogPost\" ><div class='avia_textblock'  itemprop=\"text\" ><div class=\"page\" title=\"Page 12\">\n<div class=\"layoutArea\">\n<div class=\"column\">\n<p>I disturbi pi\u00f9 comuni tra quelli classificati come DMS sono senso di peso, senso di fastidio, intorpidimento, formicolio, rigidit\u00e0, dolore a:<\/p>\n<ol>\n<li>rachide (collo e schiena)<\/li>\n<li>arti superiori (spalle, braccia e mani)<\/li>\n<li>arti inferiori (gambe e piedi).<\/li>\n<\/ol>\n<p>Tali disturbi derivano spesso da affaticamento muscolare, da infiammazione delle strutture tendinee o da una certa degenerazione dei dischi della colonna vertebrale. Anche alcune patologie dell\u2019apparato circolatorio (ad esempio gonfiore degli arti, vene varicose, ecc.) possono derivare da erronei movimenti e\/o da posture statiche e prolungate.<\/p>\n<h3>Rachide<\/h3>\n<div class=\"page\" title=\"Page 12\">\n<div class=\"layoutArea\">\n<div class=\"column\">\n<p>La struttura portante del corpo umano si chiama RACHIDE ed \u00e8 costituita da ossa (VERTEBRE) e dischi intervertebrali. Essa ospita al suo interno un\u2019importante struttura nervosa (MIDOLLO SPINALE) da cui partono i nervi che raggiungono le diverse parti del nostro corpo. Sulle vertebre si inseriscono muscoli e legamenti. Fra queste strutture, <strong>il disco intervertebrale \u00e8 quella maggiormente soggetta ad alterarsi<\/strong> laddove la sua funzione \u00e8 di garantire la flessibilit\u00e0 del rachide nei diversi movimenti nonch\u00e9 sopportare carichi notevoli.<\/p>\n<\/div>\n<\/div>\n<div class=\"layoutArea\">\n<div class=\"column\">\n<p>Con l\u2019avanzare dell\u2019et\u00e0 il disco intervertebrale tende a perdere la sua capacit\u00e0 ammortizzatrice: la schiena diventa pi\u00f9 soggetta a disturbi, soprattutto a livello lombare. Tale processo \u00e8 accentuato sia da sforzi eccessivi che dalla vita sedentaria. In particolare, sul lavoro, ci\u00f2 avviene quando:<\/p>\n<ul>\n<li>si sollevano pesi curvando o torcendo la schiena;<\/li>\n<li>sirimanealungoinunaposizionefissa(inpiedioseduti);<\/li>\n<li>si svolgono attivit\u00e0 di traino o di spinta.<\/li>\n<\/ul>\n<p>Le alterazioni pi\u00f9 comuni sono:<\/p>\n<ul>\n<li>I becchi artrosici (artrosi)<\/li>\n<li>La lombalgia acuta (colpo della strega)<\/li>\n<li>L\u2019ernia del disco<\/li>\n<li>Le alterazioni delle curve della colonna\n<ul>\n<li>la scoliosi<\/li>\n<li>il dorso piatto<\/li>\n<li>il dorso curvo o ipercifosi<\/li>\n<li>l\u2019iperlordosi<\/li>\n<\/ul>\n<\/li>\n<\/ul>\n<h3>Gli arti superiori<\/h3>\n<div class=\"page\" title=\"Page 15\">\n<div class=\"layoutArea\">\n<div class=\"column\">\n<p>I disturbi muscoloscheletrici dell\u2019arto superiore riguardano principalmente:<\/p>\n<ul>\n<li>la spalla, che \u00e8 estremamente sollecitata nel corso dei movimenti dell\u2019arto superiore;<\/li>\n<li>il gomito;<\/li>\n<li>il polso, in cui vi \u00e8 il tunnel carpale, un canale delimitato dalle ossa del carpo e dal legamento traverso del carpo, all\u2019interno del quale passa il nervo mediano insieme ai tendini flessori delle dita;<\/li>\n<li>la mano<\/li>\n<\/ul>\n<div class=\"page\" title=\"Page 16\">\n<div class=\"layoutArea\">\n<div class=\"column\">\n<p>I principali disturbi che possono comparire a causa di un NON CORRETTO USO degli arti superiori sono:<\/p>\n<ul>\n<li>senso di peso, senso di fastidio, dolore, intorpidimento, rigidit\u00e0 al collo e alla schiena (da\u00a0posizione di lavoro scorretta e\/o mantenuta fissa per lungo tempo);<\/li>\n<li>formicolii, intorpidimento, perdita di forza, impaccio nei movimenti, dolore agli arti superiori (da movimenti ripetuti degli arti superiori);<\/li>\n<li>caduta spontanea di piccoli oggetti dalle mani, perdita di forza, ecc<\/li>\n<\/ul>\n<\/div>\n<\/div>\n<\/div>\n<\/div>\n<\/div>\n<\/div>\n<\/div>\n<\/div>\n<\/div>\n<\/div>\n<\/div>\n<\/div>\n<\/div><\/section><\/div>\n\n<style type=\"text\/css\" data-created_by=\"avia_inline_auto\" id=\"style-css-av-19y77s-6da3cf55bdcfb15d84d02fa3e68fadb4\">\n.flex_column.av-19y77s-6da3cf55bdcfb15d84d02fa3e68fadb4{\nborder-radius:0px 0px 0px 0px;\npadding:0px 0px 0px 0px;\n}\n<\/style>\n<div  class='flex_column av-19y77s-6da3cf55bdcfb15d84d02fa3e68fadb4 av_one_full  avia-builder-el-19  el_after_av_one_full  el_before_av_heading  first flex_column_div av-zero-column-padding  column-top-margin'     ><section  class='av_textblock_section av-jtaabdl7-220d74017670b3c2409564b8234ac8ca '   itemscope=\"itemscope\" itemtype=\"https:\/\/schema.org\/BlogPosting\" itemprop=\"blogPost\" ><div class='avia_textblock'  itemprop=\"text\" ><div class=\"page\" title=\"Page 12\">\n<div class=\"layoutArea\">\n<div class=\"column\">\n<div class=\"page\" title=\"Page 12\">\n<div class=\"layoutArea\">\n<div class=\"column\">\n<div class=\"page\" title=\"Page 15\">\n<div class=\"layoutArea\">\n<div class=\"column\">\n<div class=\"page\" title=\"Page 16\">\n<div class=\"layoutArea\">\n<div class=\"column\">\n<h3>Gli arti inferiori<\/h3>\n<div class=\"page\" title=\"Page 19\">\n<div class=\"layoutArea\">\n<div class=\"column\">\n<p>Le pi\u00f9 frequenti alterazioni degli arti inferiori connesse con il lavoro riguardano il <strong>ginocchio ed il piede.<\/strong><\/p>\n<p>Le alterazioni pi\u00f9 comuni da le DMS sono:<\/p>\n<p><em>Ginocchio\u00a0<\/em><\/p>\n<ul>\n<li>Le lesioni del menisco<\/li>\n<li>La borsite pre-rotulea (ginocchio della lavandaia)<\/li>\n<li>La tendinopatia del ginocchio<\/li>\n<\/ul>\n<p><em>Piede<\/em><\/p>\n<div class=\"page\" title=\"Page 19\">\n<div class=\"layoutArea\">\n<div class=\"column\">\n<ul>\n<li>La talalgia plantare<\/li>\n<li>Tendinite di Achille<\/li>\n<li>Sindrome del tunnel tarsale<\/li>\n<\/ul>\n<div class=\"page\" title=\"Page 20\">\n<div class=\"layoutArea\">\n<div class=\"column\">\n<p>Le patologie degli arti inferiori possono essere provocate da <strong>lavori prolungati effettuati in posizione inginocchiata o curva<\/strong> (es. posatori di moquette, parquet e piastrelle). Esse sono inoltre correlate all\u2019intensit\u00e0 e alla durata delle attivit\u00e0 che prevedono sollecitazioni ripetute e microtraumi a carico del ginocchio e del piede (salti, salita e discesa di gradoni, ecc.).<\/p>\n<p>Molti lavori nell\u2019industria, in cui \u00e8 impegnata soprattutto manodopera femminile (addetti a catene di montaggio, all\u2019assemblaggio, al confezionamento, al data entry, cassiere, ecc.) richiedono l\u2019assunzione di una posizione di lavoro fissa, cio\u00e8 con poche possibilit\u00e0 di cambiamento e spesso associata a movimenti ripetuti degli arti superiori e\/o inferiori.<\/p>\n<\/div>\n<\/div>\n<\/div>\n<\/div>\n<\/div>\n<\/div>\n<\/div>\n<\/div>\n<\/div>\n<\/div>\n<\/div>\n<\/div>\n<\/div>\n<\/div>\n<\/div>\n<\/div>\n<\/div>\n<\/div>\n<\/div>\n<\/div>\n<\/div>\n<\/div><\/section><\/div>\n\n<style type=\"text\/css\" data-created_by=\"avia_inline_auto\" id=\"style-css-av-awn7e5-f91f73393c35fe862f8e8fe80a0064e0\">\n#top .av-special-heading.av-awn7e5-f91f73393c35fe862f8e8fe80a0064e0{\npadding-bottom:10px;\n}\nbody .av-special-heading.av-awn7e5-f91f73393c35fe862f8e8fe80a0064e0 .av-special-heading-tag .heading-char{\nfont-size:25px;\n}\n.av-special-heading.av-awn7e5-f91f73393c35fe862f8e8fe80a0064e0 .av-subheading{\nfont-size:15px;\n}\n<\/style>\n<div  class='av-special-heading av-awn7e5-f91f73393c35fe862f8e8fe80a0064e0 av-special-heading-h3  avia-builder-el-21  el_after_av_one_full  el_before_av_one_full  av-linked-heading'><h3 class='av-special-heading-tag '  itemprop=\"headline\"  >La prevenzione delle DMS<\/h3><div class=\"special-heading-border\"><div class=\"special-heading-inner-border\"><\/div><\/div><\/div>\n\n<style type=\"text\/css\" data-created_by=\"avia_inline_auto\" id=\"style-css-av-19y77s-6da3cf55bdcfb15d84d02fa3e68fadb4\">\n.flex_column.av-19y77s-6da3cf55bdcfb15d84d02fa3e68fadb4{\nborder-radius:0px 0px 0px 0px;\npadding:0px 0px 0px 0px;\n}\n<\/style>\n<div  class='flex_column av-19y77s-6da3cf55bdcfb15d84d02fa3e68fadb4 av_one_full  avia-builder-el-22  el_after_av_heading  el_before_av_one_full  first flex_column_div av-zero-column-padding  '     ><section  class='av_textblock_section av-jtaabdl7-220d74017670b3c2409564b8234ac8ca '   itemscope=\"itemscope\" itemtype=\"https:\/\/schema.org\/BlogPosting\" itemprop=\"blogPost\" ><div class='avia_textblock'  itemprop=\"text\" ><div class=\"page\" title=\"Page 12\">\n<div class=\"layoutArea\">\n<div class=\"column\">\n<div class=\"page\" title=\"Page 12\">\n<div class=\"layoutArea\">\n<div class=\"column\">\n<div class=\"page\" title=\"Page 15\">\n<div class=\"layoutArea\">\n<div class=\"column\">\n<div class=\"page\" title=\"Page 16\">\n<div class=\"layoutArea\">\n<div class=\"column\">\n<div class=\"page\" title=\"Page 19\">\n<div class=\"layoutArea\">\n<div class=\"column\">\n<div class=\"page\" title=\"Page 19\">\n<div class=\"layoutArea\">\n<div class=\"column\">\n<div class=\"page\" title=\"Page 20\">\n<div class=\"layoutArea\">\n<div class=\"column\">\n<div class=\"page\" title=\"Page 21\">\n<div class=\"section\">\n<div class=\"layoutArea\">\n<div class=\"column\">\n<p>I disturbi muscoloscheletrici si possono prevenire innanzitutto attraverso l\u2019<strong>eliminazione delle cause meccaniche che li determinano<\/strong>, attraverso l&#8217;inserimento di procedure volte alla meccanizzazione e automazione dei processi.<\/p>\n<p>Ove questo non sia tecnicamente fattibile, si deve ridurre o contenere il rischio il pi\u00f9 possibile attraverso l\u2019utilizzo di opportuni ausili meccanici, l\u2019applicazione dei principi ergonomici alle postazioni e alle procedure di lavoro, un\u2019appropriata organizzazione del lavoro (pause, turnazioni, ecc.), opportune modifiche delle strutture e delle attrezzature.<\/p>\n<p>Obbligo del datore di lavoro \u00e8 effettuare questo tipo di interventi a completamento dei quali deve altres\u00ec fornire ai lavoratori un\u2019appropriata informazione e una specifica formazione sui rischi presenti nell\u2019attivit\u00e0 lavorativa.<\/p>\n<p>Questi adempimenti sono previsti affinch\u00e9 i lavoratori possano assumere un ruolo attivo nell\u2019adozione di comportamenti sicuri nelle attivit\u00e0 lavorative.<\/p>\n<\/div>\n<\/div>\n<\/div>\n<\/div>\n<\/div>\n<\/div>\n<\/div>\n<\/div>\n<\/div>\n<\/div>\n<\/div>\n<\/div>\n<\/div>\n<\/div>\n<\/div>\n<\/div>\n<\/div>\n<\/div>\n<\/div>\n<\/div>\n<\/div>\n<\/div>\n<\/div>\n<\/div>\n<\/div>\n<\/div><\/section><\/div>\n\n<style type=\"text\/css\" data-created_by=\"avia_inline_auto\" id=\"style-css-av-rrf0d-de73f17452d9f35340cdec6e6cef8212\">\n.flex_column.av-rrf0d-de73f17452d9f35340cdec6e6cef8212{\nborder-radius:0px 0px 0px 0px;\npadding:0px 0px 0px 0px;\n}\n<\/style>\n<div  class='flex_column av-rrf0d-de73f17452d9f35340cdec6e6cef8212 av_one_full  avia-builder-el-24  el_after_av_one_full  el_before_av_one_full  first flex_column_div av-zero-column-padding  column-top-margin'     ><p>\n<style type=\"text\/css\" data-created_by=\"avia_inline_auto\" id=\"style-css-av-k94akath-bc05ef397b099a8ad4c0de24664b0d4f\">\n#top .av-special-heading.av-k94akath-bc05ef397b099a8ad4c0de24664b0d4f{\npadding-bottom:20px;\n}\nbody .av-special-heading.av-k94akath-bc05ef397b099a8ad4c0de24664b0d4f .av-special-heading-tag .heading-char{\nfont-size:25px;\n}\n.av-special-heading.av-k94akath-bc05ef397b099a8ad4c0de24664b0d4f .av-subheading{\nfont-size:15px;\n}\n<\/style>\n<div  class='av-special-heading av-k94akath-bc05ef397b099a8ad4c0de24664b0d4f av-special-heading-h2  avia-builder-el-25  el_before_av_textblock  avia-builder-el-first  av-linked-heading'><h2 class='av-special-heading-tag '  itemprop=\"headline\"  >Con questo corso online da 15 crediti ECM puoi approfondire questo interessante argomento <\/h2><div class=\"special-heading-border\"><div class=\"special-heading-inner-border\"><\/div><\/div><\/div><br \/>\n<section  class='av_textblock_section av-jtaavp2p-61daf424d20915524007c21c28cddb36 '   itemscope=\"itemscope\" itemtype=\"https:\/\/schema.org\/BlogPosting\" itemprop=\"blogPost\" ><div class='avia_textblock'  itemprop=\"text\" ><p>Allora dai un&#8217;occhiata a\u00a0<a href=\"https:\/\/www.ikosecm.it\/corso-ecm-malattie-professionali-e-infortuni-sul-lavoro-2020.html\">questo corso ECM<\/a> dal titolo\u00a0<a href=\"https:\/\/www.ikosecm.it\/corso-ecm-malattie-professionali-e-infortuni-sul-lavoro-2020.html\">MALATTIE PROFESSIONALI E INFORTUNI SUL LAVORO <\/a>\u00a0a cura del Dott. Michelangelo Bortolin.<\/p>\n<div class=\"page\" title=\"Page 3\">\n<div class=\"section\">\n<div class=\"layoutArea\">\n<div class=\"column\">\n<p>Questo corso ecm descrive l&#8217;insieme delle patologie riferite a malattie osteo-articolari e muscolo-tendinee illustrandone l&#8217;esame obiettivo ortopedico e prende in esame le patologie del tratto lombare della colonna vertebrale e quelle dell&#8217; arto superiore.<br \/>\nTali patologie sono tra le pi\u00f9 fequenti in ambito lavorativo ed hanno un forte impatto sociale ed economico.<\/p>\n<\/div>\n<\/div>\n<\/div>\n<\/div>\n<p>Si tratta di\u00a0un corso FAD completo che potrai eseguire ONLINE e del quale potrai scaricare o ricevere il certificato via email.<\/p>\n<\/div><\/section><\/p><\/div>\n\n<style type=\"text\/css\" data-created_by=\"avia_inline_auto\" id=\"style-css-av-ju9mx8al-4b1339d1f05c7514d7d78fcac2506526\">\n.flex_column.av-ju9mx8al-4b1339d1f05c7514d7d78fcac2506526{\nborder-radius:0px 0px 0px 0px;\npadding:0px 0px 0px 0px;\n}\n<\/style>\n<div  class='flex_column av-ju9mx8al-4b1339d1f05c7514d7d78fcac2506526 av_one_full  avia-builder-el-27  el_after_av_one_full  el_before_av_one_full  first flex_column_div av-animated-generic fade-in av-zero-column-padding avia-link-column av-column-link avia-link-column-hover  column-top-margin'    data-link-column-url=\"https:\/\/www.ikosecm.it\/app\/media\/uploads\/lezioni\/1115\/index.html\"  data-link-column-target=\"_blank\"   ><a class=\"av-screen-reader-only\" href=https:\/\/www.ikosecm.it\/app\/media\/uploads\/lezioni\/1115\/index.html  target=\"_blank\" >Segui un collegamento aggiunto manuale<\/a><section  class='av_textblock_section av-jtaavp2p-61daf424d20915524007c21c28cddb36 '   itemscope=\"itemscope\" itemtype=\"https:\/\/schema.org\/BlogPosting\" itemprop=\"blogPost\" ><div class='avia_textblock'  itemprop=\"text\" ><h2 style=\"text-align: center;\">Guarda l&#8217;anteprima del corso ECM<\/h2>\n<div class=\"page\" title=\"Page 48\">\n<div class=\"section\">\n<div class=\"layoutArea\">\n<div class=\"column\">\n<div class=\"page\" title=\"Page 49\">\n<div class=\"section\">\n<div class=\"layoutArea\">\n<div class=\"column\"><\/div>\n<\/div>\n<\/div>\n<\/div>\n<\/div>\n<\/div>\n<\/div>\n<\/div>\n<\/div><\/section><br \/>\n\n<style type=\"text\/css\" data-created_by=\"avia_inline_auto\" id=\"style-css-av-jw0pkg1e-f724b379d05ad3060c1961c6d483ade8\">\n.avia-image-container.av-jw0pkg1e-f724b379d05ad3060c1961c6d483ade8 img.avia_image{\nbox-shadow:none;\n}\n.avia-image-container.av-jw0pkg1e-f724b379d05ad3060c1961c6d483ade8 .av-caption-image-overlay-bg{\nopacity:0.4;\nbackground-color:#000000;\n}\n.avia-image-container.av-jw0pkg1e-f724b379d05ad3060c1961c6d483ade8 .av-image-caption-overlay-center{\ncolor:#ffffff;\n}\n<\/style>\n<div  class='avia-image-container av-jw0pkg1e-f724b379d05ad3060c1961c6d483ade8 av-styling- avia-align-center  avia-builder-el-29  el_after_av_textblock  avia-builder-el-last  noHover av-overlay-hover-deactivate'   itemprop=\"image\" itemscope=\"itemscope\" itemtype=\"https:\/\/schema.org\/ImageObject\" ><div class=\"avia-image-container-inner\"><div class=\"avia-image-overlay-wrap\"><div class=\"av-image-caption-overlay\"><div class=\"av-caption-image-overlay-bg\"><\/div><div class=\"av-image-caption-overlay-position\"><div class=\"av-image-caption-overlay-center\"><\/div><\/div><\/div><img decoding=\"async\" fetchpriority=\"high\" class='wp-image-2147 avia-img-lazy-loading-not-2147 avia_image ' src=\"https:\/\/www.ikosecm.it\/ecm\/wp-content\/uploads\/2020\/04\/anteprima-corso-1030x622.jpg\" alt='' title='anteprima corso ecm'  height=\"622\" width=\"1030\"  itemprop=\"thumbnailUrl\" srcset=\"https:\/\/www.ikosecm.it\/ecm\/wp-content\/uploads\/2020\/04\/anteprima-corso-1030x622.jpg 1030w, https:\/\/www.ikosecm.it\/ecm\/wp-content\/uploads\/2020\/04\/anteprima-corso-300x181.jpg 300w, https:\/\/www.ikosecm.it\/ecm\/wp-content\/uploads\/2020\/04\/anteprima-corso-768x464.jpg 768w, https:\/\/www.ikosecm.it\/ecm\/wp-content\/uploads\/2020\/04\/anteprima-corso-705x426.jpg 705w, https:\/\/www.ikosecm.it\/ecm\/wp-content\/uploads\/2020\/04\/anteprima-corso.jpg 1226w\" sizes=\"(max-width: 1030px) 100vw, 1030px\" \/><\/div><\/div><\/div><\/p><\/div>\n<style type=\"text\/css\" data-created_by=\"avia_inline_auto\" id=\"style-css-av-rrf0d-de73f17452d9f35340cdec6e6cef8212\">\n.flex_column.av-rrf0d-de73f17452d9f35340cdec6e6cef8212{\nborder-radius:0px 0px 0px 0px;\npadding:0px 0px 0px 0px;\n}\n<\/style>\n<div  class='flex_column av-rrf0d-de73f17452d9f35340cdec6e6cef8212 av_one_full  avia-builder-el-30  el_after_av_one_full  el_before_av_hr  first flex_column_div av-zero-column-padding  column-top-margin'     ><section  class='av_textblock_section av-jtaavp2p-61daf424d20915524007c21c28cddb36 '   itemscope=\"itemscope\" itemtype=\"https:\/\/schema.org\/BlogPosting\" itemprop=\"blogPost\" ><div class='avia_textblock'  itemprop=\"text\" ><h3>In cosa consiste il corso<\/h3>\n<p>Le malattie osteo-articolari e muscolo-tendinee sono quelle dovute prevalentemente a sovraccarico bio-meccanico e movimenti ripetuti. Tali\u00a0patologie sono le pi\u00f9 frequenti in ambito lavorativo, con una percentuale che supera pi\u00f9 del 62% di tutte le denunce ed il loro impatto sul lavoratore, sociale ed economico \u00e8 molto grande.<\/p>\n<p>Questo corso \u00e8 cos\u00ec suddiviso:\u00a0nella prima parte si descrive l&#8217;insieme delle patologie, successivamente viene illustrato l&#8217;esame obiettivo ortopedico, e, nelle parti successive,\u00a0vengono prese in esame le patologie del\u00a0tratto lombare della colonna vertebrale (lombalgia, lombosciatalgia e lombocruralgia) e quelle dell&#8217;arto superiore.<\/p>\n<p>La descrizione avviene in modo metodico (di ogni patologia viene spiegata con definizione, quadro fisiopatologico, diagnosi ed esami strumentali e terapia) <strong>rendendo cos\u00ec questo corso utile ed interessante a tutte le professioni sanitarie e non solo di interesse del medico del lavoro.<\/strong><\/p>\n<p>La prova di apprendimento potr\u00e0 essere effettuata al termine del corso, dopo aver seguito le lezioni.<br \/>\nLa prova di apprendimento consister\u00e0 in un questionario composto da <strong>30 domande<\/strong> a risposta multipla con 4 possibilit\u00e0 di risposta di cui una sola giusta.<br \/>\nLa soglia di superamento prevista \u00e8 del 75%. E&#8217; prevista una doppia randomizzazione delle domande.<br \/>\n<strong>SONO POSSIBILI 5 TENTATIVI<\/strong><\/p>\n<p>Il corso dar\u00e0 diritto a ben\u00a0<strong>15\u00a0<a href=\"https:\/\/it.wikipedia.org\/wiki\/Educazione_continua_in_medicina\" target=\"_blank\" rel=\"noopener noreferrer\">crediti ECM<\/a> <\/strong>previo superamento del\u00a0prova finale.<\/p>\n<\/div><\/section><br \/>\n<div  class='avia-button-wrap av-juymosjh-ef6ceb3e26c31e6d8c71fb628a63d89a-wrap avia-button-center  avia-builder-el-32  el_after_av_textblock  avia-builder-el-last '><a href='https:\/\/www.ikosecm.it\/corso-ecm-malattie-professionali-e-infortuni-sul-lavoro-2020.html'  class='avia-button av-juymosjh-ef6ceb3e26c31e6d8c71fb628a63d89a av-link-btn avia-icon_select-no avia-size-large avia-position-center avia-color-orange'  target=\"_blank\"  rel=\"noopener noreferrer\"  aria-label=\"Vai al corso ecm fad e scopri se \u00e8 accreditato per la tua professione\"><span class='avia_iconbox_title' >Vai al corso ecm fad e scopri se \u00e8 accreditato per la tua professione<\/span><\/a><\/div><\/p><\/div><div  class='hr av-d0lho-f9b6919b96a7ea17baea2d49a5ce7ebb hr-default  avia-builder-el-33  el_after_av_one_full  el_before_av_heading '><span class='hr-inner '><span class=\"hr-inner-style\"><\/span><\/span><\/div><\/p>\n\n<style type=\"text\/css\" data-created_by=\"avia_inline_auto\" id=\"style-css-av-k94b0ctw-a33183ed3e4977077cd840c2bdd6356d\">\n#top .av-special-heading.av-k94b0ctw-a33183ed3e4977077cd840c2bdd6356d{\npadding-bottom:10px;\n}\nbody .av-special-heading.av-k94b0ctw-a33183ed3e4977077cd840c2bdd6356d .av-special-heading-tag .heading-char{\nfont-size:25px;\n}\n.av-special-heading.av-k94b0ctw-a33183ed3e4977077cd840c2bdd6356d .av-subheading{\nfont-size:15px;\n}\n<\/style>\n<div  class='av-special-heading av-k94b0ctw-a33183ed3e4977077cd840c2bdd6356d av-special-heading-h2  avia-builder-el-34  el_after_av_hr  el_before_av_two_third  av-linked-heading'><h2 class='av-special-heading-tag '  itemprop=\"headline\"  >Completa il tuo percorso formativo in modo semplice e senza perdite di tempo&#8230;<\/h2><div class=\"special-heading-border\"><div class=\"special-heading-inner-border\"><\/div><\/div><\/div>\n\n<style type=\"text\/css\" data-created_by=\"avia_inline_auto\" id=\"style-css-av-eqi5r-167342179bfa5bb25feac7d146468f0b\">\n.flex_column.av-eqi5r-167342179bfa5bb25feac7d146468f0b{\nborder-radius:0px 0px 0px 0px;\npadding:0px 0px 0px 0px;\n}\n<\/style>\n<div  class='flex_column av-eqi5r-167342179bfa5bb25feac7d146468f0b av_two_third  avia-builder-el-35  el_after_av_heading  el_before_av_one_third  first flex_column_div av-zero-column-padding  '     ><p><section  class='av_textblock_section av-jsx3alm2-14a6a5c53737fc20dc552bada62998a7 '   itemscope=\"itemscope\" itemtype=\"https:\/\/schema.org\/BlogPosting\" itemprop=\"blogPost\" ><div class='avia_textblock'  itemprop=\"text\" ><p>&#8230;sarebbe bello, eh?<\/p>\n<p>Allora scopri la\u00a0<strong>GLOBAL CARD IKOS<\/strong>!<\/p>\n<p>Con un&#8217;unica spesa di soli <strong>\u20ac 199,00<\/strong> (esente iva) potrai accedere <strong>a tutti i corsi ECM FAD<\/strong> presenti nel catalogo IKOS. Per te decine di corsi di qualit\u00e0 divisi per professione, con i quali potrai <strong>facilmente completare il tuo obbligo formativo<\/strong>. E lo farai comodamente da casa o da dove vorrai, senza seguire lunghi e noiose conferenze dal vivo.<\/p>\n<p>Ti baster\u00e0 avere con te un dispositivo mobile o un pc.<\/p>\n<\/div><\/section><br \/>\n<div  class='avia-button-wrap av-jsx3bseu-e6287ed450c27b590928c2475a01e697-wrap avia-button-left  avia-builder-el-37  el_after_av_textblock  avia-builder-el-last '><a href='https:\/\/www.ikosecm.it\/global-card.php'  class='avia-button av-jsx3bseu-e6287ed450c27b590928c2475a01e697 av-link-btn avia-icon_select-no avia-size-medium avia-position-left avia-color-theme-color'  target=\"_blank\"  rel=\"noopener noreferrer\"  aria-label=\"SCOPRI DI PI\u00d9\"><span class='avia_iconbox_title' >SCOPRI DI PI\u00d9<\/span><\/a><\/div><\/p><\/div>\n<style type=\"text\/css\" data-created_by=\"avia_inline_auto\" id=\"style-css-av-72t07-0e3e037d189a05633ea8026437435514\">\n.flex_column.av-72t07-0e3e037d189a05633ea8026437435514{\nborder-radius:0px 0px 0px 0px;\npadding:0px 0px 0px 0px;\n}\n<\/style>\n<div  class='flex_column av-72t07-0e3e037d189a05633ea8026437435514 av_one_third  avia-builder-el-38  el_after_av_two_third  el_before_av_hr  flex_column_div av-zero-column-padding  '     ><p>\n<style type=\"text\/css\" data-created_by=\"avia_inline_auto\" id=\"style-css-av-jsx2nve0-26922399b343cc19fafcc37166a3cffd\">\n.avia-image-container.av-jsx2nve0-26922399b343cc19fafcc37166a3cffd img.avia_image{\nbox-shadow:none;\n}\n.avia-image-container.av-jsx2nve0-26922399b343cc19fafcc37166a3cffd .av-image-caption-overlay-center{\ncolor:#ffffff;\n}\n<\/style>\n<div  class='avia-image-container av-jsx2nve0-26922399b343cc19fafcc37166a3cffd av-styling- avia-align-center  avia-builder-el-39  el_before_av_hr  avia-builder-el-first '   itemprop=\"image\" itemscope=\"itemscope\" itemtype=\"https:\/\/schema.org\/ImageObject\" ><div class=\"avia-image-container-inner\"><div class=\"avia-image-overlay-wrap\"><img decoding=\"async\" fetchpriority=\"high\" class='wp-image-1577 avia-img-lazy-loading-not-1577 avia_image ' src=\"https:\/\/www.ikosecm.it\/ecm\/wp-content\/uploads\/2020\/02\/Ikos-global-card-2020-GC20.png\" alt='' title='Ikos-global-card-2020-GC20'  height=\"154\" width=\"245\"  itemprop=\"thumbnailUrl\"  \/><\/div><\/div><\/div><br \/>\n\n<style type=\"text\/css\" data-created_by=\"avia_inline_auto\" id=\"style-css-av-6zrsa-a7749ffc2b41ff52b7d2be4904903994\">\n#top .hr.hr-invisible.av-6zrsa-a7749ffc2b41ff52b7d2be4904903994{\nheight:50px;\n}\n<\/style>\n<div  class='hr av-6zrsa-a7749ffc2b41ff52b7d2be4904903994 hr-invisible  avia-builder-el-40  el_after_av_image  avia-builder-el-last '><span class='hr-inner '><span class=\"hr-inner-style\"><\/span><\/span><\/div><\/p><\/div><\/p>\n\n<style type=\"text\/css\" data-created_by=\"avia_inline_auto\" id=\"style-css-av-6zrsa-a7749ffc2b41ff52b7d2be4904903994\">\n#top .hr.hr-invisible.av-6zrsa-a7749ffc2b41ff52b7d2be4904903994{\nheight:50px;\n}\n<\/style>\n<div  class='hr av-6zrsa-a7749ffc2b41ff52b7d2be4904903994 hr-invisible  avia-builder-el-41  el_after_av_one_third  avia-builder-el-last '><span class='hr-inner '><span class=\"hr-inner-style\"><\/span><\/span><\/div>\n","protected":false},"excerpt":{"rendered":"<p>Malattie e disturbi muscoloscheletrici da sovraccarico biomeccanico (in sigla \u201cDMS\u201d) sono assai diffusi tra lavoratrici e lavoratori e costituiscono una delle principali cause di assenza per malattia in molte attivit\u00e0.<\/p>\n","protected":false},"author":5,"featured_media":2154,"comment_status":"closed","ping_status":"open","sticky":false,"template":"","format":"standard","meta":{"footnotes":""},"categories":[25],"tags":[341,340,194,321,364,64,365,65,67,366,147,361,363,56,360,362,367],"class_list":["post-2141","post","type-post","status-publish","format-standard","has-post-thumbnail","hentry","category-corsi-ecm","tag-corso-ecm-fad","tag-corso-ecm-fad-gratis","tag-corso-ecm-fisioterapista","tag-corso-ecm-fisioterapisti","tag-corso-ecm-medicina-del-lavoro","tag-corso-fad","tag-corso-fai-medico-del-lavoro","tag-crediti-ecm","tag-crediti-formativi","tag-disturbi-muscoloscheletrici","tag-fisioterapisti","tag-inail","tag-infortunio-sul-lavoro","tag-mal-di-schiena","tag-medicina-del-lavoro","tag-osteopata","tag-patologie-da-lavoro"],"yoast_head":"<!-- This site is optimized with the Yoast SEO plugin v25.5 - https:\/\/yoast.com\/wordpress\/plugins\/seo\/ -->\n<title>I disturbi muscoloscheletrici nel mondo del lavoro | Ecm made easy!<\/title>\n<meta name=\"description\" content=\"I disturbi muscoloscheletrici da sovraccarico (DMS) sono assai diffusi tra i lavoratori e sono una delle principali cause di assenza. Articolo e Corso ECM\" \/>\n<meta name=\"robots\" content=\"index, follow, max-snippet:-1, max-image-preview:large, max-video-preview:-1\" \/>\n<link rel=\"canonical\" href=\"https:\/\/www.ikosecm.it\/ecm\/corsi-ecm\/i-disturbi-muscoloscheletrici-nel-mondo-del-lavoro\/\" \/>\n<meta property=\"og:locale\" content=\"it_IT\" \/>\n<meta property=\"og:type\" content=\"article\" \/>\n<meta property=\"og:title\" content=\"I disturbi muscoloscheletrici nel mondo del lavoro | Ecm made easy!\" \/>\n<meta property=\"og:description\" content=\"I disturbi muscoloscheletrici da sovraccarico (DMS) sono assai diffusi tra i lavoratori e sono una delle principali cause di assenza. Articolo e Corso ECM\" \/>\n<meta property=\"og:url\" content=\"https:\/\/www.ikosecm.it\/ecm\/corsi-ecm\/i-disturbi-muscoloscheletrici-nel-mondo-del-lavoro\/\" \/>\n<meta property=\"og:site_name\" content=\"Ecm made easy!\" \/>\n<meta property=\"article:publisher\" content=\"https:\/\/www.facebook.com\/ikosecm\" \/>\n<meta property=\"article:published_time\" content=\"2020-04-17T14:45:52+00:00\" \/>\n<meta property=\"article:modified_time\" content=\"2020-04-17T14:45:54+00:00\" \/>\n<meta property=\"og:image\" content=\"https:\/\/www.ikosecm.it\/ecm\/wp-content\/uploads\/2020\/04\/disturbi-muscoloscheletrici.jpg\" \/>\n\t<meta property=\"og:image:width\" content=\"1980\" \/>\n\t<meta property=\"og:image:height\" content=\"1320\" \/>\n\t<meta property=\"og:image:type\" content=\"image\/jpeg\" \/>\n<meta name=\"author\" content=\"team.ikos\" \/>\n<meta name=\"twitter:card\" content=\"summary_large_image\" \/>\n<meta name=\"twitter:creator\" content=\"@ikosecm\" \/>\n<meta name=\"twitter:site\" content=\"@ikosecm\" \/>\n<meta name=\"twitter:label1\" content=\"Written by\" \/>\n\t<meta name=\"twitter:data1\" content=\"team.ikos\" \/>\n\t<meta name=\"twitter:label2\" content=\"Est. reading time\" \/>\n\t<meta name=\"twitter:data2\" content=\"25 minuti\" \/>\n<script type=\"application\/ld+json\" class=\"yoast-schema-graph\">{\"@context\":\"https:\/\/schema.org\",\"@graph\":[{\"@type\":\"Article\",\"@id\":\"https:\/\/www.ikosecm.it\/ecm\/corsi-ecm\/i-disturbi-muscoloscheletrici-nel-mondo-del-lavoro\/#article\",\"isPartOf\":{\"@id\":\"https:\/\/www.ikosecm.it\/ecm\/corsi-ecm\/i-disturbi-muscoloscheletrici-nel-mondo-del-lavoro\/\"},\"author\":{\"name\":\"team.ikos\",\"@id\":\"https:\/\/www.ikosecm.it\/ecm\/#\/schema\/person\/85d9f9abb41bc7439b463d1a75c97501\"},\"headline\":\"I disturbi muscoloscheletrici nel mondo del lavoro\",\"datePublished\":\"2020-04-17T14:45:52+00:00\",\"dateModified\":\"2020-04-17T14:45:54+00:00\",\"mainEntityOfPage\":{\"@id\":\"https:\/\/www.ikosecm.it\/ecm\/corsi-ecm\/i-disturbi-muscoloscheletrici-nel-mondo-del-lavoro\/\"},\"wordCount\":5072,\"publisher\":{\"@id\":\"https:\/\/www.ikosecm.it\/ecm\/#organization\"},\"image\":{\"@id\":\"https:\/\/www.ikosecm.it\/ecm\/corsi-ecm\/i-disturbi-muscoloscheletrici-nel-mondo-del-lavoro\/#primaryimage\"},\"thumbnailUrl\":\"https:\/\/www.ikosecm.it\/ecm\/wp-content\/uploads\/2020\/04\/disturbi-muscoloscheletrici.jpg\",\"keywords\":[\"corso ecm fad\",\"corso ecm fad gratis\",\"corso ecm fisioterapista\",\"corso ecm fisioterapisti\",\"corso ecm medicina del lavoro\",\"corso FAD\",\"corso fai medico del lavoro\",\"Crediti ECM\",\"crediti formativi\",\"disturbi muscoloscheletrici\",\"fisioterapisti\",\"inail\",\"infortunio sul lavoro\",\"mal di schiena\",\"medicina del lavoro\",\"osteopata\",\"patologie da lavoro\"],\"articleSection\":[\"Corsi ecm\"],\"inLanguage\":\"it-IT\"},{\"@type\":\"WebPage\",\"@id\":\"https:\/\/www.ikosecm.it\/ecm\/corsi-ecm\/i-disturbi-muscoloscheletrici-nel-mondo-del-lavoro\/\",\"url\":\"https:\/\/www.ikosecm.it\/ecm\/corsi-ecm\/i-disturbi-muscoloscheletrici-nel-mondo-del-lavoro\/\",\"name\":\"I disturbi muscoloscheletrici nel mondo del lavoro | Ecm made easy!\",\"isPartOf\":{\"@id\":\"https:\/\/www.ikosecm.it\/ecm\/#website\"},\"primaryImageOfPage\":{\"@id\":\"https:\/\/www.ikosecm.it\/ecm\/corsi-ecm\/i-disturbi-muscoloscheletrici-nel-mondo-del-lavoro\/#primaryimage\"},\"image\":{\"@id\":\"https:\/\/www.ikosecm.it\/ecm\/corsi-ecm\/i-disturbi-muscoloscheletrici-nel-mondo-del-lavoro\/#primaryimage\"},\"thumbnailUrl\":\"https:\/\/www.ikosecm.it\/ecm\/wp-content\/uploads\/2020\/04\/disturbi-muscoloscheletrici.jpg\",\"datePublished\":\"2020-04-17T14:45:52+00:00\",\"dateModified\":\"2020-04-17T14:45:54+00:00\",\"description\":\"I disturbi muscoloscheletrici da sovraccarico (DMS) sono assai diffusi tra i lavoratori e sono una delle principali cause di assenza. Articolo e Corso ECM\",\"breadcrumb\":{\"@id\":\"https:\/\/www.ikosecm.it\/ecm\/corsi-ecm\/i-disturbi-muscoloscheletrici-nel-mondo-del-lavoro\/#breadcrumb\"},\"inLanguage\":\"it-IT\",\"potentialAction\":[{\"@type\":\"ReadAction\",\"target\":[\"https:\/\/www.ikosecm.it\/ecm\/corsi-ecm\/i-disturbi-muscoloscheletrici-nel-mondo-del-lavoro\/\"]}]},{\"@type\":\"ImageObject\",\"inLanguage\":\"it-IT\",\"@id\":\"https:\/\/www.ikosecm.it\/ecm\/corsi-ecm\/i-disturbi-muscoloscheletrici-nel-mondo-del-lavoro\/#primaryimage\",\"url\":\"https:\/\/www.ikosecm.it\/ecm\/wp-content\/uploads\/2020\/04\/disturbi-muscoloscheletrici.jpg\",\"contentUrl\":\"https:\/\/www.ikosecm.it\/ecm\/wp-content\/uploads\/2020\/04\/disturbi-muscoloscheletrici.jpg\",\"width\":1980,\"height\":1320},{\"@type\":\"BreadcrumbList\",\"@id\":\"https:\/\/www.ikosecm.it\/ecm\/corsi-ecm\/i-disturbi-muscoloscheletrici-nel-mondo-del-lavoro\/#breadcrumb\",\"itemListElement\":[{\"@type\":\"ListItem\",\"position\":1,\"name\":\"Home\",\"item\":\"https:\/\/www.ikosecm.it\/ecm\/\"},{\"@type\":\"ListItem\",\"position\":2,\"name\":\"I disturbi muscoloscheletrici nel mondo del lavoro\"}]},{\"@type\":\"WebSite\",\"@id\":\"https:\/\/www.ikosecm.it\/ecm\/#website\",\"url\":\"https:\/\/www.ikosecm.it\/ecm\/\",\"name\":\"Ecm made easy!\",\"description\":\"Il blog di Ikosecm.it, approfondimenti e tematiche dal mondo Ecm.\",\"publisher\":{\"@id\":\"https:\/\/www.ikosecm.it\/ecm\/#organization\"},\"potentialAction\":[{\"@type\":\"SearchAction\",\"target\":{\"@type\":\"EntryPoint\",\"urlTemplate\":\"https:\/\/www.ikosecm.it\/ecm\/?s={search_term_string}\"},\"query-input\":{\"@type\":\"PropertyValueSpecification\",\"valueRequired\":true,\"valueName\":\"search_term_string\"}}],\"inLanguage\":\"it-IT\"},{\"@type\":\"Organization\",\"@id\":\"https:\/\/www.ikosecm.it\/ecm\/#organization\",\"name\":\"Ikos Srl\",\"url\":\"https:\/\/www.ikosecm.it\/ecm\/\",\"logo\":{\"@type\":\"ImageObject\",\"inLanguage\":\"it-IT\",\"@id\":\"https:\/\/www.ikosecm.it\/ecm\/#\/schema\/logo\/image\/\",\"url\":\"https:\/\/www.ikosecm.it\/ecm\/wp-content\/uploads\/2019\/02\/logoecm.png\",\"contentUrl\":\"https:\/\/www.ikosecm.it\/ecm\/wp-content\/uploads\/2019\/02\/logoecm.png\",\"width\":159,\"height\":71,\"caption\":\"Ikos Srl\"},\"image\":{\"@id\":\"https:\/\/www.ikosecm.it\/ecm\/#\/schema\/logo\/image\/\"},\"sameAs\":[\"https:\/\/www.facebook.com\/ikosecm\",\"https:\/\/x.com\/ikosecm\"]},{\"@type\":\"Person\",\"@id\":\"https:\/\/www.ikosecm.it\/ecm\/#\/schema\/person\/85d9f9abb41bc7439b463d1a75c97501\",\"name\":\"team.ikos\",\"image\":{\"@type\":\"ImageObject\",\"inLanguage\":\"it-IT\",\"@id\":\"https:\/\/www.ikosecm.it\/ecm\/#\/schema\/person\/image\/\",\"url\":\"https:\/\/secure.gravatar.com\/avatar\/330cca9621688d2919a9b1a9553844214aaa8f999c44055f0b6112bf2fa450b2?s=96&d=mm&r=g\",\"contentUrl\":\"https:\/\/secure.gravatar.com\/avatar\/330cca9621688d2919a9b1a9553844214aaa8f999c44055f0b6112bf2fa450b2?s=96&d=mm&r=g\",\"caption\":\"team.ikos\"},\"url\":\"https:\/\/www.ikosecm.it\/ecm\/author\/team-ikos\/\"}]}<\/script>\n<!-- \/ Yoast SEO plugin. -->","yoast_head_json":{"title":"I disturbi muscoloscheletrici nel mondo del lavoro | Ecm made easy!","description":"I disturbi muscoloscheletrici da sovraccarico (DMS) sono assai diffusi tra i lavoratori e sono una delle principali cause di assenza. Articolo e Corso ECM","robots":{"index":"index","follow":"follow","max-snippet":"max-snippet:-1","max-image-preview":"max-image-preview:large","max-video-preview":"max-video-preview:-1"},"canonical":"https:\/\/www.ikosecm.it\/ecm\/corsi-ecm\/i-disturbi-muscoloscheletrici-nel-mondo-del-lavoro\/","og_locale":"it_IT","og_type":"article","og_title":"I disturbi muscoloscheletrici nel mondo del lavoro | Ecm made easy!","og_description":"I disturbi muscoloscheletrici da sovraccarico (DMS) sono assai diffusi tra i lavoratori e sono una delle principali cause di assenza. Articolo e Corso ECM","og_url":"https:\/\/www.ikosecm.it\/ecm\/corsi-ecm\/i-disturbi-muscoloscheletrici-nel-mondo-del-lavoro\/","og_site_name":"Ecm made easy!","article_publisher":"https:\/\/www.facebook.com\/ikosecm","article_published_time":"2020-04-17T14:45:52+00:00","article_modified_time":"2020-04-17T14:45:54+00:00","og_image":[{"width":1980,"height":1320,"url":"https:\/\/www.ikosecm.it\/ecm\/wp-content\/uploads\/2020\/04\/disturbi-muscoloscheletrici.jpg","type":"image\/jpeg"}],"author":"team.ikos","twitter_card":"summary_large_image","twitter_creator":"@ikosecm","twitter_site":"@ikosecm","twitter_misc":{"Written by":"team.ikos","Est. reading time":"25 minuti"},"schema":{"@context":"https:\/\/schema.org","@graph":[{"@type":"Article","@id":"https:\/\/www.ikosecm.it\/ecm\/corsi-ecm\/i-disturbi-muscoloscheletrici-nel-mondo-del-lavoro\/#article","isPartOf":{"@id":"https:\/\/www.ikosecm.it\/ecm\/corsi-ecm\/i-disturbi-muscoloscheletrici-nel-mondo-del-lavoro\/"},"author":{"name":"team.ikos","@id":"https:\/\/www.ikosecm.it\/ecm\/#\/schema\/person\/85d9f9abb41bc7439b463d1a75c97501"},"headline":"I disturbi muscoloscheletrici nel mondo del lavoro","datePublished":"2020-04-17T14:45:52+00:00","dateModified":"2020-04-17T14:45:54+00:00","mainEntityOfPage":{"@id":"https:\/\/www.ikosecm.it\/ecm\/corsi-ecm\/i-disturbi-muscoloscheletrici-nel-mondo-del-lavoro\/"},"wordCount":5072,"publisher":{"@id":"https:\/\/www.ikosecm.it\/ecm\/#organization"},"image":{"@id":"https:\/\/www.ikosecm.it\/ecm\/corsi-ecm\/i-disturbi-muscoloscheletrici-nel-mondo-del-lavoro\/#primaryimage"},"thumbnailUrl":"https:\/\/www.ikosecm.it\/ecm\/wp-content\/uploads\/2020\/04\/disturbi-muscoloscheletrici.jpg","keywords":["corso ecm fad","corso ecm fad gratis","corso ecm fisioterapista","corso ecm fisioterapisti","corso ecm medicina del lavoro","corso FAD","corso fai medico del lavoro","Crediti ECM","crediti formativi","disturbi muscoloscheletrici","fisioterapisti","inail","infortunio sul lavoro","mal di schiena","medicina del lavoro","osteopata","patologie da lavoro"],"articleSection":["Corsi ecm"],"inLanguage":"it-IT"},{"@type":"WebPage","@id":"https:\/\/www.ikosecm.it\/ecm\/corsi-ecm\/i-disturbi-muscoloscheletrici-nel-mondo-del-lavoro\/","url":"https:\/\/www.ikosecm.it\/ecm\/corsi-ecm\/i-disturbi-muscoloscheletrici-nel-mondo-del-lavoro\/","name":"I disturbi muscoloscheletrici nel mondo del lavoro | Ecm made easy!","isPartOf":{"@id":"https:\/\/www.ikosecm.it\/ecm\/#website"},"primaryImageOfPage":{"@id":"https:\/\/www.ikosecm.it\/ecm\/corsi-ecm\/i-disturbi-muscoloscheletrici-nel-mondo-del-lavoro\/#primaryimage"},"image":{"@id":"https:\/\/www.ikosecm.it\/ecm\/corsi-ecm\/i-disturbi-muscoloscheletrici-nel-mondo-del-lavoro\/#primaryimage"},"thumbnailUrl":"https:\/\/www.ikosecm.it\/ecm\/wp-content\/uploads\/2020\/04\/disturbi-muscoloscheletrici.jpg","datePublished":"2020-04-17T14:45:52+00:00","dateModified":"2020-04-17T14:45:54+00:00","description":"I disturbi muscoloscheletrici da sovraccarico (DMS) sono assai diffusi tra i lavoratori e sono una delle principali cause di assenza. Articolo e Corso ECM","breadcrumb":{"@id":"https:\/\/www.ikosecm.it\/ecm\/corsi-ecm\/i-disturbi-muscoloscheletrici-nel-mondo-del-lavoro\/#breadcrumb"},"inLanguage":"it-IT","potentialAction":[{"@type":"ReadAction","target":["https:\/\/www.ikosecm.it\/ecm\/corsi-ecm\/i-disturbi-muscoloscheletrici-nel-mondo-del-lavoro\/"]}]},{"@type":"ImageObject","inLanguage":"it-IT","@id":"https:\/\/www.ikosecm.it\/ecm\/corsi-ecm\/i-disturbi-muscoloscheletrici-nel-mondo-del-lavoro\/#primaryimage","url":"https:\/\/www.ikosecm.it\/ecm\/wp-content\/uploads\/2020\/04\/disturbi-muscoloscheletrici.jpg","contentUrl":"https:\/\/www.ikosecm.it\/ecm\/wp-content\/uploads\/2020\/04\/disturbi-muscoloscheletrici.jpg","width":1980,"height":1320},{"@type":"BreadcrumbList","@id":"https:\/\/www.ikosecm.it\/ecm\/corsi-ecm\/i-disturbi-muscoloscheletrici-nel-mondo-del-lavoro\/#breadcrumb","itemListElement":[{"@type":"ListItem","position":1,"name":"Home","item":"https:\/\/www.ikosecm.it\/ecm\/"},{"@type":"ListItem","position":2,"name":"I disturbi muscoloscheletrici nel mondo del lavoro"}]},{"@type":"WebSite","@id":"https:\/\/www.ikosecm.it\/ecm\/#website","url":"https:\/\/www.ikosecm.it\/ecm\/","name":"Ecm made easy!","description":"Il blog di Ikosecm.it, approfondimenti e tematiche dal mondo Ecm.","publisher":{"@id":"https:\/\/www.ikosecm.it\/ecm\/#organization"},"potentialAction":[{"@type":"SearchAction","target":{"@type":"EntryPoint","urlTemplate":"https:\/\/www.ikosecm.it\/ecm\/?s={search_term_string}"},"query-input":{"@type":"PropertyValueSpecification","valueRequired":true,"valueName":"search_term_string"}}],"inLanguage":"it-IT"},{"@type":"Organization","@id":"https:\/\/www.ikosecm.it\/ecm\/#organization","name":"Ikos Srl","url":"https:\/\/www.ikosecm.it\/ecm\/","logo":{"@type":"ImageObject","inLanguage":"it-IT","@id":"https:\/\/www.ikosecm.it\/ecm\/#\/schema\/logo\/image\/","url":"https:\/\/www.ikosecm.it\/ecm\/wp-content\/uploads\/2019\/02\/logoecm.png","contentUrl":"https:\/\/www.ikosecm.it\/ecm\/wp-content\/uploads\/2019\/02\/logoecm.png","width":159,"height":71,"caption":"Ikos Srl"},"image":{"@id":"https:\/\/www.ikosecm.it\/ecm\/#\/schema\/logo\/image\/"},"sameAs":["https:\/\/www.facebook.com\/ikosecm","https:\/\/x.com\/ikosecm"]},{"@type":"Person","@id":"https:\/\/www.ikosecm.it\/ecm\/#\/schema\/person\/85d9f9abb41bc7439b463d1a75c97501","name":"team.ikos","image":{"@type":"ImageObject","inLanguage":"it-IT","@id":"https:\/\/www.ikosecm.it\/ecm\/#\/schema\/person\/image\/","url":"https:\/\/secure.gravatar.com\/avatar\/330cca9621688d2919a9b1a9553844214aaa8f999c44055f0b6112bf2fa450b2?s=96&d=mm&r=g","contentUrl":"https:\/\/secure.gravatar.com\/avatar\/330cca9621688d2919a9b1a9553844214aaa8f999c44055f0b6112bf2fa450b2?s=96&d=mm&r=g","caption":"team.ikos"},"url":"https:\/\/www.ikosecm.it\/ecm\/author\/team-ikos\/"}]}},"_links":{"self":[{"href":"https:\/\/www.ikosecm.it\/ecm\/wp-json\/wp\/v2\/posts\/2141","targetHints":{"allow":["GET"]}}],"collection":[{"href":"https:\/\/www.ikosecm.it\/ecm\/wp-json\/wp\/v2\/posts"}],"about":[{"href":"https:\/\/www.ikosecm.it\/ecm\/wp-json\/wp\/v2\/types\/post"}],"author":[{"embeddable":true,"href":"https:\/\/www.ikosecm.it\/ecm\/wp-json\/wp\/v2\/users\/5"}],"replies":[{"embeddable":true,"href":"https:\/\/www.ikosecm.it\/ecm\/wp-json\/wp\/v2\/comments?post=2141"}],"version-history":[{"count":17,"href":"https:\/\/www.ikosecm.it\/ecm\/wp-json\/wp\/v2\/posts\/2141\/revisions"}],"predecessor-version":[{"id":2163,"href":"https:\/\/www.ikosecm.it\/ecm\/wp-json\/wp\/v2\/posts\/2141\/revisions\/2163"}],"wp:featuredmedia":[{"embeddable":true,"href":"https:\/\/www.ikosecm.it\/ecm\/wp-json\/wp\/v2\/media\/2154"}],"wp:attachment":[{"href":"https:\/\/www.ikosecm.it\/ecm\/wp-json\/wp\/v2\/media?parent=2141"}],"wp:term":[{"taxonomy":"category","embeddable":true,"href":"https:\/\/www.ikosecm.it\/ecm\/wp-json\/wp\/v2\/categories?post=2141"},{"taxonomy":"post_tag","embeddable":true,"href":"https:\/\/www.ikosecm.it\/ecm\/wp-json\/wp\/v2\/tags?post=2141"}],"curies":[{"name":"wp","href":"https:\/\/api.w.org\/{rel}","templated":true}]}}