{"id":2869,"date":"2021-08-30T11:55:55","date_gmt":"2021-08-30T09:55:55","guid":{"rendered":"https:\/\/www.ikosecm.it\/ecm\/?p=2869"},"modified":"2021-08-30T12:01:08","modified_gmt":"2021-08-30T10:01:08","slug":"trombosi-della-vena-centrale-della-retina-dalla-teoria-alla-pratica-clinica","status":"publish","type":"post","link":"https:\/\/www.ikosecm.it\/ecm\/corsi-ecm\/trombosi-della-vena-centrale-della-retina-dalla-teoria-alla-pratica-clinica\/","title":{"rendered":"TROMBOSI DELLA VENA CENTRALE DELLA RETINA. Dalla teoria alla pratica clinica."},"content":{"rendered":"\n<style type=\"text\/css\" data-created_by=\"avia_inline_auto\" id=\"style-css-av-krvrq8sv-08e91108b85589841f936ad91e9a1bb3\">\n#top .hr.hr-invisible.av-krvrq8sv-08e91108b85589841f936ad91e9a1bb3{\nheight:60px;\n}\n<\/style>\n<div  class='hr av-krvrq8sv-08e91108b85589841f936ad91e9a1bb3 hr-invisible  avia-builder-el-0  el_before_av_one_full  avia-builder-el-first '><span class='hr-inner '><span class=\"hr-inner-style\"><\/span><\/span><\/div>\n\n<style type=\"text\/css\" data-created_by=\"avia_inline_auto\" id=\"style-css-av-19y77s-6da3cf55bdcfb15d84d02fa3e68fadb4\">\n.flex_column.av-19y77s-6da3cf55bdcfb15d84d02fa3e68fadb4{\nborder-radius:0px 0px 0px 0px;\npadding:0px 0px 0px 0px;\n}\n<\/style>\n<div  class='flex_column av-19y77s-6da3cf55bdcfb15d84d02fa3e68fadb4 av_one_full  avia-builder-el-1  el_after_av_hr  el_before_av_hr  first flex_column_div av-zero-column-padding  '     ><p>\n<style type=\"text\/css\" data-created_by=\"avia_inline_auto\" id=\"style-css-av-9bttjm-091c1ca7ee63b3b1d44d913f69d1408f\">\n#top .av-special-heading.av-9bttjm-091c1ca7ee63b3b1d44d913f69d1408f{\npadding-bottom:10px;\n}\nbody .av-special-heading.av-9bttjm-091c1ca7ee63b3b1d44d913f69d1408f .av-special-heading-tag .heading-char{\nfont-size:25px;\n}\n.av-special-heading.av-9bttjm-091c1ca7ee63b3b1d44d913f69d1408f .av-subheading{\nfont-size:15px;\n}\n<\/style>\n<div  class='av-special-heading av-9bttjm-091c1ca7ee63b3b1d44d913f69d1408f av-special-heading-h2  avia-builder-el-2  el_before_av_textblock  avia-builder-el-first  av-linked-heading'><h2 class='av-special-heading-tag '  itemprop=\"headline\"  >DI COSA SI TRATTA?<\/h2><div class=\"special-heading-border\"><div class=\"special-heading-inner-border\"><\/div><\/div><\/div><br \/>\n<section  class='av_textblock_section av-jtaabdl7-6c03e2fe41f6a4235550376030252b9d '   itemscope=\"itemscope\" itemtype=\"https:\/\/schema.org\/BlogPosting\" itemprop=\"blogPost\" ><div class='avia_textblock'  itemprop=\"text\" ><p>E\u2019 una patologia vascolare che pu\u00f2 portare alla cecit\u00e0, la pi\u00f9 comune dopo la retinopatia diabetica.<br \/>\nSi riconosce per le emorragie retiniche diffuse e l\u2019aspetto tortuoso e dilatato delle vene.<br \/>\nColpisce la popolazione sopra i 50 anni, ma negli ultimi anni si segnala un forte aumento dei casi anche sotto i 40 anni!<\/p>\n<\/div><\/section><br \/>\n\n<style type=\"text\/css\" data-created_by=\"avia_inline_auto\" id=\"style-css-av-6xom0y-1755be6e727aebc9148f9e1331c85cfd\">\n#top .av-special-heading.av-6xom0y-1755be6e727aebc9148f9e1331c85cfd{\npadding-bottom:10px;\n}\nbody .av-special-heading.av-6xom0y-1755be6e727aebc9148f9e1331c85cfd .av-special-heading-tag .heading-char{\nfont-size:25px;\n}\n.av-special-heading.av-6xom0y-1755be6e727aebc9148f9e1331c85cfd .av-subheading{\nfont-size:15px;\n}\n<\/style>\n<div  class='av-special-heading av-6xom0y-1755be6e727aebc9148f9e1331c85cfd av-special-heading-h3  avia-builder-el-4  el_after_av_textblock  el_before_av_textblock  av-linked-heading'><h3 class='av-special-heading-tag '  itemprop=\"headline\"  >QUALI FORME ESISTONO? <\/h3><div class=\"special-heading-border\"><div class=\"special-heading-inner-border\"><\/div><\/div><\/div><br \/>\n<section  class='av_textblock_section av-jtaabdl7-6c03e2fe41f6a4235550376030252b9d '   itemscope=\"itemscope\" itemtype=\"https:\/\/schema.org\/BlogPosting\" itemprop=\"blogPost\" ><div class='avia_textblock'  itemprop=\"text\" ><p>Le trombosi venose posso riguardare tutta la vena centrale o soltanto una parte di essa, ne esistono diverse forme date da:<\/p>\n<ul>\n<li>edema: iniziano lentamente completandosi entro 10 giorni;<\/li>\n<li>ischemia: iniziano i maniera repentina provocando l\u2019insorgenza di membrane\u00a0neovascolari formate da capillari patologici, che potr\u00e0 portare a glaucoma;<\/li>\n<li>forme miste: tipiche dei soggetti con ipertensione arteriosa;<\/li>\n<li>forme del giovane: in genere basta la terapia farmacologica, ma possono esserci delle recidive.<\/li>\n<\/ul>\n<p>Nelle occlusioni di branche della vena centrale della retina in genere \u00e8 necessario intervenire col laser al fine di evitare complicazioni, glaucomi ed emorragie.<\/p>\n<\/div><\/section><br \/>\n\n<style type=\"text\/css\" data-created_by=\"avia_inline_auto\" id=\"style-css-av-kcn1cp4i-3bbda6d5e9b1baa74ed4fabbc3057d31\">\n.avia-image-container.av-kcn1cp4i-3bbda6d5e9b1baa74ed4fabbc3057d31 img.avia_image{\nbox-shadow:none;\n}\n.avia-image-container.av-kcn1cp4i-3bbda6d5e9b1baa74ed4fabbc3057d31 .av-image-caption-overlay-center{\ncolor:#ffffff;\n}\n<\/style>\n<div  class='avia-image-container av-kcn1cp4i-3bbda6d5e9b1baa74ed4fabbc3057d31 av-styling- avia-align-center  avia-builder-el-6  el_after_av_textblock  el_before_av_heading '   itemprop=\"image\" itemscope=\"itemscope\" itemtype=\"https:\/\/schema.org\/ImageObject\" ><div class=\"avia-image-container-inner\"><div class=\"avia-image-overlay-wrap\"><img decoding=\"async\" fetchpriority=\"high\" class='wp-image-2876 avia-img-lazy-loading-not-2876 avia_image ' src=\"https:\/\/www.ikosecm.it\/ecm\/wp-content\/uploads\/2021\/08\/occhio.jpg\" alt='' title='occhio'  height=\"500\" width=\"750\"  itemprop=\"thumbnailUrl\" srcset=\"https:\/\/www.ikosecm.it\/ecm\/wp-content\/uploads\/2021\/08\/occhio.jpg 750w, https:\/\/www.ikosecm.it\/ecm\/wp-content\/uploads\/2021\/08\/occhio-300x200.jpg 300w, https:\/\/www.ikosecm.it\/ecm\/wp-content\/uploads\/2021\/08\/occhio-705x470.jpg 705w\" sizes=\"(max-width: 750px) 100vw, 750px\" \/><\/div><\/div><\/div><br \/>\n\n<style type=\"text\/css\" data-created_by=\"avia_inline_auto\" id=\"style-css-av-67tr82-c26251ad12353cb5f2bf82883d84a3ef\">\n#top .av-special-heading.av-67tr82-c26251ad12353cb5f2bf82883d84a3ef{\npadding-bottom:10px;\n}\nbody .av-special-heading.av-67tr82-c26251ad12353cb5f2bf82883d84a3ef .av-special-heading-tag .heading-char{\nfont-size:25px;\n}\n.av-special-heading.av-67tr82-c26251ad12353cb5f2bf82883d84a3ef .av-subheading{\nfont-size:15px;\n}\n<\/style>\n<div  class='av-special-heading av-67tr82-c26251ad12353cb5f2bf82883d84a3ef av-special-heading-h3  avia-builder-el-7  el_after_av_image  el_before_av_textblock  av-linked-heading'><h3 class='av-special-heading-tag '  itemprop=\"headline\"  >TERAPIA<\/h3><div class=\"special-heading-border\"><div class=\"special-heading-inner-border\"><\/div><\/div><\/div><br \/>\n<section  class='av_textblock_section av-jtaabdl7-6c03e2fe41f6a4235550376030252b9d '   itemscope=\"itemscope\" itemtype=\"https:\/\/schema.org\/BlogPosting\" itemprop=\"blogPost\" ><div class='avia_textblock'  itemprop=\"text\" ><p>La terapia farmacologica cura i fattori di rischio una volta individuati.<\/p>\n<p>La terapia medica locale gestisce le complicanze tramite colliri, Fans e cortisonici.<\/p>\n<p>La terapia fisica si avvale del laser ad argon e cerca di gestire le complicanze, quali ischemia retinica periferica con proliferazione neovascolare e edema maculare in TVBR.<\/p>\n<p>Il corso approfondisce le metodiche strumentali pi\u00f9 utilizzate attualmente, soffermandosi sulle cure pi\u00f9 efficaci che hanno preso piede negli ultimi anni.<\/p>\n<\/div><\/section><br \/>\n<div  class='av_promobox av-ke2id5hv-ceac41f582f299474d837dc4624d9af3 avia-button-yes  avia-builder-el-9  el_after_av_textblock  el_before_av_image '><div class='avia-promocontent'><p>\nApprofondisci il tema della trombosi della vena centrale della retina con un corso ECM di alta qualit\u00e0. Il prezzo? SCOPRILO!<\/p>\n<\/div><div  class='avia-button-wrap av-ke2id5hv-5f660391a2efb563cc67c3c7c81e5478-wrap avia-button-right '><a href='https:\/\/www.ikosecm.it\/trombosi-della-vena-centrale-della-retina-dalla-teoria-alla-pratica-clinica.html'  class='avia-button av-ke2id5hv-5f660391a2efb563cc67c3c7c81e5478 av-link-btn avia-icon_select-no avia-size-large avia-position-right avia-color-aqua'  target=\"_blank\"  rel=\"noopener noreferrer\"  aria-label=\"Scopri di pi\u00f9\"><span class='avia_iconbox_title' >Scopri di pi\u00f9<\/span><\/a><\/div><\/div><br \/>\n\n<style type=\"text\/css\" data-created_by=\"avia_inline_auto\" id=\"style-css-av-kcn1cp4i-17179a0c20c215e9beaaf46feb495efd\">\n.avia-image-container.av-kcn1cp4i-17179a0c20c215e9beaaf46feb495efd img.avia_image{\nbox-shadow:none;\n}\n.avia-image-container.av-kcn1cp4i-17179a0c20c215e9beaaf46feb495efd .av-image-caption-overlay-center{\ncolor:#ffffff;\n}\n<\/style>\n<div  class='avia-image-container av-kcn1cp4i-17179a0c20c215e9beaaf46feb495efd av-styling- avia-align-center  avia-builder-el-10  el_after_av_promobox  el_before_av_heading  av-has-copyright av-copyright-always'   itemprop=\"image\" itemscope=\"itemscope\" itemtype=\"https:\/\/schema.org\/ImageObject\" ><div class=\"avia-image-container-inner\"><div class=\"avia-image-overlay-wrap\"><img decoding=\"async\" fetchpriority=\"high\" class='wp-image-2879 avia-img-lazy-loading-not-2879 avia_image ' src=\"https:\/\/www.ikosecm.it\/ecm\/wp-content\/uploads\/2021\/08\/Progetto-senza-titolo.jpg\" alt='' title='Retina vena'  height=\"788\" width=\"940\"  itemprop=\"thumbnailUrl\" srcset=\"https:\/\/www.ikosecm.it\/ecm\/wp-content\/uploads\/2021\/08\/Progetto-senza-titolo.jpg 940w, https:\/\/www.ikosecm.it\/ecm\/wp-content\/uploads\/2021\/08\/Progetto-senza-titolo-300x251.jpg 300w, https:\/\/www.ikosecm.it\/ecm\/wp-content\/uploads\/2021\/08\/Progetto-senza-titolo-768x644.jpg 768w, https:\/\/www.ikosecm.it\/ecm\/wp-content\/uploads\/2021\/08\/Progetto-senza-titolo-705x591.jpg 705w\" sizes=\"(max-width: 940px) 100vw, 940px\" \/><\/div><small class=\"avia-copyright\">@Canva<\/small><\/div><\/div><br \/>\n\n<style type=\"text\/css\" data-created_by=\"avia_inline_auto\" id=\"style-css-av-4m0zte-446f71ae2380763e128ae33d059a9cfc\">\n#top .av-special-heading.av-4m0zte-446f71ae2380763e128ae33d059a9cfc{\npadding-bottom:10px;\n}\nbody .av-special-heading.av-4m0zte-446f71ae2380763e128ae33d059a9cfc .av-special-heading-tag .heading-char{\nfont-size:25px;\n}\n.av-special-heading.av-4m0zte-446f71ae2380763e128ae33d059a9cfc .av-subheading{\nfont-size:15px;\n}\n<\/style>\n<div  class='av-special-heading av-4m0zte-446f71ae2380763e128ae33d059a9cfc av-special-heading-h3  avia-builder-el-11  el_after_av_image  el_before_av_textblock  av-linked-heading'><h3 class='av-special-heading-tag '  itemprop=\"headline\"  >COVID-19 E TROMBOSI RETINICA<\/h3><div class=\"special-heading-border\"><div class=\"special-heading-inner-border\"><\/div><\/div><\/div><br \/>\n<section  class='av_textblock_section av-jtaabdl7-6c03e2fe41f6a4235550376030252b9d '   itemscope=\"itemscope\" itemtype=\"https:\/\/schema.org\/BlogPosting\" itemprop=\"blogPost\" ><div class='avia_textblock'  itemprop=\"text\" ><p>Nell\u2019analizzare i vari casi, si prendono in esame anche le correlazioni di una risposta iperinfiammatoria che pu\u00f2 scatenare il covid-19, portando ad occlusioni in zone inusuali come quelle retiniche.<\/p>\n<p>Prendere in considerazione una precoce terapia anticoagulante in soggetti a rischio affetti da covid-19 potrebbe prevenirne l\u2019insorgenza.<\/p>\n<\/div><\/section><\/p><\/div>\n<div  class='hr av-k372joxb-7b5be1666f276816ca418e3d578f914e hr-short  avia-builder-el-13  el_after_av_one_full  el_before_av_one_full  hr-center'><span class='hr-inner '><span class=\"hr-inner-style\"><\/span><\/span><\/div>\n\n<style type=\"text\/css\" data-created_by=\"avia_inline_auto\" id=\"style-css-av-rrf0d-de73f17452d9f35340cdec6e6cef8212\">\n.flex_column.av-rrf0d-de73f17452d9f35340cdec6e6cef8212{\nborder-radius:0px 0px 0px 0px;\npadding:0px 0px 0px 0px;\n}\n<\/style>\n<div  class='flex_column av-rrf0d-de73f17452d9f35340cdec6e6cef8212 av_one_full  avia-builder-el-14  el_after_av_hr  el_before_av_one_full  first flex_column_div av-zero-column-padding  '     ><p>\n<style type=\"text\/css\" data-created_by=\"avia_inline_auto\" id=\"style-css-av-ki8o1fgu-08a9c695fd9e12fea995d9bdb2dfb906\">\n#top .av-special-heading.av-ki8o1fgu-08a9c695fd9e12fea995d9bdb2dfb906{\npadding-bottom:10px;\n}\nbody .av-special-heading.av-ki8o1fgu-08a9c695fd9e12fea995d9bdb2dfb906 .av-special-heading-tag .heading-char{\nfont-size:25px;\n}\n.av-special-heading.av-ki8o1fgu-08a9c695fd9e12fea995d9bdb2dfb906 .av-subheading{\nfont-size:15px;\n}\n<\/style>\n<div  class='av-special-heading av-ki8o1fgu-08a9c695fd9e12fea995d9bdb2dfb906 av-special-heading-h3  avia-builder-el-15  el_before_av_textblock  avia-builder-el-first  av-linked-heading'><h3 class='av-special-heading-tag '  itemprop=\"headline\"  >TROMBOSI DELLA VENA CENTRALE DELLA RETINA. Dalla teoria alla pratica clinica DI COSA SI TRATTA?. Approfondisci con un corso specialistico ECM FAD da 10 crediti<\/h3><div class=\"special-heading-border\"><div class=\"special-heading-inner-border\"><\/div><\/div><\/div><br \/>\n<section  class='av_textblock_section av-jtaavp2p-b043e3bb1ee1fe883ec9bd3b03accd2a '   itemscope=\"itemscope\" itemtype=\"https:\/\/schema.org\/BlogPosting\" itemprop=\"blogPost\" ><div class='avia_textblock'  itemprop=\"text\" ><p>In\u00a0<a href=\"https:\/\/www.ikosecm.it\/trombosi-della-vena-centrale-della-retina-dalla-teoria-alla-pratica-clinica.html\" target=\"_blank\" rel=\"noopener\">questo corso ECM<\/a> dal titolo <a href=\"https:\/\/www.ikosecm.it\/trombosi-della-vena-centrale-della-retina-dalla-teoria-alla-pratica-clinica.html\" target=\"_blank\" rel=\"noopener\">TROMBOSI DELLA VENA CENTRALE DELLA RETINA. Dalla teoria alla pratica<\/a><\/p>\n<p>a\u00a0cura della <em>a cura della dott.ssa Francesca Fronticelli Baldelli <\/em>si pone l\u2019obiettivo di dare rivedere brevemente i tratti distintivi della trombosi retinica, passando attraverso l&#8217;evoluzione negli anni dell&#8217;iter diagnostico e approfondendo le metodiche strumentali pi\u00f9 utilizzate attualmente. Valutazione di alcuni casi clinici &#8220;classici&#8221; per capire come affrontare nella pratica clinica la problematica.  Focus on ci\u00f2 che \u00e8 capitato e sta capitando nell&#8217;ultimo anno: la correlazione sempre pi\u00f9 emergente tra infezione da Covid-19 e l&#8217;insorgenza di patologie trombotiche anche a localizzazione retinica.<\/p>\n<p><a href=\"https:\/\/www.ikosecm.it\/trombosi-della-vena-centrale-della-retina-dalla-teoria-alla-pratica-clinica.html\">Cliccando QUI <\/a>potrai accedere a questo corso ECM FAD che potrai seguire ONLINE e del quale potrai scaricare o ricevere il certificato via email.<\/p>\n<p>Il corso \u00e8 cos\u00ec suddiviso:<\/p>\n<p>1) Definizione e quadro clinico<br \/>\n2) Complicanze pi\u00f9 importanti<br \/>\n3) Popolazione interessata<br \/>\n4) Fattori predisponenti<br \/>\n5) Forme cliniche :<br \/>\n&#8211; OVC ischemica<br \/>\n&#8211; OVC non ischemica<br \/>\n6) Approccio diagnostico<br \/>\n7) Istologia e fisiopatologia<br \/>\n8) Sintomatologia<br \/>\n9) Valutazione iniziale<br \/>\n10) Decorso e prognosi<br \/>\n11) Occlusione venosa retinica di branca<br \/>\n12) Complicanze edema maculare non ischemico<br \/>\n13) Complicanze edema maculare ischemico<br \/>\n14) Trattamento laser delle edema maculare<br \/>\n15) Terapia:<br \/>\n&#8211; Introduzione<br \/>\n&#8211; Trattamento medico TVCR:<br \/>\na)    triamcinolonone<br \/>\nb)    Ozurdex<br \/>\nc)    AntiVegf:<br \/>\nd)    Ranimizumab<br \/>\ne)    Bevacizumab<br \/>\nf)     Aflibercept<br \/>\n16) Terapia medica TVBR:<br \/>\n&#8211; laser<br \/>\n&#8211; corticosteroidi<br \/>\n&#8211; antiVegf<br \/>\n&#8211; Ranimizumab<br \/>\n&#8211; Bevacizumab<br \/>\n&#8211; Aflibercept<br \/>\n17) Terapia medica: Real Life<br \/>\n18) FAG<br \/>\n19) OCT strutturale<br \/>\n20) AngioOCT e occlusioni vascolari<br \/>\n21) Casi clinici:<br \/>\n&#8211; I TROMBOSI DI BRANCA<br \/>\n&#8211; II TVCR<br \/>\n&#8211; III TVCR<br \/>\n&#8211; IV TVBR<br \/>\n22) COSA C&#8217;\u00c8 DI NUOVO OGGI<br \/>\n23) CORRELAZIONE TRA COVID-19 DISEASE E TROMBOSI RETINICA: CASI CLINICI<br \/>\nBIBLIOGRAFIA<br \/>\n QUESTIONARIO DI VALUTAZIONE FINALE<\/p>\n<p>La prova di apprendimento potr\u00e0 essere effettuata al termine del corso, dopo aver seguito le lezioni.<\/p>\n<p>La prova di apprendimento consister\u00e0 in un questionario composto da <strong>45 domande<\/strong> a risposta multipla con 4 possibilit\u00e0 di risposta di cui una sola giusta.<br \/>\nLa soglia di superamento prevista \u00e8 del 75%. E&#8217; prevista una doppia randomizzazione delle domande.<br \/>\n<strong>SONO POSSIBILI 5 TENTATIVI<\/strong><\/p>\n<p>Il corso dar\u00e0 diritto a <strong>ben 10\u00a0\u00a0<a href=\"https:\/\/it.wikipedia.org\/wiki\/Educazione_continua_in_medicina\" target=\"_blank\" rel=\"noopener\">crediti ECM<\/a> <\/strong>previo superamento del\u00a0prova finale.<\/p>\n<\/div><\/section><br \/>\n<div  class='avia-button-wrap av-juymosjh-c911097d9ef3bb38cc48a32c6401bda7-wrap avia-button-center  avia-builder-el-17  el_after_av_textblock  avia-builder-el-last '><a href='https:\/\/www.ikosecm.it\/trombosi-della-vena-centrale-della-retina-dalla-teoria-alla-pratica-clinica.html'  class='avia-button av-juymosjh-c911097d9ef3bb38cc48a32c6401bda7 av-link-btn avia-icon_select-no avia-size-large avia-position-center avia-color-dark'  target=\"_blank\"  rel=\"noopener noreferrer\"  aria-label=\"ACCEDI AL CORSO ECM\"><span class='avia_iconbox_title' >ACCEDI AL CORSO ECM<\/span><\/a><\/div><\/p><\/div>\n\n<style type=\"text\/css\" data-created_by=\"avia_inline_auto\" id=\"style-css-av-ju9mx8al-f27802493377c0b83cc6f5a3a32a6c94\">\n.flex_column.av-ju9mx8al-f27802493377c0b83cc6f5a3a32a6c94{\nborder-radius:0px 0px 0px 0px;\npadding:0px 0px 0px 0px;\n}\n<\/style>\n<div  class='flex_column av-ju9mx8al-f27802493377c0b83cc6f5a3a32a6c94 av_one_full  avia-builder-el-18  el_after_av_one_full  el_before_av_hr  first flex_column_div av-animated-generic fade-in av-zero-column-padding avia-link-column av-column-link avia-link-column-hover  column-top-margin'    data-link-column-url=\"https:\/\/www.ikosecm.it\/app\/media\/uploads\/lezioni\/1557\/index.html\"  data-link-column-target=\"_blank\"   ><a class=\"av-screen-reader-only\" href=https:\/\/www.ikosecm.it\/app\/media\/uploads\/lezioni\/1557\/index.html  target=\"_blank\" >Segui un collegamento aggiunto manuale<\/a><section  class='av_textblock_section av-jtaavp2p-61daf424d20915524007c21c28cddb36 '   itemscope=\"itemscope\" itemtype=\"https:\/\/schema.org\/BlogPosting\" itemprop=\"blogPost\" ><div class='avia_textblock'  itemprop=\"text\" ><h4 style=\"text-align: center;\">Guarda l&#8217;anteprima gratuita del corso ECM<\/h4>\n<div class=\"page\" title=\"Page 48\">\n<div class=\"section\">\n<div class=\"layoutArea\">\n<div class=\"column\">\n<div class=\"page\" title=\"Page 49\">\n<div class=\"section\">\n<div class=\"layoutArea\">\n<div class=\"column\"><\/div>\n<\/div>\n<\/div>\n<\/div>\n<\/div>\n<\/div>\n<\/div>\n<\/div>\n<\/div><\/section><br \/>\n\n<style type=\"text\/css\" data-created_by=\"avia_inline_auto\" id=\"style-css-av-jw0pkg1e-690afcc9be7c1a4cb1af34f1b12301c9\">\n.avia-image-container.av-jw0pkg1e-690afcc9be7c1a4cb1af34f1b12301c9 img.avia_image{\nbox-shadow:none;\n}\n.avia-image-container.av-jw0pkg1e-690afcc9be7c1a4cb1af34f1b12301c9 .av-caption-image-overlay-bg{\nopacity:0.4;\nbackground-color:#000000;\n}\n.avia-image-container.av-jw0pkg1e-690afcc9be7c1a4cb1af34f1b12301c9 .av-image-caption-overlay-center{\ncolor:#ffffff;\n}\n<\/style>\n<div  class='avia-image-container av-jw0pkg1e-690afcc9be7c1a4cb1af34f1b12301c9 av-styling- avia-align-center  avia-builder-el-20  el_after_av_textblock  el_before_av_hr  noHover av-overlay-hover-deactivate'   itemprop=\"image\" itemscope=\"itemscope\" itemtype=\"https:\/\/schema.org\/ImageObject\" ><div class=\"avia-image-container-inner\"><div class=\"avia-image-overlay-wrap\"><div class=\"av-image-caption-overlay\"><div class=\"av-caption-image-overlay-bg\"><\/div><div class=\"av-image-caption-overlay-position\"><div class=\"av-image-caption-overlay-center\"><\/div><\/div><\/div><img decoding=\"async\" fetchpriority=\"high\" class='wp-image-2882 avia-img-lazy-loading-not-2882 avia_image ' src=\"https:\/\/www.ikosecm.it\/ecm\/wp-content\/uploads\/2021\/08\/anteprima-retina-trombosi.jpg\" alt='' title='anteprima retina trombosi'  height=\"740\" width=\"1226\"  itemprop=\"thumbnailUrl\" srcset=\"https:\/\/www.ikosecm.it\/ecm\/wp-content\/uploads\/2021\/08\/anteprima-retina-trombosi.jpg 1226w, https:\/\/www.ikosecm.it\/ecm\/wp-content\/uploads\/2021\/08\/anteprima-retina-trombosi-300x181.jpg 300w, https:\/\/www.ikosecm.it\/ecm\/wp-content\/uploads\/2021\/08\/anteprima-retina-trombosi-1030x622.jpg 1030w, https:\/\/www.ikosecm.it\/ecm\/wp-content\/uploads\/2021\/08\/anteprima-retina-trombosi-768x464.jpg 768w, https:\/\/www.ikosecm.it\/ecm\/wp-content\/uploads\/2021\/08\/anteprima-retina-trombosi-705x426.jpg 705w\" sizes=\"(max-width: 1226px) 100vw, 1226px\" \/><\/div><\/div><\/div><br \/>\n\n<style type=\"text\/css\" data-created_by=\"avia_inline_auto\" id=\"style-css-av-k3rfeqj1-e91e3e0489cc40ee4915adfd04d26a64\">\n#top .hr.hr-invisible.av-k3rfeqj1-e91e3e0489cc40ee4915adfd04d26a64{\nheight:50px;\n}\n<\/style>\n<div  class='hr av-k3rfeqj1-e91e3e0489cc40ee4915adfd04d26a64 hr-invisible  avia-builder-el-21  el_after_av_image  el_before_av_animated_numbers '><span class='hr-inner '><span class=\"hr-inner-style\"><\/span><\/span><\/div><br \/>\n\n<style type=\"text\/css\" data-created_by=\"avia_inline_auto\" id=\"style-css-av-ju9n2o0t-cfb7cd59c5b3f5a0866655920547f048\">\n#top .avia-animated-number.av-ju9n2o0t-cfb7cd59c5b3f5a0866655920547f048 .avia-animated-number-title{\nfont-size:40px;\n}\n.avia-animated-number.av-ju9n2o0t-cfb7cd59c5b3f5a0866655920547f048 .avia-animated-number-circle-inner{\nborder-style:none;\nbox-shadow:none;\n}\n<\/style>\n<div  class=\"avia-animated-number av-ju9n2o0t-cfb7cd59c5b3f5a0866655920547f048 av-force-default-color avia_animate_when_visible  avia-builder-el-22  el_after_av_hr  avia-builder-el-last  \" data-timer=\"3000\"><strong class=\"heading avia-animated-number-title\"><span class=\"avia-single-number __av-single-number\" data-number_format=\"\" data-number=\"10\" data-start_from=\"0\">10<\/span><\/strong><div class=\"avia-animated-number-content\"><p>Crediti ECM<\/p>\n<\/div><\/div><\/p><\/div>\n<div  class='hr av-d0lho-f9b6919b96a7ea17baea2d49a5ce7ebb hr-default  avia-builder-el-23  el_after_av_one_full  el_before_av_heading '><span class='hr-inner '><span class=\"hr-inner-style\"><\/span><\/span><\/div>\n\n<style type=\"text\/css\" data-created_by=\"avia_inline_auto\" id=\"style-css-av-2cnguq-955324997cbc92ba2c09b9d378612745\">\n#top .av-special-heading.av-2cnguq-955324997cbc92ba2c09b9d378612745{\npadding-bottom:10px;\n}\nbody .av-special-heading.av-2cnguq-955324997cbc92ba2c09b9d378612745 .av-special-heading-tag .heading-char{\nfont-size:25px;\n}\n.av-special-heading.av-2cnguq-955324997cbc92ba2c09b9d378612745 .av-subheading{\nfont-size:15px;\n}\n<\/style>\n<div  class='av-special-heading av-2cnguq-955324997cbc92ba2c09b9d378612745 av-special-heading-h4  avia-builder-el-24  el_after_av_hr  el_before_av_three_fifth  av-linked-heading'><h4 class='av-special-heading-tag '  itemprop=\"headline\"  >Risparmia sul tuo percorso formativo ECM con le promozioni IKOS!<\/h4><div class=\"special-heading-border\"><div class=\"special-heading-inner-border\"><\/div><\/div><\/div>\n\n<style type=\"text\/css\" data-created_by=\"avia_inline_auto\" id=\"style-css-av-eqi5r-167342179bfa5bb25feac7d146468f0b\">\n.flex_column.av-eqi5r-167342179bfa5bb25feac7d146468f0b{\nborder-radius:0px 0px 0px 0px;\npadding:0px 0px 0px 0px;\n}\n<\/style>\n<div  class='flex_column av-eqi5r-167342179bfa5bb25feac7d146468f0b av_three_fifth  avia-builder-el-25  el_after_av_heading  el_before_av_two_fifth  first flex_column_div av-zero-column-padding  '     ><p><section  class='av_textblock_section av-jsx3alm2-14a6a5c53737fc20dc552bada62998a7 '   itemscope=\"itemscope\" itemtype=\"https:\/\/schema.org\/BlogPosting\" itemprop=\"blogPost\" ><div class='avia_textblock'  itemprop=\"text\" ><p>Grazie alle tante <a href=\"https:\/\/www.ikosecm.it\/promozioni.php\" target=\"_blank\" rel=\"noopener\"><strong>Promozioni IKOS<\/strong><\/a> sui corsi FAD online potrai risparmiare e allo stesso tempo fruire di corsi ECM di alta qualit\u00e0, compatibili con tutti i <em>device<\/em> e quindi fruibili da ovunque vorrai.<\/p>\n<ul>\n<li><strong><a href=\"https:\/\/www.ikosecm.it\/promozioni.php\" target=\"_blank\" rel=\"noopener\">Il meno caro \u00e8 GRATIS<\/a><\/strong><\/li>\n<li><strong><a href=\"https:\/\/www.ikosecm.it\/promozioni.php\" target=\"_blank\" rel=\"noopener\">SCONTO 10% per 2 corsi FAD Ecm<\/a><\/strong><\/li>\n<li><strong><a href=\"https:\/\/www.ikosecm.it\/promozioni.php\" target=\"_blank\" rel=\"noopener\">Acquisti di gruppo<\/a><\/strong><\/li>\n<\/ul>\n<\/div><\/section><br \/>\n<div  class='avia-button-wrap av-jsx3bseu-de5e2a1be1aa30f2971f1117e105a116-wrap avia-button-left  avia-builder-el-27  el_after_av_textblock  avia-builder-el-last '><a href='https:\/\/www.ikosecm.it\/promozioni.php'  class='avia-button av-jsx3bseu-de5e2a1be1aa30f2971f1117e105a116 av-link-btn avia-icon_select-no avia-size-large avia-position-left avia-color-dark'  target=\"_blank\"  rel=\"noopener noreferrer\"  aria-label=\"SCOPRI DI PI\u00d9\"><span class='avia_iconbox_title' >SCOPRI DI PI\u00d9<\/span><\/a><\/div><\/p><\/div>\n\n<style type=\"text\/css\" data-created_by=\"avia_inline_auto\" id=\"style-css-av-72t07-0e3e037d189a05633ea8026437435514\">\n.flex_column.av-72t07-0e3e037d189a05633ea8026437435514{\nborder-radius:0px 0px 0px 0px;\npadding:0px 0px 0px 0px;\n}\n<\/style>\n<div  class='flex_column av-72t07-0e3e037d189a05633ea8026437435514 av_two_fifth  avia-builder-el-28  el_after_av_three_fifth  el_before_av_hr  flex_column_div av-zero-column-padding  '     ><p>\n<style type=\"text\/css\" data-created_by=\"avia_inline_auto\" id=\"style-css-av-jsx2nve0-dc085c5bb68990a5562dda7e8e963393\">\n.avia-image-container.av-jsx2nve0-dc085c5bb68990a5562dda7e8e963393 img.avia_image{\nbox-shadow:none;\n}\n.avia-image-container.av-jsx2nve0-dc085c5bb68990a5562dda7e8e963393 .av-image-caption-overlay-center{\ncolor:#ffffff;\n}\n<\/style>\n<div  class='avia-image-container av-jsx2nve0-dc085c5bb68990a5562dda7e8e963393 av-styling- avia-align-center  avia-builder-el-29  el_before_av_hr  avia-builder-el-first '   itemprop=\"image\" itemscope=\"itemscope\" itemtype=\"https:\/\/schema.org\/ImageObject\" ><div class=\"avia-image-container-inner\"><div class=\"avia-image-overlay-wrap\"><img decoding=\"async\" fetchpriority=\"high\" class='wp-image-2887 avia-img-lazy-loading-not-2887 avia_image ' src=\"https:\/\/www.ikosecm.it\/ecm\/wp-content\/uploads\/2021\/08\/Le-nostre-PROMO_IKOS-300x251.jpg\" alt='' title='Le nostre PROMO_IKOS'  height=\"251\" width=\"300\"  itemprop=\"thumbnailUrl\" srcset=\"https:\/\/www.ikosecm.it\/ecm\/wp-content\/uploads\/2021\/08\/Le-nostre-PROMO_IKOS-300x251.jpg 300w, https:\/\/www.ikosecm.it\/ecm\/wp-content\/uploads\/2021\/08\/Le-nostre-PROMO_IKOS-768x644.jpg 768w, https:\/\/www.ikosecm.it\/ecm\/wp-content\/uploads\/2021\/08\/Le-nostre-PROMO_IKOS-705x591.jpg 705w, https:\/\/www.ikosecm.it\/ecm\/wp-content\/uploads\/2021\/08\/Le-nostre-PROMO_IKOS.jpg 940w\" sizes=\"(max-width: 300px) 100vw, 300px\" \/><\/div><\/div><\/div><br \/>\n\n<style type=\"text\/css\" data-created_by=\"avia_inline_auto\" id=\"style-css-av-6zrsa-a7749ffc2b41ff52b7d2be4904903994\">\n#top .hr.hr-invisible.av-6zrsa-a7749ffc2b41ff52b7d2be4904903994{\nheight:50px;\n}\n<\/style>\n<div  class='hr av-6zrsa-a7749ffc2b41ff52b7d2be4904903994 hr-invisible  avia-builder-el-30  el_after_av_image  avia-builder-el-last '><span class='hr-inner '><span class=\"hr-inner-style\"><\/span><\/span><\/div><\/p><\/div>\n<style type=\"text\/css\" data-created_by=\"avia_inline_auto\" id=\"style-css-av-6zrsa-a7749ffc2b41ff52b7d2be4904903994\">\n#top .hr.hr-invisible.av-6zrsa-a7749ffc2b41ff52b7d2be4904903994{\nheight:50px;\n}\n<\/style>\n<div  class='hr av-6zrsa-a7749ffc2b41ff52b7d2be4904903994 hr-invisible  avia-builder-el-31  el_after_av_two_fifth  avia-builder-el-last '><span class='hr-inner '><span class=\"hr-inner-style\"><\/span><\/span><\/div><\/p>\n","protected":false},"excerpt":{"rendered":"<p>La trombosi retinica \u00e8 un argomento in parte noto,nella sua patogenesi, in parte ancora tutto da scoprire. Questo corso nasce con l&#8217;idea di rivedere brevemente i tratti distintivi di tale patologia, passando attraverso l&#8217;evoluzione negli anni dell&#8217;iter diagnostico e approfondendo le metodiche strumentali pi\u00f9 utilizzate attualmente. Valutazione di alcuni casi clinici &#8220;classici&#8221; per capire come affrontare nella pratica clinica la problematica.  Focus on ci\u00f2 che \u00e8 capitato e sta capitando nell&#8217;ultimo anno: la correlazione sempre pi\u00f9 emergente tra infezione da Covid-19 e l&#8217;insorgenza di patologie trombotiche anche a localizzazione retinica<\/p>\n","protected":false},"author":5,"featured_media":2881,"comment_status":"closed","ping_status":"open","sticky":false,"template":"","format":"standard","meta":{"footnotes":""},"categories":[25],"tags":[484,89,446,59,341,116,64,65,521,522,524,519,523,518,520,517],"class_list":["post-2869","post","type-post","status-publish","format-standard","has-post-thumbnail","hentry","category-corsi-ecm","tag-corsi-di-formazioni-medici","tag-corsi-ecm","tag-corsi-ecm-medici","tag-corso-ecm","tag-corso-ecm-fad","tag-corso-ecm-ortopedici","tag-corso-fad","tag-crediti-ecm","tag-edema","tag-ischemia","tag-laser","tag-occhio","tag-pratica-chirurgica","tag-retina","tag-teoria","tag-trombosi"],"yoast_head":"<!-- This site is optimized with the Yoast SEO plugin v25.5 - https:\/\/yoast.com\/wordpress\/plugins\/seo\/ -->\n<title>trombosi della vena centrale della retina | Per i Professionisti | Ecm made easy!<\/title>\n<meta name=\"description\" content=\"La trombosi retinica \u00e8 un argomento in parte noto, nella sua patogenesi, in parte ancora tutto da scoprire. Questo corso nasce con l&#039;idea di rivedere brevemente i tratti distintivi di tale patologia. Articolo e Corso ECM da 10 crediti\" \/>\n<meta name=\"robots\" content=\"index, follow, max-snippet:-1, max-image-preview:large, max-video-preview:-1\" \/>\n<link rel=\"canonical\" href=\"https:\/\/www.ikosecm.it\/ecm\/corsi-ecm\/trombosi-della-vena-centrale-della-retina-dalla-teoria-alla-pratica-clinica\/\" \/>\n<meta property=\"og:locale\" content=\"it_IT\" \/>\n<meta property=\"og:type\" content=\"article\" \/>\n<meta property=\"og:title\" content=\"trombosi della vena centrale della retina | Per i Professionisti | Ecm made easy!\" \/>\n<meta property=\"og:description\" content=\"La trombosi retinica \u00e8 un argomento in parte noto, nella sua patogenesi, in parte ancora tutto da scoprire. Questo corso nasce con l&#039;idea di rivedere brevemente i tratti distintivi di tale patologia. Articolo e Corso ECM da 10 crediti\" \/>\n<meta property=\"og:url\" content=\"https:\/\/www.ikosecm.it\/ecm\/corsi-ecm\/trombosi-della-vena-centrale-della-retina-dalla-teoria-alla-pratica-clinica\/\" \/>\n<meta property=\"og:site_name\" content=\"Ecm made easy!\" \/>\n<meta property=\"article:publisher\" content=\"https:\/\/www.facebook.com\/ikosecm\" \/>\n<meta property=\"article:published_time\" content=\"2021-08-30T09:55:55+00:00\" \/>\n<meta property=\"article:modified_time\" content=\"2021-08-30T10:01:08+00:00\" \/>\n<meta property=\"og:image\" content=\"https:\/\/www.ikosecm.it\/ecm\/wp-content\/uploads\/2021\/08\/trombosi-retina-occhio-copia-scaled.jpg\" \/>\n\t<meta property=\"og:image:width\" content=\"2560\" \/>\n\t<meta property=\"og:image:height\" content=\"1707\" \/>\n\t<meta property=\"og:image:type\" content=\"image\/jpeg\" \/>\n<meta name=\"author\" content=\"team.ikos\" \/>\n<meta name=\"twitter:card\" content=\"summary_large_image\" \/>\n<meta name=\"twitter:creator\" content=\"@ikosecm\" \/>\n<meta name=\"twitter:site\" content=\"@ikosecm\" \/>\n<meta name=\"twitter:label1\" content=\"Written by\" \/>\n\t<meta name=\"twitter:data1\" content=\"team.ikos\" \/>\n\t<meta name=\"twitter:label2\" content=\"Est. reading time\" \/>\n\t<meta name=\"twitter:data2\" content=\"7 minuti\" \/>\n<script type=\"application\/ld+json\" class=\"yoast-schema-graph\">{\"@context\":\"https:\/\/schema.org\",\"@graph\":[{\"@type\":\"Article\",\"@id\":\"https:\/\/www.ikosecm.it\/ecm\/corsi-ecm\/trombosi-della-vena-centrale-della-retina-dalla-teoria-alla-pratica-clinica\/#article\",\"isPartOf\":{\"@id\":\"https:\/\/www.ikosecm.it\/ecm\/corsi-ecm\/trombosi-della-vena-centrale-della-retina-dalla-teoria-alla-pratica-clinica\/\"},\"author\":{\"name\":\"team.ikos\",\"@id\":\"https:\/\/www.ikosecm.it\/ecm\/#\/schema\/person\/85d9f9abb41bc7439b463d1a75c97501\"},\"headline\":\"TROMBOSI DELLA VENA CENTRALE DELLA RETINA. Dalla teoria alla pratica clinica.\",\"datePublished\":\"2021-08-30T09:55:55+00:00\",\"dateModified\":\"2021-08-30T10:01:08+00:00\",\"mainEntityOfPage\":{\"@id\":\"https:\/\/www.ikosecm.it\/ecm\/corsi-ecm\/trombosi-della-vena-centrale-della-retina-dalla-teoria-alla-pratica-clinica\/\"},\"wordCount\":3122,\"publisher\":{\"@id\":\"https:\/\/www.ikosecm.it\/ecm\/#organization\"},\"image\":{\"@id\":\"https:\/\/www.ikosecm.it\/ecm\/corsi-ecm\/trombosi-della-vena-centrale-della-retina-dalla-teoria-alla-pratica-clinica\/#primaryimage\"},\"thumbnailUrl\":\"https:\/\/www.ikosecm.it\/ecm\/wp-content\/uploads\/2021\/08\/trombosi-retina-occhio-copia-scaled.jpg\",\"keywords\":[\"corsi di formazioni medici\",\"corsi ecm\",\"corsi ecm medici\",\"corso ecm\",\"corso ecm fad\",\"corso ecm ortopedici\",\"corso FAD\",\"Crediti ECM\",\"edema\",\"ischemia\",\"laser\",\"occhio\",\"pratica chirurgica\",\"retina\",\"teoria\",\"trombosi\"],\"articleSection\":[\"Corsi ecm\"],\"inLanguage\":\"it-IT\"},{\"@type\":\"WebPage\",\"@id\":\"https:\/\/www.ikosecm.it\/ecm\/corsi-ecm\/trombosi-della-vena-centrale-della-retina-dalla-teoria-alla-pratica-clinica\/\",\"url\":\"https:\/\/www.ikosecm.it\/ecm\/corsi-ecm\/trombosi-della-vena-centrale-della-retina-dalla-teoria-alla-pratica-clinica\/\",\"name\":\"trombosi della vena centrale della retina | Per i Professionisti | Ecm made easy!\",\"isPartOf\":{\"@id\":\"https:\/\/www.ikosecm.it\/ecm\/#website\"},\"primaryImageOfPage\":{\"@id\":\"https:\/\/www.ikosecm.it\/ecm\/corsi-ecm\/trombosi-della-vena-centrale-della-retina-dalla-teoria-alla-pratica-clinica\/#primaryimage\"},\"image\":{\"@id\":\"https:\/\/www.ikosecm.it\/ecm\/corsi-ecm\/trombosi-della-vena-centrale-della-retina-dalla-teoria-alla-pratica-clinica\/#primaryimage\"},\"thumbnailUrl\":\"https:\/\/www.ikosecm.it\/ecm\/wp-content\/uploads\/2021\/08\/trombosi-retina-occhio-copia-scaled.jpg\",\"datePublished\":\"2021-08-30T09:55:55+00:00\",\"dateModified\":\"2021-08-30T10:01:08+00:00\",\"description\":\"La trombosi retinica \u00e8 un argomento in parte noto, nella sua patogenesi, in parte ancora tutto da scoprire. Questo corso nasce con l'idea di rivedere brevemente i tratti distintivi di tale patologia. Articolo e Corso ECM da 10 crediti\",\"breadcrumb\":{\"@id\":\"https:\/\/www.ikosecm.it\/ecm\/corsi-ecm\/trombosi-della-vena-centrale-della-retina-dalla-teoria-alla-pratica-clinica\/#breadcrumb\"},\"inLanguage\":\"it-IT\",\"potentialAction\":[{\"@type\":\"ReadAction\",\"target\":[\"https:\/\/www.ikosecm.it\/ecm\/corsi-ecm\/trombosi-della-vena-centrale-della-retina-dalla-teoria-alla-pratica-clinica\/\"]}]},{\"@type\":\"ImageObject\",\"inLanguage\":\"it-IT\",\"@id\":\"https:\/\/www.ikosecm.it\/ecm\/corsi-ecm\/trombosi-della-vena-centrale-della-retina-dalla-teoria-alla-pratica-clinica\/#primaryimage\",\"url\":\"https:\/\/www.ikosecm.it\/ecm\/wp-content\/uploads\/2021\/08\/trombosi-retina-occhio-copia-scaled.jpg\",\"contentUrl\":\"https:\/\/www.ikosecm.it\/ecm\/wp-content\/uploads\/2021\/08\/trombosi-retina-occhio-copia-scaled.jpg\",\"width\":2560,\"height\":1707},{\"@type\":\"BreadcrumbList\",\"@id\":\"https:\/\/www.ikosecm.it\/ecm\/corsi-ecm\/trombosi-della-vena-centrale-della-retina-dalla-teoria-alla-pratica-clinica\/#breadcrumb\",\"itemListElement\":[{\"@type\":\"ListItem\",\"position\":1,\"name\":\"Home\",\"item\":\"https:\/\/www.ikosecm.it\/ecm\/\"},{\"@type\":\"ListItem\",\"position\":2,\"name\":\"TROMBOSI DELLA VENA CENTRALE DELLA RETINA. Dalla teoria alla pratica clinica.\"}]},{\"@type\":\"WebSite\",\"@id\":\"https:\/\/www.ikosecm.it\/ecm\/#website\",\"url\":\"https:\/\/www.ikosecm.it\/ecm\/\",\"name\":\"Ecm made easy!\",\"description\":\"Il blog di Ikosecm.it, approfondimenti e tematiche dal mondo Ecm.\",\"publisher\":{\"@id\":\"https:\/\/www.ikosecm.it\/ecm\/#organization\"},\"potentialAction\":[{\"@type\":\"SearchAction\",\"target\":{\"@type\":\"EntryPoint\",\"urlTemplate\":\"https:\/\/www.ikosecm.it\/ecm\/?s={search_term_string}\"},\"query-input\":{\"@type\":\"PropertyValueSpecification\",\"valueRequired\":true,\"valueName\":\"search_term_string\"}}],\"inLanguage\":\"it-IT\"},{\"@type\":\"Organization\",\"@id\":\"https:\/\/www.ikosecm.it\/ecm\/#organization\",\"name\":\"Ikos Srl\",\"url\":\"https:\/\/www.ikosecm.it\/ecm\/\",\"logo\":{\"@type\":\"ImageObject\",\"inLanguage\":\"it-IT\",\"@id\":\"https:\/\/www.ikosecm.it\/ecm\/#\/schema\/logo\/image\/\",\"url\":\"https:\/\/www.ikosecm.it\/ecm\/wp-content\/uploads\/2019\/02\/logoecm.png\",\"contentUrl\":\"https:\/\/www.ikosecm.it\/ecm\/wp-content\/uploads\/2019\/02\/logoecm.png\",\"width\":159,\"height\":71,\"caption\":\"Ikos Srl\"},\"image\":{\"@id\":\"https:\/\/www.ikosecm.it\/ecm\/#\/schema\/logo\/image\/\"},\"sameAs\":[\"https:\/\/www.facebook.com\/ikosecm\",\"https:\/\/x.com\/ikosecm\"]},{\"@type\":\"Person\",\"@id\":\"https:\/\/www.ikosecm.it\/ecm\/#\/schema\/person\/85d9f9abb41bc7439b463d1a75c97501\",\"name\":\"team.ikos\",\"image\":{\"@type\":\"ImageObject\",\"inLanguage\":\"it-IT\",\"@id\":\"https:\/\/www.ikosecm.it\/ecm\/#\/schema\/person\/image\/\",\"url\":\"https:\/\/secure.gravatar.com\/avatar\/330cca9621688d2919a9b1a9553844214aaa8f999c44055f0b6112bf2fa450b2?s=96&d=mm&r=g\",\"contentUrl\":\"https:\/\/secure.gravatar.com\/avatar\/330cca9621688d2919a9b1a9553844214aaa8f999c44055f0b6112bf2fa450b2?s=96&d=mm&r=g\",\"caption\":\"team.ikos\"},\"url\":\"https:\/\/www.ikosecm.it\/ecm\/author\/team-ikos\/\"}]}<\/script>\n<!-- \/ Yoast SEO plugin. -->","yoast_head_json":{"title":"trombosi della vena centrale della retina | Per i Professionisti | Ecm made easy!","description":"La trombosi retinica \u00e8 un argomento in parte noto, nella sua patogenesi, in parte ancora tutto da scoprire. Questo corso nasce con l'idea di rivedere brevemente i tratti distintivi di tale patologia. Articolo e Corso ECM da 10 crediti","robots":{"index":"index","follow":"follow","max-snippet":"max-snippet:-1","max-image-preview":"max-image-preview:large","max-video-preview":"max-video-preview:-1"},"canonical":"https:\/\/www.ikosecm.it\/ecm\/corsi-ecm\/trombosi-della-vena-centrale-della-retina-dalla-teoria-alla-pratica-clinica\/","og_locale":"it_IT","og_type":"article","og_title":"trombosi della vena centrale della retina | Per i Professionisti | Ecm made easy!","og_description":"La trombosi retinica \u00e8 un argomento in parte noto, nella sua patogenesi, in parte ancora tutto da scoprire. Questo corso nasce con l'idea di rivedere brevemente i tratti distintivi di tale patologia. Articolo e Corso ECM da 10 crediti","og_url":"https:\/\/www.ikosecm.it\/ecm\/corsi-ecm\/trombosi-della-vena-centrale-della-retina-dalla-teoria-alla-pratica-clinica\/","og_site_name":"Ecm made easy!","article_publisher":"https:\/\/www.facebook.com\/ikosecm","article_published_time":"2021-08-30T09:55:55+00:00","article_modified_time":"2021-08-30T10:01:08+00:00","og_image":[{"width":2560,"height":1707,"url":"https:\/\/www.ikosecm.it\/ecm\/wp-content\/uploads\/2021\/08\/trombosi-retina-occhio-copia-scaled.jpg","type":"image\/jpeg"}],"author":"team.ikos","twitter_card":"summary_large_image","twitter_creator":"@ikosecm","twitter_site":"@ikosecm","twitter_misc":{"Written by":"team.ikos","Est. reading time":"7 minuti"},"schema":{"@context":"https:\/\/schema.org","@graph":[{"@type":"Article","@id":"https:\/\/www.ikosecm.it\/ecm\/corsi-ecm\/trombosi-della-vena-centrale-della-retina-dalla-teoria-alla-pratica-clinica\/#article","isPartOf":{"@id":"https:\/\/www.ikosecm.it\/ecm\/corsi-ecm\/trombosi-della-vena-centrale-della-retina-dalla-teoria-alla-pratica-clinica\/"},"author":{"name":"team.ikos","@id":"https:\/\/www.ikosecm.it\/ecm\/#\/schema\/person\/85d9f9abb41bc7439b463d1a75c97501"},"headline":"TROMBOSI DELLA VENA CENTRALE DELLA RETINA. Dalla teoria alla pratica clinica.","datePublished":"2021-08-30T09:55:55+00:00","dateModified":"2021-08-30T10:01:08+00:00","mainEntityOfPage":{"@id":"https:\/\/www.ikosecm.it\/ecm\/corsi-ecm\/trombosi-della-vena-centrale-della-retina-dalla-teoria-alla-pratica-clinica\/"},"wordCount":3122,"publisher":{"@id":"https:\/\/www.ikosecm.it\/ecm\/#organization"},"image":{"@id":"https:\/\/www.ikosecm.it\/ecm\/corsi-ecm\/trombosi-della-vena-centrale-della-retina-dalla-teoria-alla-pratica-clinica\/#primaryimage"},"thumbnailUrl":"https:\/\/www.ikosecm.it\/ecm\/wp-content\/uploads\/2021\/08\/trombosi-retina-occhio-copia-scaled.jpg","keywords":["corsi di formazioni medici","corsi ecm","corsi ecm medici","corso ecm","corso ecm fad","corso ecm ortopedici","corso FAD","Crediti ECM","edema","ischemia","laser","occhio","pratica chirurgica","retina","teoria","trombosi"],"articleSection":["Corsi ecm"],"inLanguage":"it-IT"},{"@type":"WebPage","@id":"https:\/\/www.ikosecm.it\/ecm\/corsi-ecm\/trombosi-della-vena-centrale-della-retina-dalla-teoria-alla-pratica-clinica\/","url":"https:\/\/www.ikosecm.it\/ecm\/corsi-ecm\/trombosi-della-vena-centrale-della-retina-dalla-teoria-alla-pratica-clinica\/","name":"trombosi della vena centrale della retina | Per i Professionisti | Ecm made easy!","isPartOf":{"@id":"https:\/\/www.ikosecm.it\/ecm\/#website"},"primaryImageOfPage":{"@id":"https:\/\/www.ikosecm.it\/ecm\/corsi-ecm\/trombosi-della-vena-centrale-della-retina-dalla-teoria-alla-pratica-clinica\/#primaryimage"},"image":{"@id":"https:\/\/www.ikosecm.it\/ecm\/corsi-ecm\/trombosi-della-vena-centrale-della-retina-dalla-teoria-alla-pratica-clinica\/#primaryimage"},"thumbnailUrl":"https:\/\/www.ikosecm.it\/ecm\/wp-content\/uploads\/2021\/08\/trombosi-retina-occhio-copia-scaled.jpg","datePublished":"2021-08-30T09:55:55+00:00","dateModified":"2021-08-30T10:01:08+00:00","description":"La trombosi retinica \u00e8 un argomento in parte noto, nella sua patogenesi, in parte ancora tutto da scoprire. Questo corso nasce con l'idea di rivedere brevemente i tratti distintivi di tale patologia. Articolo e Corso ECM da 10 crediti","breadcrumb":{"@id":"https:\/\/www.ikosecm.it\/ecm\/corsi-ecm\/trombosi-della-vena-centrale-della-retina-dalla-teoria-alla-pratica-clinica\/#breadcrumb"},"inLanguage":"it-IT","potentialAction":[{"@type":"ReadAction","target":["https:\/\/www.ikosecm.it\/ecm\/corsi-ecm\/trombosi-della-vena-centrale-della-retina-dalla-teoria-alla-pratica-clinica\/"]}]},{"@type":"ImageObject","inLanguage":"it-IT","@id":"https:\/\/www.ikosecm.it\/ecm\/corsi-ecm\/trombosi-della-vena-centrale-della-retina-dalla-teoria-alla-pratica-clinica\/#primaryimage","url":"https:\/\/www.ikosecm.it\/ecm\/wp-content\/uploads\/2021\/08\/trombosi-retina-occhio-copia-scaled.jpg","contentUrl":"https:\/\/www.ikosecm.it\/ecm\/wp-content\/uploads\/2021\/08\/trombosi-retina-occhio-copia-scaled.jpg","width":2560,"height":1707},{"@type":"BreadcrumbList","@id":"https:\/\/www.ikosecm.it\/ecm\/corsi-ecm\/trombosi-della-vena-centrale-della-retina-dalla-teoria-alla-pratica-clinica\/#breadcrumb","itemListElement":[{"@type":"ListItem","position":1,"name":"Home","item":"https:\/\/www.ikosecm.it\/ecm\/"},{"@type":"ListItem","position":2,"name":"TROMBOSI DELLA VENA CENTRALE DELLA RETINA. Dalla teoria alla pratica clinica."}]},{"@type":"WebSite","@id":"https:\/\/www.ikosecm.it\/ecm\/#website","url":"https:\/\/www.ikosecm.it\/ecm\/","name":"Ecm made easy!","description":"Il blog di Ikosecm.it, approfondimenti e tematiche dal mondo Ecm.","publisher":{"@id":"https:\/\/www.ikosecm.it\/ecm\/#organization"},"potentialAction":[{"@type":"SearchAction","target":{"@type":"EntryPoint","urlTemplate":"https:\/\/www.ikosecm.it\/ecm\/?s={search_term_string}"},"query-input":{"@type":"PropertyValueSpecification","valueRequired":true,"valueName":"search_term_string"}}],"inLanguage":"it-IT"},{"@type":"Organization","@id":"https:\/\/www.ikosecm.it\/ecm\/#organization","name":"Ikos Srl","url":"https:\/\/www.ikosecm.it\/ecm\/","logo":{"@type":"ImageObject","inLanguage":"it-IT","@id":"https:\/\/www.ikosecm.it\/ecm\/#\/schema\/logo\/image\/","url":"https:\/\/www.ikosecm.it\/ecm\/wp-content\/uploads\/2019\/02\/logoecm.png","contentUrl":"https:\/\/www.ikosecm.it\/ecm\/wp-content\/uploads\/2019\/02\/logoecm.png","width":159,"height":71,"caption":"Ikos Srl"},"image":{"@id":"https:\/\/www.ikosecm.it\/ecm\/#\/schema\/logo\/image\/"},"sameAs":["https:\/\/www.facebook.com\/ikosecm","https:\/\/x.com\/ikosecm"]},{"@type":"Person","@id":"https:\/\/www.ikosecm.it\/ecm\/#\/schema\/person\/85d9f9abb41bc7439b463d1a75c97501","name":"team.ikos","image":{"@type":"ImageObject","inLanguage":"it-IT","@id":"https:\/\/www.ikosecm.it\/ecm\/#\/schema\/person\/image\/","url":"https:\/\/secure.gravatar.com\/avatar\/330cca9621688d2919a9b1a9553844214aaa8f999c44055f0b6112bf2fa450b2?s=96&d=mm&r=g","contentUrl":"https:\/\/secure.gravatar.com\/avatar\/330cca9621688d2919a9b1a9553844214aaa8f999c44055f0b6112bf2fa450b2?s=96&d=mm&r=g","caption":"team.ikos"},"url":"https:\/\/www.ikosecm.it\/ecm\/author\/team-ikos\/"}]}},"_links":{"self":[{"href":"https:\/\/www.ikosecm.it\/ecm\/wp-json\/wp\/v2\/posts\/2869","targetHints":{"allow":["GET"]}}],"collection":[{"href":"https:\/\/www.ikosecm.it\/ecm\/wp-json\/wp\/v2\/posts"}],"about":[{"href":"https:\/\/www.ikosecm.it\/ecm\/wp-json\/wp\/v2\/types\/post"}],"author":[{"embeddable":true,"href":"https:\/\/www.ikosecm.it\/ecm\/wp-json\/wp\/v2\/users\/5"}],"replies":[{"embeddable":true,"href":"https:\/\/www.ikosecm.it\/ecm\/wp-json\/wp\/v2\/comments?post=2869"}],"version-history":[{"count":11,"href":"https:\/\/www.ikosecm.it\/ecm\/wp-json\/wp\/v2\/posts\/2869\/revisions"}],"predecessor-version":[{"id":2888,"href":"https:\/\/www.ikosecm.it\/ecm\/wp-json\/wp\/v2\/posts\/2869\/revisions\/2888"}],"wp:featuredmedia":[{"embeddable":true,"href":"https:\/\/www.ikosecm.it\/ecm\/wp-json\/wp\/v2\/media\/2881"}],"wp:attachment":[{"href":"https:\/\/www.ikosecm.it\/ecm\/wp-json\/wp\/v2\/media?parent=2869"}],"wp:term":[{"taxonomy":"category","embeddable":true,"href":"https:\/\/www.ikosecm.it\/ecm\/wp-json\/wp\/v2\/categories?post=2869"},{"taxonomy":"post_tag","embeddable":true,"href":"https:\/\/www.ikosecm.it\/ecm\/wp-json\/wp\/v2\/tags?post=2869"}],"curies":[{"name":"wp","href":"https:\/\/api.w.org\/{rel}","templated":true}]}}