{"id":3212,"date":"2022-07-29T14:52:46","date_gmt":"2022-07-29T12:52:46","guid":{"rendered":"https:\/\/www.ikosecm.it\/ecm\/?p=3212"},"modified":"2023-04-26T22:23:37","modified_gmt":"2023-04-26T20:23:37","slug":"il-colpo-di-frusta-e-i-disordini-associati-linee-guida-di-trattamento","status":"publish","type":"post","link":"https:\/\/www.ikosecm.it\/ecm\/corsi-ecm\/il-colpo-di-frusta-e-i-disordini-associati-linee-guida-di-trattamento\/","title":{"rendered":"IL COLPO DI FRUSTA E I DISORDINI ASSOCIATI &#8211; linee guida di trattamento"},"content":{"rendered":"\n<style type=\"text\/css\" data-created_by=\"avia_inline_auto\" id=\"style-css-av-krvrq8sv-08e91108b85589841f936ad91e9a1bb3\">\n#top .hr.hr-invisible.av-krvrq8sv-08e91108b85589841f936ad91e9a1bb3{\nheight:60px;\n}\n<\/style>\n<div  class='hr av-krvrq8sv-08e91108b85589841f936ad91e9a1bb3 hr-invisible  avia-builder-el-0  el_before_av_one_full  avia-builder-el-first '><span class='hr-inner '><span class=\"hr-inner-style\"><\/span><\/span><\/div>\n\n<style type=\"text\/css\" data-created_by=\"avia_inline_auto\" id=\"style-css-av-19y77s-6da3cf55bdcfb15d84d02fa3e68fadb4\">\n.flex_column.av-19y77s-6da3cf55bdcfb15d84d02fa3e68fadb4{\nborder-radius:0px 0px 0px 0px;\npadding:0px 0px 0px 0px;\n}\n<\/style>\n<div  class='flex_column av-19y77s-6da3cf55bdcfb15d84d02fa3e68fadb4 av_one_full  avia-builder-el-1  el_after_av_hr  el_before_av_one_full  first flex_column_div av-zero-column-padding  '     ><p>\n<style type=\"text\/css\" data-created_by=\"avia_inline_auto\" id=\"style-css-av-9bttjm-b3a7c749e6e2a05125bac1c1688cb6bb\">\n#top .av-special-heading.av-9bttjm-b3a7c749e6e2a05125bac1c1688cb6bb{\npadding-bottom:10px;\n}\nbody .av-special-heading.av-9bttjm-b3a7c749e6e2a05125bac1c1688cb6bb .av-special-heading-tag .heading-char{\nfont-size:25px;\n}\n.av-special-heading.av-9bttjm-b3a7c749e6e2a05125bac1c1688cb6bb .av-subheading{\nfont-size:15px;\n}\n<\/style>\n<div  class='av-special-heading av-9bttjm-b3a7c749e6e2a05125bac1c1688cb6bb av-special-heading-h3  avia-builder-el-2  el_before_av_textblock  avia-builder-el-first  av-linked-heading'><h3 class='av-special-heading-tag '  itemprop=\"headline\"  >COLPO DI FRUSTA UNA SFIDA INTERDISCIPLINARE<\/h3><div class=\"special-heading-border\"><div class=\"special-heading-inner-border\"><\/div><\/div><\/div><br \/>\n<section  class='av_textblock_section av-jtaabdl7-6c03e2fe41f6a4235550376030252b9d '   itemscope=\"itemscope\" itemtype=\"https:\/\/schema.org\/BlogPosting\" itemprop=\"blogPost\" ><div class='avia_textblock'  itemprop=\"text\" ><p>Il colpo di frusta cervicale rappresenta la sfida interdisciplinare per antonomasia.<\/p>\n<p>Questo perch\u00e9 diversi fattori contribuiscono a creare un quadro estremamente variabile e difficilmente categorizzabile.\u00a0Questo si riflette nella terminologia usata per definirlo, cos\u00ec come sui sistemi di classificazione usati per categorizzarlo.<\/p>\n<p>L\u2019etichetta \u201ccolpo di frusta\u201d \u00e8 stata coniata da Crowe nel 1928. Riprende l\u2019onomatopea di una frusta che dovrebbe richiamare la genesi dell\u2019infortunio.\u00a0In Italia \u00e8 spesso indicato come <em>\u201ccervicalgia post-distorsiva\u201d.<\/em><\/p>\n<p>Mentre la prima opzione riprende il semplice meccanismo traumatico, la seconda racchiude la condizione sotto un \u201ctermine ombrello\u201d che rischia di essere troppo generico, richiamando la sola genesi traumatica.<\/p>\n<p>Una terminologia di questo tipo rischia di minimizzare il complesso quadro interdisciplinare che pu\u00f2 manifestarsi in questi pazienti.<\/p>\n<p>Il collo \u00e8 sede di un compartimento viscerale ricco, poco protetto e delicato.<br \/>\nDal punto di vista ortopedico, la colonna cervicale sebbene potenzialmente a rischio con la sua componente osteo-legamentosa, pu\u00f2 coinvolgere a vario grado anche il midollo spinale e le radici nervose, nonch\u00e9 la componente vascolare vincolata ai forami trasversari.<\/p>\n<\/div><\/section><br \/>\n\n<style type=\"text\/css\" data-created_by=\"avia_inline_auto\" id=\"style-css-av-kcn1cp4i-e1c548fb082a0aaafb1da09378e9e338\">\n.avia-image-container.av-kcn1cp4i-e1c548fb082a0aaafb1da09378e9e338 img.avia_image{\nbox-shadow:none;\n}\n.avia-image-container.av-kcn1cp4i-e1c548fb082a0aaafb1da09378e9e338 .av-image-caption-overlay-center{\ncolor:#ffffff;\n}\n<\/style>\n<div  class='avia-image-container av-kcn1cp4i-e1c548fb082a0aaafb1da09378e9e338 av-styling- avia-align-center  avia-builder-el-4  el_after_av_textblock  el_before_av_heading  av-has-copyright av-copyright-always'   itemprop=\"image\" itemscope=\"itemscope\" itemtype=\"https:\/\/schema.org\/ImageObject\" ><div class=\"avia-image-container-inner\"><div class=\"avia-image-overlay-wrap\"><img decoding=\"async\" fetchpriority=\"high\" class='wp-image-3216 avia-img-lazy-loading-not-3216 avia_image ' src=\"https:\/\/www.ikosecm.it\/ecm\/wp-content\/uploads\/2022\/07\/1.jpg\" alt='' title='Colpo di frusta corso ECM'  height=\"600\" width=\"940\"  itemprop=\"thumbnailUrl\" srcset=\"https:\/\/www.ikosecm.it\/ecm\/wp-content\/uploads\/2022\/07\/1.jpg 940w, https:\/\/www.ikosecm.it\/ecm\/wp-content\/uploads\/2022\/07\/1-300x191.jpg 300w, https:\/\/www.ikosecm.it\/ecm\/wp-content\/uploads\/2022\/07\/1-768x490.jpg 768w, https:\/\/www.ikosecm.it\/ecm\/wp-content\/uploads\/2022\/07\/1-705x450.jpg 705w\" sizes=\"(max-width: 940px) 100vw, 940px\" \/><\/div><small class=\"avia-copyright\">@Canva<\/small><\/div><\/div><br \/>\n\n<style type=\"text\/css\" data-created_by=\"avia_inline_auto\" id=\"style-css-av-6xom0y-a9ab0b0a33cdb0a8cdf7e96ea67ec94e\">\n#top .av-special-heading.av-6xom0y-a9ab0b0a33cdb0a8cdf7e96ea67ec94e{\npadding-bottom:10px;\n}\nbody .av-special-heading.av-6xom0y-a9ab0b0a33cdb0a8cdf7e96ea67ec94e .av-special-heading-tag .heading-char{\nfont-size:25px;\n}\n.av-special-heading.av-6xom0y-a9ab0b0a33cdb0a8cdf7e96ea67ec94e .av-subheading{\nfont-size:15px;\n}\n<\/style>\n<div  class='av-special-heading av-6xom0y-a9ab0b0a33cdb0a8cdf7e96ea67ec94e av-special-heading-h3  avia-builder-el-5  el_after_av_image  el_before_av_textblock  av-linked-heading'><h3 class='av-special-heading-tag '  itemprop=\"headline\"  >SINTOMI DEL COLPO DI FRUSTA<\/h3><div class=\"special-heading-border\"><div class=\"special-heading-inner-border\"><\/div><\/div><\/div><br \/>\n<section  class='av_textblock_section av-2vzun7-783d1403a4a6b3868eca11d1cafb7411 '   itemscope=\"itemscope\" itemtype=\"https:\/\/schema.org\/BlogPosting\" itemprop=\"blogPost\" ><div class='avia_textblock'  itemprop=\"text\" ><p>Il meccanismo traumatico dell\u2019infortunio pu\u00f2 dar vita ad un vero e proprio trauma celebrale <em>\u201csenza contatto\u201d<\/em> che pu\u00f2 essere alla base della sintomatologia centrale riferita da alcuni pazienti.<\/p>\n<p>I sintomi associati al colpo di frusta cervicale sono vari e possono<br \/>\ncombinarsi tra loro in diversi modi:<\/p>\n<ul>\n<li>Ortopedici: Dolore e limitazione funzionale<\/li>\n<li>Neurologici: Parestesie<\/li>\n<li>Audiologici: Tinnito ed ipoacusia<\/li>\n<li>Otorinolaringoiatrici: Disfagia e disfonia<\/li>\n<li>Disturbi dell\u2019equilibrio: Vertigini ed instabilit\u00e0 posturale<\/li>\n<li>dontoiatrici: Dolore temporo-mandibolare e malocclusioni<\/li>\n<li>Neurofisiologici: Disturbi d\u2019ansia e disturbi dell\u2019attenzione.<\/li>\n<\/ul>\n<\/div><\/section><br \/>\n\n<style type=\"text\/css\" data-created_by=\"avia_inline_auto\" id=\"style-css-av-l449yrel-fdfc62fd165cb0eab522c46f9208445d\">\n#top .av-special-heading.av-l449yrel-fdfc62fd165cb0eab522c46f9208445d{\npadding-bottom:10px;\n}\nbody .av-special-heading.av-l449yrel-fdfc62fd165cb0eab522c46f9208445d .av-special-heading-tag .heading-char{\nfont-size:25px;\n}\n.av-special-heading.av-l449yrel-fdfc62fd165cb0eab522c46f9208445d .av-subheading{\nfont-size:15px;\n}\n<\/style>\n<div  class='av-special-heading av-l449yrel-fdfc62fd165cb0eab522c46f9208445d av-special-heading-h3  avia-builder-el-7  el_after_av_textblock  el_before_av_textblock  av-linked-heading'><h3 class='av-special-heading-tag '  itemprop=\"headline\"  >IL PERCORSO RIABILITATIVO<\/h3><div class=\"special-heading-border\"><div class=\"special-heading-inner-border\"><\/div><\/div><\/div><br \/>\n<section  class='av_textblock_section av-jtaabdl7-6c03e2fe41f6a4235550376030252b9d '   itemscope=\"itemscope\" itemtype=\"https:\/\/schema.org\/BlogPosting\" itemprop=\"blogPost\" ><div class='avia_textblock'  itemprop=\"text\" ><p>Con modi, metodi, tempi ed impegno diverso a seconda dello stadio del disturbo, il percorso riabilitativo di un paziente affetto da WAD si snoda attraverso dei principi fondamentali:<\/p>\n<ul>\n<li>Informare il paziente sulla natura benigna dei WAD<\/li>\n<li>Incoraggiare il paziente a riprendere un normale stile di vita<\/li>\n<li>Evitare l\u2019immobilizzazione<\/li>\n<li>Ridurre la reattivit\u00e0 e migliorare il ROM<\/li>\n<li>Ristabilire un corretto controllo motorio cervicale<\/li>\n<li>Trattamento interdisciplinare<\/li>\n<\/ul>\n<p>Nessun trattamento <em>\u201cvestir\u00e0 alla perfezione\u201d<\/em> il disturbo di ogni paziente. Ci si muove tra questi ambiti con il conforto dei risultati della valutazione funzionale e dei fattori prognostici rilevati durante la valutazione iniziale.<\/p>\n<\/div><\/section><br \/>\n\n<style type=\"text\/css\" data-created_by=\"avia_inline_auto\" id=\"style-css-av-l1yqv471-7f9fe0c784e63c7240e477f404b25c98\">\n.avia-image-container.av-l1yqv471-7f9fe0c784e63c7240e477f404b25c98 img.avia_image{\nbox-shadow:none;\n}\n.avia-image-container.av-l1yqv471-7f9fe0c784e63c7240e477f404b25c98 .av-image-caption-overlay-center{\ncolor:#ffffff;\n}\n<\/style>\n<div  class='avia-image-container av-l1yqv471-7f9fe0c784e63c7240e477f404b25c98 av-styling- avia-align-center  avia-builder-el-9  el_after_av_textblock  avia-builder-el-last  av-has-copyright av-copyright-always'   itemprop=\"image\" itemscope=\"itemscope\" itemtype=\"https:\/\/schema.org\/ImageObject\" ><div class=\"avia-image-container-inner\"><div class=\"avia-image-overlay-wrap\"><img decoding=\"async\" fetchpriority=\"high\" class='wp-image-3215 avia-img-lazy-loading-not-3215 avia_image ' src=\"https:\/\/www.ikosecm.it\/ecm\/wp-content\/uploads\/2022\/07\/2.jpg\" alt='' title='Colpo di frusta 2 corso ECM'  height=\"600\" width=\"940\"  itemprop=\"thumbnailUrl\" srcset=\"https:\/\/www.ikosecm.it\/ecm\/wp-content\/uploads\/2022\/07\/2.jpg 940w, https:\/\/www.ikosecm.it\/ecm\/wp-content\/uploads\/2022\/07\/2-300x191.jpg 300w, https:\/\/www.ikosecm.it\/ecm\/wp-content\/uploads\/2022\/07\/2-768x490.jpg 768w, https:\/\/www.ikosecm.it\/ecm\/wp-content\/uploads\/2022\/07\/2-705x450.jpg 705w\" sizes=\"(max-width: 940px) 100vw, 940px\" \/><\/div><small class=\"avia-copyright\">@Canva<\/small><\/div><\/div><\/p><\/div>\n\n<style type=\"text\/css\" data-created_by=\"avia_inline_auto\" id=\"style-css-av-840jay-11bc9c16e6811671862ef1343f4625c3\">\n.flex_column.av-840jay-11bc9c16e6811671862ef1343f4625c3{\nborder-radius:0px 0px 0px 0px;\npadding:0px 0px 0px 0px;\n}\n<\/style>\n<div  class='flex_column av-840jay-11bc9c16e6811671862ef1343f4625c3 av_one_full  avia-builder-el-10  el_after_av_one_full  el_before_av_one_full  first flex_column_div av-zero-column-padding  column-top-margin'     ><p>\n<style type=\"text\/css\" data-created_by=\"avia_inline_auto\" id=\"style-css-av-iyi4q-7452784f2b171479b4133a33236874c9\">\n#top .av-special-heading.av-iyi4q-7452784f2b171479b4133a33236874c9{\npadding-bottom:10px;\n}\nbody .av-special-heading.av-iyi4q-7452784f2b171479b4133a33236874c9 .av-special-heading-tag .heading-char{\nfont-size:25px;\n}\n.av-special-heading.av-iyi4q-7452784f2b171479b4133a33236874c9 .av-subheading{\nfont-size:15px;\n}\n<\/style>\n<div  class='av-special-heading av-iyi4q-7452784f2b171479b4133a33236874c9 av-special-heading-h3  avia-builder-el-11  el_before_av_textblock  avia-builder-el-first  av-linked-heading'><h3 class='av-special-heading-tag '  itemprop=\"headline\"  >IL COLPO DI FRUSTA ED I DISORDINI ASSOCIATI. Approfondisci con un corso specialistico ECM FAD da 10 crediti<\/h3><div class=\"special-heading-border\"><div class=\"special-heading-inner-border\"><\/div><\/div><\/div><br \/>\n<section  class='av_textblock_section av-3tdemy-e60acdfc4999f7261415c0b295989b9b '   itemscope=\"itemscope\" itemtype=\"https:\/\/schema.org\/BlogPosting\" itemprop=\"blogPost\" ><div class='avia_textblock'  itemprop=\"text\" ><p><a href=\"https:\/\/www.ikosecm.it\/il-colpo-di-frusta-ed-i-disordini-associati-linee-guida-di-trattamento.html\">Questo corso ECM<\/a> dal titolo <a href=\"https:\/\/www.ikosecm.it\/il-colpo-di-frusta-ed-i-disordini-associati-inquadramento-clinico-e-riabilitativo.html\" target=\"_blank\" rel=\"noopener\">IL COLPO DI FRUSTA E I DISORDINI ASSOCIATI &#8211; linee guida di trattamento<\/a><br \/>\na cura del\u00a0<em><strong>Dr. Ivan Di Francescantonio <\/strong><\/em>parte dal presupposto che il colpo di frusta cervicale sia un trauma frequente che per la delicatezza e la complessit\u00e0 del distretto anatomico che coinvolge pu\u00f2 comportare una grande quantit\u00e0 di sfumature, cliniche e di trattamento. Per questo si parla di disordini associati al colpo di frusta.<br \/>\nIl corso muove dall\u2019anatomia e dalla biomeccanica del distretto cervicale per poi attraversare il meccanismo traumatico e la classificazione della patologia. Le opzioni di trattamento illustrate hanno origine dalle pi\u00f9 recenti linee guida internazionali pubblicate.<br \/>\n<span class=\"Apple-converted-space\">\u00a0<\/span><\/p>\n<p><a href=\"https:\/\/www.ikosecm.it\/il-colpo-di-frusta-ed-i-disordini-associati-inquadramento-clinico-e-riabilitativo.html\">Cliccando QUI<\/a>\u00a0potrai accedere a questo corso ECM FAD che potrai seguire ONLINE e del quale potrai scaricare o ricevere il certificato via email.<\/p>\n<p><strong><em>Il corso \u00e8 cos\u00ec suddiviso:<\/em><\/strong><\/p>\n<ul>\n<li>CAPITOLO 1: ANATOMIA FUNZIONALE E BIOMECCANICA<\/li>\n<li>CAPITOLO 2: DEFINIZIONE E CLASSIFICAZIONE<\/li>\n<li>CAPITOLO 3: VALUTAZIONE INIZIALE<\/li>\n<li>CAPITOLO 4: TRATTAMENTO<\/li>\n<li>ALLEGATI:<br \/>\nAllegato 01: Blanpied PR, Gross AR, Elliott JM, Devaney LL, Clewley D, Walton DM, Sparks C, Robertson EK. Neck Pain: Revision 2017. J Orthop Sports Phys Ther. 2017 Jul;47(7):A1-A83. doi: 10.2519\/jospt.2017.0302. PMID: 28666405<br \/>\nAllegato 02: Neck Pain Guidelines: Revision 2017: Using the Evidence to Guide Physical Therapist Practice J Orthop Sports Phys Ther. 2017 Jul;47(7):511-512.<br \/>\ndoi: 10.2519\/jospt.2017.0507. PMID: 28666402.<br \/>\nAllegato 03: Neck Pain: Clinical Practice Guidelines Help Ensure Quality Care. J Orthop Sports Phys Ther. 2017 Jul;47(7):513.<br \/>\ndoi: 10.2519\/jospt.2017.0508. PMID: 28666400.<\/li>\n<\/ul>\n<p><strong>QUESTIONARIO DI VALUTAZIONE FINALE<\/strong><\/p>\n<p>La prova di apprendimento potr\u00e0 essere effettuata al termine del corso, dopo aver seguito le lezioni.<\/p>\n<p>La prova di apprendimento consister\u00e0 in un questionario composto da <strong>60 domande<\/strong> a risposta multipla con 4 possibilit\u00e0 di risposta di cui una sola giusta.<br \/>\nLa soglia di superamento prevista \u00e8 del 75%. E&#8217; prevista una doppia randomizzazione delle domande.<\/p>\n<p><strong>SONO POSSIBILI 5 TENTATIVI<\/strong><\/p>\n<p>Il corso dar\u00e0 diritto a <strong>ben 10\u00a0 <a href=\"https:\/\/it.wikipedia.org\/wiki\/Educazione_continua_in_medicina\" target=\"_blank\" rel=\"noopener\">crediti ECM<\/a> <\/strong>previo superamento del\u00a0prova finale.<\/p>\n<\/div><\/section><br \/>\n<div  class='avia-button-wrap av-2g0kl6-1901ad04e3c16bd5967dee8c9e009c4c-wrap avia-button-center  avia-builder-el-13  el_after_av_textblock  avia-builder-el-last '>\n<style type=\"text\/css\" data-created_by=\"avia_inline_auto\" id=\"style-css-av-2g0kl6-1901ad04e3c16bd5967dee8c9e009c4c\">\n#top #wrap_all .avia-button.av-2g0kl6-1901ad04e3c16bd5967dee8c9e009c4c{\ncolor:#ffffff;\ntransition:all 0.4s ease-in-out;\n}\n#top #wrap_all .avia-button.av-2g0kl6-1901ad04e3c16bd5967dee8c9e009c4c:hover{\ncolor:#ffffff;\ntransition:all 0.4s ease-in-out;\n}\n#top #wrap_all .avia-button.av-2g0kl6-1901ad04e3c16bd5967dee8c9e009c4c .avia-svg-icon svg:first-child{\nfill:#ffffff;\nstroke:#ffffff;\n}\n#top #wrap_all .avia-button.av-2g0kl6-1901ad04e3c16bd5967dee8c9e009c4c:hover .avia-svg-icon svg:first-child{\nfill:#ffffff;\nstroke:#ffffff;\n}\n<\/style>\n<a href='https:\/\/www.ikosecm.it\/il-colpo-di-frusta-ed-i-disordini-associati-inquadramento-clinico-e-riabilitativo.html'  class='avia-button av-2g0kl6-1901ad04e3c16bd5967dee8c9e009c4c av-link-btn avia-icon_select-no avia-size-x-large avia-position-center avia-color-theme-color-highlight'  target=\"_blank\"  rel=\"noopener noreferrer\"  aria-label=\"ACCEDI AL CORSO ECM\"><span class='avia_iconbox_title' >ACCEDI AL CORSO ECM<\/span><span class='avia_button_background avia-button avia-color-theme-color-highlight' ><\/span><\/a><\/div><\/p><\/div>\n<style type=\"text\/css\" data-created_by=\"avia_inline_auto\" id=\"style-css-av-ju9mx8al-8500055b67a05ed43526155e340c9675\">\n.flex_column.av-ju9mx8al-8500055b67a05ed43526155e340c9675{\nborder-radius:0px 0px 0px 0px;\npadding:0px 0px 0px 0px;\n}\n<\/style>\n<div  class='flex_column av-ju9mx8al-8500055b67a05ed43526155e340c9675 av_one_full  avia-builder-el-14  el_after_av_one_full  el_before_av_hr  first flex_column_div av-animated-generic fade-in av-zero-column-padding avia-link-column av-column-link avia-link-column-hover  column-top-margin'    data-link-column-url=\"https:\/\/www.ikosecm.it\/app\/media\/uploads\/lezioni\/1922\/index.html\"  data-link-column-target=\"_blank\"   ><a class=\"av-screen-reader-only\" href=https:\/\/www.ikosecm.it\/app\/media\/uploads\/lezioni\/1922\/index.html  target=\"_blank\" >Segui un collegamento aggiunto manuale<\/a><section  class='av_textblock_section av-jtaavp2p-61daf424d20915524007c21c28cddb36 '   itemscope=\"itemscope\" itemtype=\"https:\/\/schema.org\/BlogPosting\" itemprop=\"blogPost\" ><div class='avia_textblock'  itemprop=\"text\" ><h4 style=\"text-align: center;\">Guarda l&#8217;anteprima gratuita del corso ECM<\/h4>\n<div class=\"page\" title=\"Page 48\">\n<div class=\"section\">\n<div class=\"layoutArea\">\n<div class=\"column\">\n<div class=\"page\" title=\"Page 49\">\n<div class=\"section\">\n<div class=\"layoutArea\">\n<div class=\"column\"><\/div>\n<\/div>\n<\/div>\n<\/div>\n<\/div>\n<\/div>\n<\/div>\n<\/div>\n<\/div><\/section><br \/>\n\n<style type=\"text\/css\" data-created_by=\"avia_inline_auto\" id=\"style-css-av-jw0pkg1e-f468a1f33f2b53c03537a4600efc1899\">\n.avia-image-container.av-jw0pkg1e-f468a1f33f2b53c03537a4600efc1899 img.avia_image{\nbox-shadow:none;\n}\n.avia-image-container.av-jw0pkg1e-f468a1f33f2b53c03537a4600efc1899 .av-caption-image-overlay-bg{\nopacity:0.4;\nbackground-color:#000000;\n}\n.avia-image-container.av-jw0pkg1e-f468a1f33f2b53c03537a4600efc1899 .av-image-caption-overlay-center{\ncolor:#ffffff;\n}\n<\/style>\n<div  class='avia-image-container av-jw0pkg1e-f468a1f33f2b53c03537a4600efc1899 av-styling- av-img-linked avia-align-center  avia-builder-el-16  el_after_av_textblock  el_before_av_button  noHover av-overlay-hover-deactivate'   itemprop=\"image\" itemscope=\"itemscope\" itemtype=\"https:\/\/schema.org\/ImageObject\" ><div class=\"avia-image-container-inner\"><div class=\"avia-image-overlay-wrap\"><a href=\"https:\/\/www.ikosecm.it\/il-piede-del-bambino-il-piede-piatto-anatomia-biomeccanica-ed-opzioni-di-trattamento.html\" class='avia_image '  aria-label='colpo di frusta IKOS ECM'><div class=\"av-image-caption-overlay\"><div class=\"av-caption-image-overlay-bg\"><\/div><div class=\"av-image-caption-overlay-position\"><div class=\"av-image-caption-overlay-center\"><\/div><\/div><\/div><img decoding=\"async\" fetchpriority=\"high\" class='wp-image-3217 avia-img-lazy-loading-not-3217 avia_image ' src=\"https:\/\/www.ikosecm.it\/ecm\/wp-content\/uploads\/2022\/07\/colpo-di-frusta-1030x579.jpg\" alt='' title='colpo di frusta IKOS ECM'  height=\"579\" width=\"1030\"  itemprop=\"thumbnailUrl\" srcset=\"https:\/\/www.ikosecm.it\/ecm\/wp-content\/uploads\/2022\/07\/colpo-di-frusta-1030x579.jpg 1030w, https:\/\/www.ikosecm.it\/ecm\/wp-content\/uploads\/2022\/07\/colpo-di-frusta-300x169.jpg 300w, https:\/\/www.ikosecm.it\/ecm\/wp-content\/uploads\/2022\/07\/colpo-di-frusta-768x432.jpg 768w, https:\/\/www.ikosecm.it\/ecm\/wp-content\/uploads\/2022\/07\/colpo-di-frusta-1536x864.jpg 1536w, https:\/\/www.ikosecm.it\/ecm\/wp-content\/uploads\/2022\/07\/colpo-di-frusta-1500x844.jpg 1500w, https:\/\/www.ikosecm.it\/ecm\/wp-content\/uploads\/2022\/07\/colpo-di-frusta-705x397.jpg 705w, https:\/\/www.ikosecm.it\/ecm\/wp-content\/uploads\/2022\/07\/colpo-di-frusta.jpg 1920w\" sizes=\"(max-width: 1030px) 100vw, 1030px\" \/><\/a><\/div><\/div><\/div><br \/>\n<div  class='avia-button-wrap av-l1dn2a8i-29923f3d6b97304bac3f38794bd2f6f1-wrap avia-button-center  avia-builder-el-17  el_after_av_image  el_before_av_hr '>\n<style type=\"text\/css\" data-created_by=\"avia_inline_auto\" id=\"style-css-av-l1dn2a8i-29923f3d6b97304bac3f38794bd2f6f1\">\n#top #wrap_all .avia-button.av-l1dn2a8i-29923f3d6b97304bac3f38794bd2f6f1{\ncolor:#ffffff;\ntransition:all 0.4s ease-in-out;\n}\n#top #wrap_all .avia-button.av-l1dn2a8i-29923f3d6b97304bac3f38794bd2f6f1:hover{\ncolor:#ffffff;\ntransition:all 0.4s ease-in-out;\n}\n#top #wrap_all .avia-button.av-l1dn2a8i-29923f3d6b97304bac3f38794bd2f6f1 .avia-svg-icon svg:first-child{\nfill:#ffffff;\nstroke:#ffffff;\n}\n#top #wrap_all .avia-button.av-l1dn2a8i-29923f3d6b97304bac3f38794bd2f6f1:hover .avia-svg-icon svg:first-child{\nfill:#ffffff;\nstroke:#ffffff;\n}\n<\/style>\n<a href=''  class='avia-button av-l1dn2a8i-29923f3d6b97304bac3f38794bd2f6f1 av-link-btn avia-icon_select-yes-right-icon avia-size-x-large avia-position-center avia-color-theme-color-highlight'  target=\"_blank\"  rel=\"noopener noreferrer\"  aria-label=\"GUARDA L\u2019ANTEPRIMA GRATUITA\"><span class='avia_iconbox_title' >GUARDA L\u2019ANTEPRIMA GRATUITA<\/span><span class='avia_button_icon avia_button_icon_right avia-iconfont avia-font-entypo-fontello' data-av_icon='\ue881' data-av_iconfont='entypo-fontello' ><\/span><span class='avia_button_background avia-button avia-color-theme-color-highlight' ><\/span><\/a><\/div><br \/>\n\n<style type=\"text\/css\" data-created_by=\"avia_inline_auto\" id=\"style-css-av-k3rfeqj1-35e58334514a8a1031dd19ff0519a4fc\">\n#top .hr.hr-invisible.av-k3rfeqj1-35e58334514a8a1031dd19ff0519a4fc{\nheight:20px;\n}\n<\/style>\n<div  class='hr av-k3rfeqj1-35e58334514a8a1031dd19ff0519a4fc hr-invisible  avia-builder-el-18  el_after_av_button  el_before_av_animated_numbers '><span class='hr-inner '><span class=\"hr-inner-style\"><\/span><\/span><\/div><br \/>\n\n<style type=\"text\/css\" data-created_by=\"avia_inline_auto\" id=\"style-css-av-ju9n2o0t-cfb7cd59c5b3f5a0866655920547f048\">\n#top .avia-animated-number.av-ju9n2o0t-cfb7cd59c5b3f5a0866655920547f048 .avia-animated-number-title{\nfont-size:40px;\n}\n.avia-animated-number.av-ju9n2o0t-cfb7cd59c5b3f5a0866655920547f048 .avia-animated-number-circle-inner{\nborder-style:none;\nbox-shadow:none;\n}\n<\/style>\n<div  class=\"avia-animated-number av-ju9n2o0t-cfb7cd59c5b3f5a0866655920547f048 av-force-default-color avia_animate_when_visible  avia-builder-el-19  el_after_av_hr  avia-builder-el-last  \" data-timer=\"3000\"><strong class=\"heading avia-animated-number-title\"><span class=\"avia-single-number __av-single-number\" data-number_format=\"\" data-number=\"10\" data-start_from=\"0\">10<\/span><\/strong><div class=\"avia-animated-number-content\"><p>Crediti ECM<\/p>\n<\/div><\/div><\/p><\/div><\/p>\n<div  class='hr av-d0lho-f9b6919b96a7ea17baea2d49a5ce7ebb hr-default  avia-builder-el-20  el_after_av_one_full  el_before_av_heading '><span class='hr-inner '><span class=\"hr-inner-style\"><\/span><\/span><\/div>\n\n<style type=\"text\/css\" data-created_by=\"avia_inline_auto\" id=\"style-css-av-2cnguq-c3bc34ad2b4f69a8dbc68721980f6f6a\">\n#top .av-special-heading.av-2cnguq-c3bc34ad2b4f69a8dbc68721980f6f6a{\npadding-bottom:10px;\n}\nbody .av-special-heading.av-2cnguq-c3bc34ad2b4f69a8dbc68721980f6f6a .av-special-heading-tag .heading-char{\nfont-size:25px;\n}\n.av-special-heading.av-2cnguq-c3bc34ad2b4f69a8dbc68721980f6f6a .av-subheading{\nfont-size:15px;\n}\n<\/style>\n<div  class='av-special-heading av-2cnguq-c3bc34ad2b4f69a8dbc68721980f6f6a av-special-heading-h4  avia-builder-el-21  el_after_av_hr  el_before_av_one_full  av-linked-heading'><h4 class='av-special-heading-tag '  itemprop=\"headline\"  >\u00c8 arrivato il SALVADANAIO IKOS!<\/h4><div class=\"special-heading-border\"><div class=\"special-heading-inner-border\"><\/div><\/div><\/div>\n\n<style type=\"text\/css\" data-created_by=\"avia_inline_auto\" id=\"style-css-av-eqi5r-167342179bfa5bb25feac7d146468f0b\">\n.flex_column.av-eqi5r-167342179bfa5bb25feac7d146468f0b{\nborder-radius:0px 0px 0px 0px;\npadding:0px 0px 0px 0px;\n}\n<\/style>\n<div  class='flex_column av-eqi5r-167342179bfa5bb25feac7d146468f0b av_one_full  avia-builder-el-22  el_after_av_heading  el_before_av_one_half  first flex_column_div av-zero-column-padding  '     ><p><section  class='av_textblock_section av-jsx3alm2-6954c7b7fce382362b4c0e25114eaf7b '   itemscope=\"itemscope\" itemtype=\"https:\/\/schema.org\/BlogPosting\" itemprop=\"blogPost\" ><div class='avia_textblock'  itemprop=\"text\" ><p>Il SALVADANAIO \u00e8 una esclusiva opportunit\u00e0 riservata ai clienti IKOS, che\u00a0 consente di <strong>maturare <\/strong>e <strong>accumulare <\/strong>credito in Euro (\u20ac) da utilizzare per i tuoi acquisti di corsi ECM FAD.<\/p>\n<p>Il servizio \u00e8 <strong>GRATUITO<\/strong> e non comporta\u00a0 <strong>NESSUN <\/strong>obbligo o vincolo.<\/p>\n<div>\n<div class=\"block-grid \">\n<div>\n<div class=\"col num12\">\n<div class=\"col_cont\">\n<div>\n<div>\n<div id=\"tabella-premi\" class=\"txtTinyMce-wrapper\">\n<p><strong>???? Decidi TU se e quando utilizzare il saldo accumulato<\/strong><\/p>\n<\/div>\n<\/div>\n<\/div>\n<\/div>\n<\/div>\n<\/div>\n<\/div>\n<\/div>\n<div>\n<div class=\"block-grid \">\n<div>\n<div class=\"col num12\">\n<div class=\"col_cont\">\n<div>\n<div>\n<div class=\"txtTinyMce-wrapper\">\n<p><strong>Come funziona?<\/strong><\/p>\n<\/div>\n<\/div>\n<div>\n<div class=\"txtTinyMce-wrapper\">\n<p>E&#8217; semplicissimo, ad ogni tua attivit\u00e0\/evento (<a href=\"https:\/\/www.ikosecm.it\/salvadanaio.php\" target=\"_blank\" rel=\"noopener\">CLICCA QUI<\/a>) IKOS ti riconosce un premio in Euro<\/p>\n<\/div>\n<\/div>\n<\/div>\n<\/div>\n<\/div>\n<\/div>\n<\/div>\n<\/div>\n<\/div><\/section><br \/>\n<div  class='avia-button-wrap av-jsx3bseu-aea6a32a000d217266932897c0b81cf1-wrap avia-button-left  avia-builder-el-24  el_after_av_textblock  avia-builder-el-last '><a href='https:\/\/www.ikosecm.it\/salvadanaio.php'  class='avia-button av-jsx3bseu-aea6a32a000d217266932897c0b81cf1 av-link-btn avia-icon_select-no avia-size-large avia-position-left avia-color-dark'  target=\"_blank\"  rel=\"noopener noreferrer\"  aria-label=\"SCOPRI DI PI\u00d9\"><span class='avia_iconbox_title' >SCOPRI DI PI\u00d9<\/span><\/a><\/div><\/p><\/div>\n\n<style type=\"text\/css\" data-created_by=\"avia_inline_auto\" id=\"style-css-av-72t07-f1b25a9c7bddc6c1a0a5355c6102b4f3\">\n.flex_column.av-72t07-f1b25a9c7bddc6c1a0a5355c6102b4f3{\nborder-radius:0px 0px 0px 0px;\npadding:0px 0px 0px 0px;\n}\n<\/style>\n<div  class='flex_column av-72t07-f1b25a9c7bddc6c1a0a5355c6102b4f3 av_one_half  avia-builder-el-25  el_after_av_one_full  el_before_av_one_half  first flex_column_div av-zero-column-padding  column-top-margin'     ><p>\n<style type=\"text\/css\" data-created_by=\"avia_inline_auto\" id=\"style-css-av-jsx2nve0-cbb66c8f317ec7a57db8d1556d176095\">\n.avia-image-container.av-jsx2nve0-cbb66c8f317ec7a57db8d1556d176095 img.avia_image{\nbox-shadow:none;\n}\n.avia-image-container.av-jsx2nve0-cbb66c8f317ec7a57db8d1556d176095 .av-image-caption-overlay-center{\ncolor:#ffffff;\n}\n<\/style>\n<div  class='avia-image-container av-jsx2nve0-cbb66c8f317ec7a57db8d1556d176095 av-styling- avia-align-center  avia-builder-el-26  el_before_av_hr  avia-builder-el-first '   itemprop=\"image\" itemscope=\"itemscope\" itemtype=\"https:\/\/schema.org\/ImageObject\" ><div class=\"avia-image-container-inner\"><div class=\"avia-image-overlay-wrap\"><img decoding=\"async\" fetchpriority=\"high\" class='wp-image-3183 avia-img-lazy-loading-not-3183 avia_image ' src=\"https:\/\/www.ikosecm.it\/ecm\/wp-content\/uploads\/2022\/06\/1-2.jpg\" alt='' title='1'  height=\"1000\" width=\"1000\"  itemprop=\"thumbnailUrl\" srcset=\"https:\/\/www.ikosecm.it\/ecm\/wp-content\/uploads\/2022\/06\/1-2.jpg 1000w, https:\/\/www.ikosecm.it\/ecm\/wp-content\/uploads\/2022\/06\/1-2-300x300.jpg 300w, https:\/\/www.ikosecm.it\/ecm\/wp-content\/uploads\/2022\/06\/1-2-80x80.jpg 80w, https:\/\/www.ikosecm.it\/ecm\/wp-content\/uploads\/2022\/06\/1-2-768x768.jpg 768w, https:\/\/www.ikosecm.it\/ecm\/wp-content\/uploads\/2022\/06\/1-2-36x36.jpg 36w, https:\/\/www.ikosecm.it\/ecm\/wp-content\/uploads\/2022\/06\/1-2-180x180.jpg 180w, https:\/\/www.ikosecm.it\/ecm\/wp-content\/uploads\/2022\/06\/1-2-705x705.jpg 705w\" sizes=\"(max-width: 1000px) 100vw, 1000px\" \/><\/div><\/div><\/div><br \/>\n\n<style type=\"text\/css\" data-created_by=\"avia_inline_auto\" id=\"style-css-av-6zrsa-a7749ffc2b41ff52b7d2be4904903994\">\n#top .hr.hr-invisible.av-6zrsa-a7749ffc2b41ff52b7d2be4904903994{\nheight:50px;\n}\n<\/style>\n<div  class='hr av-6zrsa-a7749ffc2b41ff52b7d2be4904903994 hr-invisible  avia-builder-el-27  el_after_av_image  avia-builder-el-last '><span class='hr-inner '><span class=\"hr-inner-style\"><\/span><\/span><\/div><\/p><\/div>\n\n<style type=\"text\/css\" data-created_by=\"avia_inline_auto\" id=\"style-css-av-6eugtx-ee36d940887e6d0305675d47f40547b9\">\n.flex_column.av-6eugtx-ee36d940887e6d0305675d47f40547b9{\nborder-radius:0px 0px 0px 0px;\npadding:0px 0px 0px 0px;\n}\n<\/style>\n<div  class='flex_column av-6eugtx-ee36d940887e6d0305675d47f40547b9 av_one_half  avia-builder-el-28  el_after_av_one_half  el_before_av_hr  flex_column_div av-zero-column-padding  column-top-margin'     ><p>\n<style type=\"text\/css\" data-created_by=\"avia_inline_auto\" id=\"style-css-av-4u6uwl-b6d2ae3b693d89e91587c9f4c049b313\">\n.avia-image-container.av-4u6uwl-b6d2ae3b693d89e91587c9f4c049b313 img.avia_image{\nbox-shadow:none;\n}\n.avia-image-container.av-4u6uwl-b6d2ae3b693d89e91587c9f4c049b313 .av-image-caption-overlay-center{\ncolor:#ffffff;\n}\n<\/style>\n<div  class='avia-image-container av-4u6uwl-b6d2ae3b693d89e91587c9f4c049b313 av-styling- avia-align-center  avia-builder-el-29  el_before_av_hr  avia-builder-el-first '   itemprop=\"image\" itemscope=\"itemscope\" itemtype=\"https:\/\/schema.org\/ImageObject\" ><div class=\"avia-image-container-inner\"><div class=\"avia-image-overlay-wrap\"><img decoding=\"async\" fetchpriority=\"high\" class='wp-image-3182 avia-img-lazy-loading-not-3182 avia_image ' src=\"https:\/\/www.ikosecm.it\/ecm\/wp-content\/uploads\/2022\/06\/2-2.jpg\" alt='' title='2'  height=\"1000\" width=\"1000\"  itemprop=\"thumbnailUrl\" srcset=\"https:\/\/www.ikosecm.it\/ecm\/wp-content\/uploads\/2022\/06\/2-2.jpg 1000w, https:\/\/www.ikosecm.it\/ecm\/wp-content\/uploads\/2022\/06\/2-2-300x300.jpg 300w, https:\/\/www.ikosecm.it\/ecm\/wp-content\/uploads\/2022\/06\/2-2-80x80.jpg 80w, https:\/\/www.ikosecm.it\/ecm\/wp-content\/uploads\/2022\/06\/2-2-768x768.jpg 768w, https:\/\/www.ikosecm.it\/ecm\/wp-content\/uploads\/2022\/06\/2-2-36x36.jpg 36w, https:\/\/www.ikosecm.it\/ecm\/wp-content\/uploads\/2022\/06\/2-2-180x180.jpg 180w, https:\/\/www.ikosecm.it\/ecm\/wp-content\/uploads\/2022\/06\/2-2-705x705.jpg 705w\" sizes=\"(max-width: 1000px) 100vw, 1000px\" \/><\/div><\/div><\/div><br \/>\n\n<style type=\"text\/css\" data-created_by=\"avia_inline_auto\" id=\"style-css-av-9p7w5-6d0bce877f324c6e4ca7a4323fe77e7b\">\n#top .hr.hr-invisible.av-9p7w5-6d0bce877f324c6e4ca7a4323fe77e7b{\nheight:50px;\n}\n<\/style>\n<div  class='hr av-9p7w5-6d0bce877f324c6e4ca7a4323fe77e7b hr-invisible  avia-builder-el-30  el_after_av_image  avia-builder-el-last '><span class='hr-inner '><span class=\"hr-inner-style\"><\/span><\/span><\/div><\/p><\/div>\n\n<style type=\"text\/css\" data-created_by=\"avia_inline_auto\" id=\"style-css-av-6zrsa-a7749ffc2b41ff52b7d2be4904903994\">\n#top .hr.hr-invisible.av-6zrsa-a7749ffc2b41ff52b7d2be4904903994{\nheight:50px;\n}\n<\/style>\n<div  class='hr av-6zrsa-a7749ffc2b41ff52b7d2be4904903994 hr-invisible  avia-builder-el-31  el_after_av_one_half  avia-builder-el-last '><span class='hr-inner '><span class=\"hr-inner-style\"><\/span><\/span><\/div>\n","protected":false},"excerpt":{"rendered":"<p>Il colpo di frusta cervicale rappresenta la sfida interdisciplinare per antonomasia.<br \/>\nQuesto perch\u00e9 diversi fattori contribuiscono a creare un quadro estremamente variabile e difficilmente categorizzabile.<br \/>\nQuesto si riflette nella terminologia usata per definirlo, cos\u00ec come sui sistemi di classificazione usati per categorizzarlo.<\/p>\n","protected":false},"author":5,"featured_media":3218,"comment_status":"closed","ping_status":"open","sticky":false,"template":"","format":"standard","meta":{"footnotes":""},"categories":[25],"tags":[577,578,484,89,446,59,580,341,116,575,570,571,64,65,579,581],"class_list":["post-3212","post","type-post","status-publish","format-standard","has-post-thumbnail","hentry","category-corsi-ecm","tag-colpo-di-frusta","tag-colpo-di-frusta-cervicale","tag-corsi-di-formazioni-medici","tag-corsi-ecm","tag-corsi-ecm-medici","tag-corso-ecm","tag-corso-ecm-colpo-di-frusta","tag-corso-ecm-fad","tag-corso-ecm-ortopedici","tag-corso-ecm-osteopati","tag-corso-ecm-parto","tag-corso-ecm-post-partum","tag-corso-fad","tag-crediti-ecm","tag-trattamenti-colpo-di-frusta","tag-trauma-collo-corso-ecm"],"yoast_head":"<!-- This site is optimized with the Yoast SEO plugin v25.5 - https:\/\/yoast.com\/wordpress\/plugins\/seo\/ -->\n<title>IL COLPO DI FRUSTA ED I DISORDINI ASSOCIATI | articolo e corso ECM<\/title>\n<meta name=\"description\" content=\"Il colpo di frusta cervicale \u00e8 un trauma che pu\u00f2 comportare una grande quantit\u00e0 di sfumature, cliniche e di trattamenti. Articolo e Corso ECM\" \/>\n<meta name=\"robots\" content=\"index, follow, max-snippet:-1, max-image-preview:large, max-video-preview:-1\" \/>\n<link rel=\"canonical\" href=\"https:\/\/www.ikosecm.it\/ecm\/corsi-ecm\/il-colpo-di-frusta-e-i-disordini-associati-linee-guida-di-trattamento\/\" \/>\n<meta property=\"og:locale\" content=\"it_IT\" \/>\n<meta property=\"og:type\" content=\"article\" \/>\n<meta property=\"og:title\" content=\"IL COLPO DI FRUSTA ED I DISORDINI ASSOCIATI | articolo e corso ECM\" \/>\n<meta property=\"og:description\" content=\"Il colpo di frusta cervicale \u00e8 un trauma che pu\u00f2 comportare una grande quantit\u00e0 di sfumature, cliniche e di trattamenti. Articolo e Corso ECM\" \/>\n<meta property=\"og:url\" content=\"https:\/\/www.ikosecm.it\/ecm\/corsi-ecm\/il-colpo-di-frusta-e-i-disordini-associati-linee-guida-di-trattamento\/\" \/>\n<meta property=\"og:site_name\" content=\"Ecm made easy!\" \/>\n<meta property=\"article:publisher\" content=\"https:\/\/www.facebook.com\/ikosecm\" \/>\n<meta property=\"article:published_time\" content=\"2022-07-29T12:52:46+00:00\" \/>\n<meta property=\"article:modified_time\" content=\"2023-04-26T20:23:37+00:00\" \/>\n<meta property=\"og:image\" content=\"https:\/\/www.ikosecm.it\/ecm\/wp-content\/uploads\/2022\/07\/colpo-di-frusta-copertina.jpg\" \/>\n\t<meta property=\"og:image:width\" content=\"1920\" \/>\n\t<meta property=\"og:image:height\" content=\"1080\" \/>\n\t<meta property=\"og:image:type\" content=\"image\/jpeg\" \/>\n<meta name=\"author\" content=\"team.ikos\" \/>\n<meta name=\"twitter:card\" content=\"summary_large_image\" \/>\n<meta name=\"twitter:creator\" content=\"@ikosecm\" \/>\n<meta name=\"twitter:site\" content=\"@ikosecm\" \/>\n<meta name=\"twitter:label1\" content=\"Written by\" \/>\n\t<meta name=\"twitter:data1\" content=\"team.ikos\" \/>\n\t<meta name=\"twitter:label2\" content=\"Est. reading time\" \/>\n\t<meta name=\"twitter:data2\" content=\"8 minuti\" \/>\n<script type=\"application\/ld+json\" class=\"yoast-schema-graph\">{\"@context\":\"https:\/\/schema.org\",\"@graph\":[{\"@type\":\"Article\",\"@id\":\"https:\/\/www.ikosecm.it\/ecm\/corsi-ecm\/il-colpo-di-frusta-e-i-disordini-associati-linee-guida-di-trattamento\/#article\",\"isPartOf\":{\"@id\":\"https:\/\/www.ikosecm.it\/ecm\/corsi-ecm\/il-colpo-di-frusta-e-i-disordini-associati-linee-guida-di-trattamento\/\"},\"author\":{\"name\":\"team.ikos\",\"@id\":\"https:\/\/www.ikosecm.it\/ecm\/#\/schema\/person\/85d9f9abb41bc7439b463d1a75c97501\"},\"headline\":\"IL COLPO DI FRUSTA E I DISORDINI ASSOCIATI &#8211; linee guida di trattamento\",\"datePublished\":\"2022-07-29T12:52:46+00:00\",\"dateModified\":\"2023-04-26T20:23:37+00:00\",\"mainEntityOfPage\":{\"@id\":\"https:\/\/www.ikosecm.it\/ecm\/corsi-ecm\/il-colpo-di-frusta-e-i-disordini-associati-linee-guida-di-trattamento\/\"},\"wordCount\":3327,\"publisher\":{\"@id\":\"https:\/\/www.ikosecm.it\/ecm\/#organization\"},\"image\":{\"@id\":\"https:\/\/www.ikosecm.it\/ecm\/corsi-ecm\/il-colpo-di-frusta-e-i-disordini-associati-linee-guida-di-trattamento\/#primaryimage\"},\"thumbnailUrl\":\"https:\/\/www.ikosecm.it\/ecm\/wp-content\/uploads\/2022\/07\/colpo-di-frusta-copertina.jpg\",\"keywords\":[\"colpo di frusta\",\"colpo di frusta cervicale\",\"corsi di formazioni medici\",\"corsi ecm\",\"corsi ecm medici\",\"corso ecm\",\"corso ecm colpo di frusta\",\"corso ecm fad\",\"corso ecm ortopedici\",\"corso ecm osteopati\",\"corso ecm parto\",\"corso ecm post partum\",\"corso FAD\",\"Crediti ECM\",\"trattamenti colpo di frusta\",\"trauma collo corso ecm\"],\"articleSection\":[\"Corsi ecm\"],\"inLanguage\":\"it-IT\"},{\"@type\":\"WebPage\",\"@id\":\"https:\/\/www.ikosecm.it\/ecm\/corsi-ecm\/il-colpo-di-frusta-e-i-disordini-associati-linee-guida-di-trattamento\/\",\"url\":\"https:\/\/www.ikosecm.it\/ecm\/corsi-ecm\/il-colpo-di-frusta-e-i-disordini-associati-linee-guida-di-trattamento\/\",\"name\":\"IL COLPO DI FRUSTA ED I DISORDINI ASSOCIATI | articolo e corso ECM\",\"isPartOf\":{\"@id\":\"https:\/\/www.ikosecm.it\/ecm\/#website\"},\"primaryImageOfPage\":{\"@id\":\"https:\/\/www.ikosecm.it\/ecm\/corsi-ecm\/il-colpo-di-frusta-e-i-disordini-associati-linee-guida-di-trattamento\/#primaryimage\"},\"image\":{\"@id\":\"https:\/\/www.ikosecm.it\/ecm\/corsi-ecm\/il-colpo-di-frusta-e-i-disordini-associati-linee-guida-di-trattamento\/#primaryimage\"},\"thumbnailUrl\":\"https:\/\/www.ikosecm.it\/ecm\/wp-content\/uploads\/2022\/07\/colpo-di-frusta-copertina.jpg\",\"datePublished\":\"2022-07-29T12:52:46+00:00\",\"dateModified\":\"2023-04-26T20:23:37+00:00\",\"description\":\"Il colpo di frusta cervicale \u00e8 un trauma che pu\u00f2 comportare una grande quantit\u00e0 di sfumature, cliniche e di trattamenti. Articolo e Corso ECM\",\"breadcrumb\":{\"@id\":\"https:\/\/www.ikosecm.it\/ecm\/corsi-ecm\/il-colpo-di-frusta-e-i-disordini-associati-linee-guida-di-trattamento\/#breadcrumb\"},\"inLanguage\":\"it-IT\",\"potentialAction\":[{\"@type\":\"ReadAction\",\"target\":[\"https:\/\/www.ikosecm.it\/ecm\/corsi-ecm\/il-colpo-di-frusta-e-i-disordini-associati-linee-guida-di-trattamento\/\"]}]},{\"@type\":\"ImageObject\",\"inLanguage\":\"it-IT\",\"@id\":\"https:\/\/www.ikosecm.it\/ecm\/corsi-ecm\/il-colpo-di-frusta-e-i-disordini-associati-linee-guida-di-trattamento\/#primaryimage\",\"url\":\"https:\/\/www.ikosecm.it\/ecm\/wp-content\/uploads\/2022\/07\/colpo-di-frusta-copertina.jpg\",\"contentUrl\":\"https:\/\/www.ikosecm.it\/ecm\/wp-content\/uploads\/2022\/07\/colpo-di-frusta-copertina.jpg\",\"width\":1920,\"height\":1080},{\"@type\":\"BreadcrumbList\",\"@id\":\"https:\/\/www.ikosecm.it\/ecm\/corsi-ecm\/il-colpo-di-frusta-e-i-disordini-associati-linee-guida-di-trattamento\/#breadcrumb\",\"itemListElement\":[{\"@type\":\"ListItem\",\"position\":1,\"name\":\"Home\",\"item\":\"https:\/\/www.ikosecm.it\/ecm\/\"},{\"@type\":\"ListItem\",\"position\":2,\"name\":\"IL COLPO DI FRUSTA E I DISORDINI ASSOCIATI &#8211; linee guida di trattamento\"}]},{\"@type\":\"WebSite\",\"@id\":\"https:\/\/www.ikosecm.it\/ecm\/#website\",\"url\":\"https:\/\/www.ikosecm.it\/ecm\/\",\"name\":\"Ecm made easy!\",\"description\":\"Il blog di Ikosecm.it, approfondimenti e tematiche dal mondo Ecm.\",\"publisher\":{\"@id\":\"https:\/\/www.ikosecm.it\/ecm\/#organization\"},\"potentialAction\":[{\"@type\":\"SearchAction\",\"target\":{\"@type\":\"EntryPoint\",\"urlTemplate\":\"https:\/\/www.ikosecm.it\/ecm\/?s={search_term_string}\"},\"query-input\":{\"@type\":\"PropertyValueSpecification\",\"valueRequired\":true,\"valueName\":\"search_term_string\"}}],\"inLanguage\":\"it-IT\"},{\"@type\":\"Organization\",\"@id\":\"https:\/\/www.ikosecm.it\/ecm\/#organization\",\"name\":\"Ikos Srl\",\"url\":\"https:\/\/www.ikosecm.it\/ecm\/\",\"logo\":{\"@type\":\"ImageObject\",\"inLanguage\":\"it-IT\",\"@id\":\"https:\/\/www.ikosecm.it\/ecm\/#\/schema\/logo\/image\/\",\"url\":\"https:\/\/www.ikosecm.it\/ecm\/wp-content\/uploads\/2019\/02\/logoecm.png\",\"contentUrl\":\"https:\/\/www.ikosecm.it\/ecm\/wp-content\/uploads\/2019\/02\/logoecm.png\",\"width\":159,\"height\":71,\"caption\":\"Ikos Srl\"},\"image\":{\"@id\":\"https:\/\/www.ikosecm.it\/ecm\/#\/schema\/logo\/image\/\"},\"sameAs\":[\"https:\/\/www.facebook.com\/ikosecm\",\"https:\/\/x.com\/ikosecm\"]},{\"@type\":\"Person\",\"@id\":\"https:\/\/www.ikosecm.it\/ecm\/#\/schema\/person\/85d9f9abb41bc7439b463d1a75c97501\",\"name\":\"team.ikos\",\"image\":{\"@type\":\"ImageObject\",\"inLanguage\":\"it-IT\",\"@id\":\"https:\/\/www.ikosecm.it\/ecm\/#\/schema\/person\/image\/\",\"url\":\"https:\/\/secure.gravatar.com\/avatar\/330cca9621688d2919a9b1a9553844214aaa8f999c44055f0b6112bf2fa450b2?s=96&d=mm&r=g\",\"contentUrl\":\"https:\/\/secure.gravatar.com\/avatar\/330cca9621688d2919a9b1a9553844214aaa8f999c44055f0b6112bf2fa450b2?s=96&d=mm&r=g\",\"caption\":\"team.ikos\"},\"url\":\"https:\/\/www.ikosecm.it\/ecm\/author\/team-ikos\/\"}]}<\/script>\n<!-- \/ Yoast SEO plugin. -->","yoast_head_json":{"title":"IL COLPO DI FRUSTA ED I DISORDINI ASSOCIATI | articolo e corso ECM","description":"Il colpo di frusta cervicale \u00e8 un trauma che pu\u00f2 comportare una grande quantit\u00e0 di sfumature, cliniche e di trattamenti. Articolo e Corso ECM","robots":{"index":"index","follow":"follow","max-snippet":"max-snippet:-1","max-image-preview":"max-image-preview:large","max-video-preview":"max-video-preview:-1"},"canonical":"https:\/\/www.ikosecm.it\/ecm\/corsi-ecm\/il-colpo-di-frusta-e-i-disordini-associati-linee-guida-di-trattamento\/","og_locale":"it_IT","og_type":"article","og_title":"IL COLPO DI FRUSTA ED I DISORDINI ASSOCIATI | articolo e corso ECM","og_description":"Il colpo di frusta cervicale \u00e8 un trauma che pu\u00f2 comportare una grande quantit\u00e0 di sfumature, cliniche e di trattamenti. Articolo e Corso ECM","og_url":"https:\/\/www.ikosecm.it\/ecm\/corsi-ecm\/il-colpo-di-frusta-e-i-disordini-associati-linee-guida-di-trattamento\/","og_site_name":"Ecm made easy!","article_publisher":"https:\/\/www.facebook.com\/ikosecm","article_published_time":"2022-07-29T12:52:46+00:00","article_modified_time":"2023-04-26T20:23:37+00:00","og_image":[{"width":1920,"height":1080,"url":"https:\/\/www.ikosecm.it\/ecm\/wp-content\/uploads\/2022\/07\/colpo-di-frusta-copertina.jpg","type":"image\/jpeg"}],"author":"team.ikos","twitter_card":"summary_large_image","twitter_creator":"@ikosecm","twitter_site":"@ikosecm","twitter_misc":{"Written by":"team.ikos","Est. reading time":"8 minuti"},"schema":{"@context":"https:\/\/schema.org","@graph":[{"@type":"Article","@id":"https:\/\/www.ikosecm.it\/ecm\/corsi-ecm\/il-colpo-di-frusta-e-i-disordini-associati-linee-guida-di-trattamento\/#article","isPartOf":{"@id":"https:\/\/www.ikosecm.it\/ecm\/corsi-ecm\/il-colpo-di-frusta-e-i-disordini-associati-linee-guida-di-trattamento\/"},"author":{"name":"team.ikos","@id":"https:\/\/www.ikosecm.it\/ecm\/#\/schema\/person\/85d9f9abb41bc7439b463d1a75c97501"},"headline":"IL COLPO DI FRUSTA E I DISORDINI ASSOCIATI &#8211; linee guida di trattamento","datePublished":"2022-07-29T12:52:46+00:00","dateModified":"2023-04-26T20:23:37+00:00","mainEntityOfPage":{"@id":"https:\/\/www.ikosecm.it\/ecm\/corsi-ecm\/il-colpo-di-frusta-e-i-disordini-associati-linee-guida-di-trattamento\/"},"wordCount":3327,"publisher":{"@id":"https:\/\/www.ikosecm.it\/ecm\/#organization"},"image":{"@id":"https:\/\/www.ikosecm.it\/ecm\/corsi-ecm\/il-colpo-di-frusta-e-i-disordini-associati-linee-guida-di-trattamento\/#primaryimage"},"thumbnailUrl":"https:\/\/www.ikosecm.it\/ecm\/wp-content\/uploads\/2022\/07\/colpo-di-frusta-copertina.jpg","keywords":["colpo di frusta","colpo di frusta cervicale","corsi di formazioni medici","corsi ecm","corsi ecm medici","corso ecm","corso ecm colpo di frusta","corso ecm fad","corso ecm ortopedici","corso ecm osteopati","corso ecm parto","corso ecm post partum","corso FAD","Crediti ECM","trattamenti colpo di frusta","trauma collo corso ecm"],"articleSection":["Corsi ecm"],"inLanguage":"it-IT"},{"@type":"WebPage","@id":"https:\/\/www.ikosecm.it\/ecm\/corsi-ecm\/il-colpo-di-frusta-e-i-disordini-associati-linee-guida-di-trattamento\/","url":"https:\/\/www.ikosecm.it\/ecm\/corsi-ecm\/il-colpo-di-frusta-e-i-disordini-associati-linee-guida-di-trattamento\/","name":"IL COLPO DI FRUSTA ED I DISORDINI ASSOCIATI | articolo e corso ECM","isPartOf":{"@id":"https:\/\/www.ikosecm.it\/ecm\/#website"},"primaryImageOfPage":{"@id":"https:\/\/www.ikosecm.it\/ecm\/corsi-ecm\/il-colpo-di-frusta-e-i-disordini-associati-linee-guida-di-trattamento\/#primaryimage"},"image":{"@id":"https:\/\/www.ikosecm.it\/ecm\/corsi-ecm\/il-colpo-di-frusta-e-i-disordini-associati-linee-guida-di-trattamento\/#primaryimage"},"thumbnailUrl":"https:\/\/www.ikosecm.it\/ecm\/wp-content\/uploads\/2022\/07\/colpo-di-frusta-copertina.jpg","datePublished":"2022-07-29T12:52:46+00:00","dateModified":"2023-04-26T20:23:37+00:00","description":"Il colpo di frusta cervicale \u00e8 un trauma che pu\u00f2 comportare una grande quantit\u00e0 di sfumature, cliniche e di trattamenti. Articolo e Corso ECM","breadcrumb":{"@id":"https:\/\/www.ikosecm.it\/ecm\/corsi-ecm\/il-colpo-di-frusta-e-i-disordini-associati-linee-guida-di-trattamento\/#breadcrumb"},"inLanguage":"it-IT","potentialAction":[{"@type":"ReadAction","target":["https:\/\/www.ikosecm.it\/ecm\/corsi-ecm\/il-colpo-di-frusta-e-i-disordini-associati-linee-guida-di-trattamento\/"]}]},{"@type":"ImageObject","inLanguage":"it-IT","@id":"https:\/\/www.ikosecm.it\/ecm\/corsi-ecm\/il-colpo-di-frusta-e-i-disordini-associati-linee-guida-di-trattamento\/#primaryimage","url":"https:\/\/www.ikosecm.it\/ecm\/wp-content\/uploads\/2022\/07\/colpo-di-frusta-copertina.jpg","contentUrl":"https:\/\/www.ikosecm.it\/ecm\/wp-content\/uploads\/2022\/07\/colpo-di-frusta-copertina.jpg","width":1920,"height":1080},{"@type":"BreadcrumbList","@id":"https:\/\/www.ikosecm.it\/ecm\/corsi-ecm\/il-colpo-di-frusta-e-i-disordini-associati-linee-guida-di-trattamento\/#breadcrumb","itemListElement":[{"@type":"ListItem","position":1,"name":"Home","item":"https:\/\/www.ikosecm.it\/ecm\/"},{"@type":"ListItem","position":2,"name":"IL COLPO DI FRUSTA E I DISORDINI ASSOCIATI &#8211; linee guida di trattamento"}]},{"@type":"WebSite","@id":"https:\/\/www.ikosecm.it\/ecm\/#website","url":"https:\/\/www.ikosecm.it\/ecm\/","name":"Ecm made easy!","description":"Il blog di Ikosecm.it, approfondimenti e tematiche dal mondo Ecm.","publisher":{"@id":"https:\/\/www.ikosecm.it\/ecm\/#organization"},"potentialAction":[{"@type":"SearchAction","target":{"@type":"EntryPoint","urlTemplate":"https:\/\/www.ikosecm.it\/ecm\/?s={search_term_string}"},"query-input":{"@type":"PropertyValueSpecification","valueRequired":true,"valueName":"search_term_string"}}],"inLanguage":"it-IT"},{"@type":"Organization","@id":"https:\/\/www.ikosecm.it\/ecm\/#organization","name":"Ikos Srl","url":"https:\/\/www.ikosecm.it\/ecm\/","logo":{"@type":"ImageObject","inLanguage":"it-IT","@id":"https:\/\/www.ikosecm.it\/ecm\/#\/schema\/logo\/image\/","url":"https:\/\/www.ikosecm.it\/ecm\/wp-content\/uploads\/2019\/02\/logoecm.png","contentUrl":"https:\/\/www.ikosecm.it\/ecm\/wp-content\/uploads\/2019\/02\/logoecm.png","width":159,"height":71,"caption":"Ikos Srl"},"image":{"@id":"https:\/\/www.ikosecm.it\/ecm\/#\/schema\/logo\/image\/"},"sameAs":["https:\/\/www.facebook.com\/ikosecm","https:\/\/x.com\/ikosecm"]},{"@type":"Person","@id":"https:\/\/www.ikosecm.it\/ecm\/#\/schema\/person\/85d9f9abb41bc7439b463d1a75c97501","name":"team.ikos","image":{"@type":"ImageObject","inLanguage":"it-IT","@id":"https:\/\/www.ikosecm.it\/ecm\/#\/schema\/person\/image\/","url":"https:\/\/secure.gravatar.com\/avatar\/330cca9621688d2919a9b1a9553844214aaa8f999c44055f0b6112bf2fa450b2?s=96&d=mm&r=g","contentUrl":"https:\/\/secure.gravatar.com\/avatar\/330cca9621688d2919a9b1a9553844214aaa8f999c44055f0b6112bf2fa450b2?s=96&d=mm&r=g","caption":"team.ikos"},"url":"https:\/\/www.ikosecm.it\/ecm\/author\/team-ikos\/"}]}},"_links":{"self":[{"href":"https:\/\/www.ikosecm.it\/ecm\/wp-json\/wp\/v2\/posts\/3212","targetHints":{"allow":["GET"]}}],"collection":[{"href":"https:\/\/www.ikosecm.it\/ecm\/wp-json\/wp\/v2\/posts"}],"about":[{"href":"https:\/\/www.ikosecm.it\/ecm\/wp-json\/wp\/v2\/types\/post"}],"author":[{"embeddable":true,"href":"https:\/\/www.ikosecm.it\/ecm\/wp-json\/wp\/v2\/users\/5"}],"replies":[{"embeddable":true,"href":"https:\/\/www.ikosecm.it\/ecm\/wp-json\/wp\/v2\/comments?post=3212"}],"version-history":[{"count":5,"href":"https:\/\/www.ikosecm.it\/ecm\/wp-json\/wp\/v2\/posts\/3212\/revisions"}],"predecessor-version":[{"id":3374,"href":"https:\/\/www.ikosecm.it\/ecm\/wp-json\/wp\/v2\/posts\/3212\/revisions\/3374"}],"wp:featuredmedia":[{"embeddable":true,"href":"https:\/\/www.ikosecm.it\/ecm\/wp-json\/wp\/v2\/media\/3218"}],"wp:attachment":[{"href":"https:\/\/www.ikosecm.it\/ecm\/wp-json\/wp\/v2\/media?parent=3212"}],"wp:term":[{"taxonomy":"category","embeddable":true,"href":"https:\/\/www.ikosecm.it\/ecm\/wp-json\/wp\/v2\/categories?post=3212"},{"taxonomy":"post_tag","embeddable":true,"href":"https:\/\/www.ikosecm.it\/ecm\/wp-json\/wp\/v2\/tags?post=3212"}],"curies":[{"name":"wp","href":"https:\/\/api.w.org\/{rel}","templated":true}]}}