{"id":3245,"date":"2022-09-26T10:35:06","date_gmt":"2022-09-26T08:35:06","guid":{"rendered":"https:\/\/www.ikosecm.it\/ecm\/?p=3245"},"modified":"2022-09-26T10:35:09","modified_gmt":"2022-09-26T08:35:09","slug":"curare-il-dolore-lazione-dei-farmaci-e-della-relazione-nel-trattamento-del-dolore","status":"publish","type":"post","link":"https:\/\/www.ikosecm.it\/ecm\/corsi-ecm\/curare-il-dolore-lazione-dei-farmaci-e-della-relazione-nel-trattamento-del-dolore\/","title":{"rendered":"CURARE IL DOLORE: L&#8217;AZIONE DEI FARMACI E DELLA RELAZIONE NEL TRATTAMENTO DEL DOLORE"},"content":{"rendered":"\n<style type=\"text\/css\" data-created_by=\"avia_inline_auto\" id=\"style-css-av-krvrq8sv-08e91108b85589841f936ad91e9a1bb3\">\n#top .hr.hr-invisible.av-krvrq8sv-08e91108b85589841f936ad91e9a1bb3{\nheight:60px;\n}\n<\/style>\n<div  class='hr av-krvrq8sv-08e91108b85589841f936ad91e9a1bb3 hr-invisible  avia-builder-el-0  el_before_av_one_full  avia-builder-el-first '><span class='hr-inner '><span class=\"hr-inner-style\"><\/span><\/span><\/div>\n\n<style type=\"text\/css\" data-created_by=\"avia_inline_auto\" id=\"style-css-av-19y77s-6da3cf55bdcfb15d84d02fa3e68fadb4\">\n.flex_column.av-19y77s-6da3cf55bdcfb15d84d02fa3e68fadb4{\nborder-radius:0px 0px 0px 0px;\npadding:0px 0px 0px 0px;\n}\n<\/style>\n<div  class='flex_column av-19y77s-6da3cf55bdcfb15d84d02fa3e68fadb4 av_one_full  avia-builder-el-1  el_after_av_hr  el_before_av_one_full  first flex_column_div av-zero-column-padding  '     ><p>\n<style type=\"text\/css\" data-created_by=\"avia_inline_auto\" id=\"style-css-av-9bttjm-3ae41e24264854c665b18ac1b537af34\">\n#top .av-special-heading.av-9bttjm-3ae41e24264854c665b18ac1b537af34{\npadding-bottom:10px;\n}\nbody .av-special-heading.av-9bttjm-3ae41e24264854c665b18ac1b537af34 .av-special-heading-tag .heading-char{\nfont-size:25px;\n}\n.av-special-heading.av-9bttjm-3ae41e24264854c665b18ac1b537af34 .av-subheading{\nfont-size:15px;\n}\n<\/style>\n<div  class='av-special-heading av-9bttjm-3ae41e24264854c665b18ac1b537af34 av-special-heading-h3  avia-builder-el-2  el_before_av_textblock  avia-builder-el-first  av-linked-heading'><h3 class='av-special-heading-tag '  itemprop=\"headline\"  >CONOSCERE IL DOLORE PER CURARLO<\/h3><div class=\"special-heading-border\"><div class=\"special-heading-inner-border\"><\/div><\/div><\/div><br \/>\n<section  class='av_textblock_section av-jtaabdl7-6c03e2fe41f6a4235550376030252b9d '   itemscope=\"itemscope\" itemtype=\"https:\/\/schema.org\/BlogPosting\" itemprop=\"blogPost\" ><div class='avia_textblock'  itemprop=\"text\" ><p>Il dolore \u00e8 un\u2019esperienza soggettiva e complessa, ma \u00e8 anche un\u2019esperienza comune agli esseri viventi e organizzata in maniera specifica a livello organico.<\/p>\n<p>Per curare il dolore \u00e8 necessario conoscere il dolore, come si manifesta, come si trasmette, attraverso quali vie e quali centri, ma anche creare il contesto adeguato per favorire le risorse personali di fronteggiamento del dolore.<\/p>\n<\/div><\/section><br \/>\n\n<style type=\"text\/css\" data-created_by=\"avia_inline_auto\" id=\"style-css-av-kcn1cp4i-bb7930e7d65bf7acf0d1ecf2ab6c4437\">\n.avia-image-container.av-kcn1cp4i-bb7930e7d65bf7acf0d1ecf2ab6c4437 img.avia_image{\nbox-shadow:none;\n}\n.avia-image-container.av-kcn1cp4i-bb7930e7d65bf7acf0d1ecf2ab6c4437 .av-image-caption-overlay-center{\ncolor:#ffffff;\n}\n<\/style>\n<div  class='avia-image-container av-kcn1cp4i-bb7930e7d65bf7acf0d1ecf2ab6c4437 av-styling- avia-align-center  avia-builder-el-4  el_after_av_textblock  el_before_av_heading  av-has-copyright av-copyright-always'   itemprop=\"image\" itemscope=\"itemscope\" itemtype=\"https:\/\/schema.org\/ImageObject\" ><div class=\"avia-image-container-inner\"><div class=\"avia-image-overlay-wrap\"><img decoding=\"async\" fetchpriority=\"high\" class='wp-image-3247 avia-img-lazy-loading-not-3247 avia_image ' src=\"https:\/\/www.ikosecm.it\/ecm\/wp-content\/uploads\/2022\/09\/2-4.jpg\" alt='' title='2-4'  height=\"600\" width=\"940\"  itemprop=\"thumbnailUrl\" srcset=\"https:\/\/www.ikosecm.it\/ecm\/wp-content\/uploads\/2022\/09\/2-4.jpg 940w, https:\/\/www.ikosecm.it\/ecm\/wp-content\/uploads\/2022\/09\/2-4-300x191.jpg 300w, https:\/\/www.ikosecm.it\/ecm\/wp-content\/uploads\/2022\/09\/2-4-768x490.jpg 768w, https:\/\/www.ikosecm.it\/ecm\/wp-content\/uploads\/2022\/09\/2-4-705x450.jpg 705w\" sizes=\"(max-width: 940px) 100vw, 940px\" \/><\/div><small class=\"avia-copyright\">@Canva<\/small><\/div><\/div><br \/>\n\n<style type=\"text\/css\" data-created_by=\"avia_inline_auto\" id=\"style-css-av-6xom0y-85bbfec657dc48934181b10c83155864\">\n#top .av-special-heading.av-6xom0y-85bbfec657dc48934181b10c83155864{\npadding-bottom:10px;\n}\nbody .av-special-heading.av-6xom0y-85bbfec657dc48934181b10c83155864 .av-special-heading-tag .heading-char{\nfont-size:25px;\n}\n.av-special-heading.av-6xom0y-85bbfec657dc48934181b10c83155864 .av-subheading{\nfont-size:15px;\n}\n<\/style>\n<div  class='av-special-heading av-6xom0y-85bbfec657dc48934181b10c83155864 av-special-heading-h3  avia-builder-el-5  el_after_av_image  el_before_av_textblock  av-linked-heading'><h3 class='av-special-heading-tag '  itemprop=\"headline\"  >PERCHE\u2019 CURARE IL DOLORE?<\/h3><div class=\"special-heading-border\"><div class=\"special-heading-inner-border\"><\/div><\/div><\/div><br \/>\n<section  class='av_textblock_section av-2vzun7-783d1403a4a6b3868eca11d1cafb7411 '   itemscope=\"itemscope\" itemtype=\"https:\/\/schema.org\/BlogPosting\" itemprop=\"blogPost\" ><div class='avia_textblock'  itemprop=\"text\" ><ul>\n<li>Perch\u00e9 \u00e8 un problema sanitario a livello globale<\/li>\n<li>Perch\u00e9 ne soffre il 26% della popolazione italiana (Breivik et al. 2009) con un costo di circa 6,8 milioni di euro (2003)<\/li>\n<li>Perch\u00e9 il controllo del dolore non solo \u00e8 efficace sugli <em>outcomes<\/em> clinici ma anche sulla risposta terapeutica della patologia di base con un impatto importante sulla qualit\u00e0 della vita e sulle invalidit\u00e0 secondarie<\/li>\n<li>Perch\u00e9 i pazienti ospedalizzati in area medica sperimentano dolore in percentuale che varia tra il 40 e il 63% (Costantini et al. 2010)<\/li>\n<li>Perch\u00e9 \u00e8 frequente nel paziente oncologico: Fasi iniziali 20-50%; Fase terminale 90%.<\/li>\n<li>Perch\u00e9 il 50% degli operatori sanitari non considera la qualit\u00e0 della vita una priorit\u00e0 della cura globale del paziente (Costantini 2010).<\/li>\n<li>Perch\u00e9 la Legge N.38\/2010 Art. 8 identifica come obbligo la formazione e aggiornamento medico e infermieristico in materia di cure palliative e terapia del dolore<\/li>\n<\/ul>\n<\/div><\/section><br \/>\n\n<style type=\"text\/css\" data-created_by=\"avia_inline_auto\" id=\"style-css-av-l449yrel-5448201cad3ae7e20c7d01d86d5c8e3f\">\n#top .av-special-heading.av-l449yrel-5448201cad3ae7e20c7d01d86d5c8e3f{\npadding-bottom:10px;\n}\nbody .av-special-heading.av-l449yrel-5448201cad3ae7e20c7d01d86d5c8e3f .av-special-heading-tag .heading-char{\nfont-size:25px;\n}\n.av-special-heading.av-l449yrel-5448201cad3ae7e20c7d01d86d5c8e3f .av-subheading{\nfont-size:15px;\n}\n<\/style>\n<div  class='av-special-heading av-l449yrel-5448201cad3ae7e20c7d01d86d5c8e3f av-special-heading-h3  avia-builder-el-7  el_after_av_textblock  el_before_av_textblock  av-linked-heading'><h3 class='av-special-heading-tag '  itemprop=\"headline\"  >MEDICI E DOLORE<\/h3><div class=\"special-heading-border\"><div class=\"special-heading-inner-border\"><\/div><\/div><\/div><br \/>\n<section  class='av_textblock_section av-jtaabdl7-6c03e2fe41f6a4235550376030252b9d '   itemscope=\"itemscope\" itemtype=\"https:\/\/schema.org\/BlogPosting\" itemprop=\"blogPost\" ><div class='avia_textblock'  itemprop=\"text\" ><p>Il medico ancora oggi \u00e9 portato a considerate il dolore un fatto secondario rispetto alla patologia di base cui rivolge la maggior parte dell&#8217;attenzione e questo atteggiamento pu\u00f2 estendersi anche ad altre figure coinvolte nel processo assistenziale. Ci\u00f2 implica che la rilevazione del dolore divenga costante al pari di altri segni vitali quali la frequenza cardiaca, la temperatura corporea, la pressione arteriosa fondamentali nella valutazione clinica della persona.<\/p>\n<p>Le linee guida contengono indicazioni relative al processo di educazione e formazione continua del personale di cura operante nelle strutture sanitarie ed alla informazione e sensibilizzazione della popolazione.<\/p>\n<p>Che i pazienti ed i medici lo riconoscano o no, i fattori psicologici nel dolore sono sempre presenti. Essi possono essere ignorati, sebbene i loro effetti sul dolore possano essere molto forti, oppure possono essere trattati sistematicamente in modo tale da ottenere il massimo effetto.<\/p>\n<\/div><\/section><br \/>\n\n<style type=\"text\/css\" data-created_by=\"avia_inline_auto\" id=\"style-css-av-l1yqv471-8b32337bac09c02f5e02972a7fa0eeb0\">\n.avia-image-container.av-l1yqv471-8b32337bac09c02f5e02972a7fa0eeb0 img.avia_image{\nbox-shadow:none;\n}\n.avia-image-container.av-l1yqv471-8b32337bac09c02f5e02972a7fa0eeb0 .av-image-caption-overlay-center{\ncolor:#ffffff;\n}\n<\/style>\n<div  class='avia-image-container av-l1yqv471-8b32337bac09c02f5e02972a7fa0eeb0 av-styling- avia-align-center  avia-builder-el-9  el_after_av_textblock  avia-builder-el-last  av-has-copyright av-copyright-always'   itemprop=\"image\" itemscope=\"itemscope\" itemtype=\"https:\/\/schema.org\/ImageObject\" ><div class=\"avia-image-container-inner\"><div class=\"avia-image-overlay-wrap\"><img decoding=\"async\" fetchpriority=\"high\" class='wp-image-3248 avia-img-lazy-loading-not-3248 avia_image ' src=\"https:\/\/www.ikosecm.it\/ecm\/wp-content\/uploads\/2022\/09\/1-4.jpg\" alt='' title='1-4'  height=\"600\" width=\"940\"  itemprop=\"thumbnailUrl\" srcset=\"https:\/\/www.ikosecm.it\/ecm\/wp-content\/uploads\/2022\/09\/1-4.jpg 940w, https:\/\/www.ikosecm.it\/ecm\/wp-content\/uploads\/2022\/09\/1-4-300x191.jpg 300w, https:\/\/www.ikosecm.it\/ecm\/wp-content\/uploads\/2022\/09\/1-4-768x490.jpg 768w, https:\/\/www.ikosecm.it\/ecm\/wp-content\/uploads\/2022\/09\/1-4-705x450.jpg 705w\" sizes=\"(max-width: 940px) 100vw, 940px\" \/><\/div><small class=\"avia-copyright\">@Canva<\/small><\/div><\/div><\/p><\/div>\n<style type=\"text\/css\" data-created_by=\"avia_inline_auto\" id=\"style-css-av-840jay-11bc9c16e6811671862ef1343f4625c3\">\n.flex_column.av-840jay-11bc9c16e6811671862ef1343f4625c3{\nborder-radius:0px 0px 0px 0px;\npadding:0px 0px 0px 0px;\n}\n<\/style>\n<div  class='flex_column av-840jay-11bc9c16e6811671862ef1343f4625c3 av_one_full  avia-builder-el-10  el_after_av_one_full  el_before_av_one_full  first flex_column_div av-zero-column-padding  column-top-margin'     ><p>\n<style type=\"text\/css\" data-created_by=\"avia_inline_auto\" id=\"style-css-av-iyi4q-de36393f00714dd411a14c9bc0de0d3f\">\n#top .av-special-heading.av-iyi4q-de36393f00714dd411a14c9bc0de0d3f{\npadding-bottom:10px;\n}\nbody .av-special-heading.av-iyi4q-de36393f00714dd411a14c9bc0de0d3f .av-special-heading-tag .heading-char{\nfont-size:25px;\n}\n.av-special-heading.av-iyi4q-de36393f00714dd411a14c9bc0de0d3f .av-subheading{\nfont-size:15px;\n}\n<\/style>\n<div  class='av-special-heading av-iyi4q-de36393f00714dd411a14c9bc0de0d3f av-special-heading-h3  avia-builder-el-11  el_before_av_textblock  avia-builder-el-first  av-linked-heading'><h3 class='av-special-heading-tag '  itemprop=\"headline\"  >CURARE IL DOLORE: L\u2019AZIONE DEI FARMACI E DELLA RELAZIONE NEL TRATTAMENTO DEL DOLORE. Approfondisci il tema di questo articolo con un corso specialistico ECM FAD da 15 crediti<\/h3><div class=\"special-heading-border\"><div class=\"special-heading-inner-border\"><\/div><\/div><\/div><br \/>\n<section  class='av_textblock_section av-3tdemy-e60acdfc4999f7261415c0b295989b9b '   itemscope=\"itemscope\" itemtype=\"https:\/\/schema.org\/BlogPosting\" itemprop=\"blogPost\" ><div class='avia_textblock'  itemprop=\"text\" ><p><a href=\"https:\/\/www.ikosecm.it\/curare-il-dolore-l-azione-dei-farmaci-e-della-relazione-nel-trattamento-del-dolore.html\">Questo corso ECM<\/a>\u00a0dal titolo\u00a0<strong>CURARE IL DOLORE: L&#8217;AZIONE DEI FARMACI E DELLA RELAZIONE NEL TRATTAMENTO DEL DOLORE , <\/strong>a cura del Dott. Marco Pastorini, Dott. Stefano Quaini nasce dalla consapevolezza che il dolore sia un\u2019esperienza soggettiva e complessa, ma \u00e8 anche un\u2019esperienza comune agli esseri viventi e organizzata in maniera specifica a livello organico.<\/p>\n<p>Per curare il dolore \u00e8 necessario conoscere il dolore, come si manifesta, come si trasmette, attraverso quali vie e quali centri, ma anche creare il contesto adeguato per favorire le risorse personali di fronteggiamento del dolore.<\/p>\n<p>In questo corso presenteremo le basi organiche e neurobiologiche del dolore, il ruolo degli aspetti soggettivi e psicologici, l\u2019importanza dell\u2019effetto placebo e delle tecniche farmacologiche e anestesiologiche nella cura del dolore.<\/p>\n<p><a href=\"https:\/\/www.ikosecm.it\/curare-il-dolore-l-azione-dei-farmaci-e-della-relazione-nel-trattamento-del-dolore.html\">Cliccando QUI<\/a>\u00a0potrai accedere a questo corso ECM FAD che potrai seguire ONLINE e del quale potrai scaricare o ricevere il certificato via email.<\/p>\n<p><b><i>Il corso \u00e8 cos\u00ec suddiviso:<\/i><\/b><\/p>\n<p>1)<span class=\"Apple-converted-space\">\u00a0 \u00a0 <\/span>Definizione e glossario dei termini, variabili che influenzano il dolore<\/p>\n<p>2)<span class=\"Apple-converted-space\">\u00a0 \u00a0 <\/span>Cure palliative e terapia del dolore: normativa di riferimento<\/p>\n<p>3)<span class=\"Apple-converted-space\">\u00a0 \u00a0 <\/span>Il dolore \u00e8 un\u2019esperienza: parole, significati e metafore<\/p>\n<p>4)<span class=\"Apple-converted-space\">\u00a0 \u00a0 <\/span>Tipi di dolore: acuto, cronico, ecc.<\/p>\n<p>5)<span class=\"Apple-converted-space\">\u00a0 \u00a0 <\/span>Basi neurofisiologiche del dolore: come si trasmette il dolore<\/p>\n<p>6)<span class=\"Apple-converted-space\">\u00a0 \u00a0 <\/span>La modulazione del dolore<\/p>\n<p>7)<span class=\"Apple-converted-space\">\u00a0 \u00a0 <\/span>Dolore nocicettivo e neuropatico<\/p>\n<p>8)<span class=\"Apple-converted-space\">\u00a0 \u00a0 <\/span>Il dolore oncologico<\/p>\n<p>9)<span class=\"Apple-converted-space\">\u00a0 \u00a0 <\/span>Trattare il dolore<\/p>\n<p>10) La gestione farmacologica del dolore<\/p>\n<p>11) L\u2019effetto placebo<\/p>\n<p>12) Come aumentare la tolleranza al dolore: strategie non farmacologiche e comportamentali<\/p>\n<p>13) Conclusioni: dolore e relazione di cura<\/p>\n<p>14) Appendice: questionari di rilevazione e valutazione del dolore<\/p>\n<p><b>QUESTIONARIO DI VALUTAZIONE FINALE<\/b><\/p>\n<p>Il corso \u00e8 perfettamente compatibile con tutti i dispositivi e\u00a0<i>device.<\/i><\/p>\n<p>La prova di apprendimento potr\u00e0 essere effettuata al termine del corso, dopo aver seguito le lezioni.<\/p>\n<p>La prova di apprendimento consister\u00e0 in un questionario composto da 45 domande.<\/p>\n<p>La soglia di superamento prevista \u00e8 del 75%. E\u2019 prevista una doppia randomizzazione delle domande.<\/p>\n<p><strong>SONO POSSIBILI 5 TENTATIVI<\/strong><\/p>\n<p>Il corso dar\u00e0 diritto a <strong>ben 15 \u00a0<a href=\"https:\/\/it.wikipedia.org\/wiki\/Educazione_continua_in_medicina\" target=\"_blank\" rel=\"noopener\">crediti ECM<\/a> <\/strong>previo superamento del\u00a0prova finale.<\/p>\n<\/div><\/section><br \/>\n<div  class='avia-button-wrap av-2g0kl6-a8546981b40cec21d5c5e1d00655e635-wrap avia-button-center  avia-builder-el-13  el_after_av_textblock  avia-builder-el-last '>\n<style type=\"text\/css\" data-created_by=\"avia_inline_auto\" id=\"style-css-av-2g0kl6-a8546981b40cec21d5c5e1d00655e635\">\n#top #wrap_all .avia-button.av-2g0kl6-a8546981b40cec21d5c5e1d00655e635{\ncolor:#ffffff;\ntransition:all 0.4s ease-in-out;\n}\n#top #wrap_all .avia-button.av-2g0kl6-a8546981b40cec21d5c5e1d00655e635:hover{\ncolor:#ffffff;\ntransition:all 0.4s ease-in-out;\n}\n#top #wrap_all .avia-button.av-2g0kl6-a8546981b40cec21d5c5e1d00655e635 .avia-svg-icon svg:first-child{\nfill:#ffffff;\nstroke:#ffffff;\n}\n#top #wrap_all .avia-button.av-2g0kl6-a8546981b40cec21d5c5e1d00655e635:hover .avia-svg-icon svg:first-child{\nfill:#ffffff;\nstroke:#ffffff;\n}\n<\/style>\n<a href='https:\/\/www.ikosecm.it\/curare-il-dolore-l-azione-dei-farmaci-e-della-relazione-nel-trattamento-del-dolore.html'  class='avia-button av-2g0kl6-a8546981b40cec21d5c5e1d00655e635 av-link-btn avia-icon_select-no avia-size-x-large avia-position-center avia-color-theme-color-highlight'  target=\"_blank\"  rel=\"noopener noreferrer\"  aria-label=\"ACCEDI AL CORSO ECM\"><span class='avia_iconbox_title' >ACCEDI AL CORSO ECM<\/span><span class='avia_button_background avia-button avia-color-theme-color-highlight' ><\/span><\/a><\/div><\/p><\/div>\n<style type=\"text\/css\" data-created_by=\"avia_inline_auto\" id=\"style-css-av-ju9mx8al-4b9475f315a91891c7b2d3e9ae37d877\">\n.flex_column.av-ju9mx8al-4b9475f315a91891c7b2d3e9ae37d877{\nborder-radius:0px 0px 0px 0px;\npadding:0px 0px 0px 0px;\n}\n<\/style>\n<div  class='flex_column av-ju9mx8al-4b9475f315a91891c7b2d3e9ae37d877 av_one_full  avia-builder-el-14  el_after_av_one_full  el_before_av_hr  first flex_column_div av-animated-generic fade-in av-zero-column-padding avia-link-column av-column-link avia-link-column-hover  column-top-margin'    data-link-column-url=\"https:\/\/www.ikosecm.it\/app\/media\/uploads\/lezioni\/2132\/index.html\"  data-link-column-target=\"_blank\"   ><a class=\"av-screen-reader-only\" href=https:\/\/www.ikosecm.it\/app\/media\/uploads\/lezioni\/2132\/index.html  target=\"_blank\" >Segui un collegamento aggiunto manuale<\/a><section  class='av_textblock_section av-jtaavp2p-61daf424d20915524007c21c28cddb36 '   itemscope=\"itemscope\" itemtype=\"https:\/\/schema.org\/BlogPosting\" itemprop=\"blogPost\" ><div class='avia_textblock'  itemprop=\"text\" ><h4 style=\"text-align: center;\">Guarda l&#8217;anteprima gratuita del corso ECM<\/h4>\n<div class=\"page\" title=\"Page 48\">\n<div class=\"section\">\n<div class=\"layoutArea\">\n<div class=\"column\">\n<div class=\"page\" title=\"Page 49\">\n<div class=\"section\">\n<div class=\"layoutArea\">\n<div class=\"column\"><\/div>\n<\/div>\n<\/div>\n<\/div>\n<\/div>\n<\/div>\n<\/div>\n<\/div>\n<\/div><\/section><br \/>\n\n<style type=\"text\/css\" data-created_by=\"avia_inline_auto\" id=\"style-css-av-jw0pkg1e-23494bc3b1a4b62671709317a6d6bf8b\">\n.avia-image-container.av-jw0pkg1e-23494bc3b1a4b62671709317a6d6bf8b img.avia_image{\nbox-shadow:none;\n}\n.avia-image-container.av-jw0pkg1e-23494bc3b1a4b62671709317a6d6bf8b .av-caption-image-overlay-bg{\nopacity:0.4;\nbackground-color:#000000;\n}\n.avia-image-container.av-jw0pkg1e-23494bc3b1a4b62671709317a6d6bf8b .av-image-caption-overlay-center{\ncolor:#ffffff;\n}\n<\/style>\n<div  class='avia-image-container av-jw0pkg1e-23494bc3b1a4b62671709317a6d6bf8b av-styling- av-img-linked avia-align-center  avia-builder-el-16  el_after_av_textblock  el_before_av_button  noHover av-overlay-hover-deactivate'   itemprop=\"image\" itemscope=\"itemscope\" itemtype=\"https:\/\/schema.org\/ImageObject\" ><div class=\"avia-image-container-inner\"><div class=\"avia-image-overlay-wrap\"><div class=\"av-image-caption-overlay\"><div class=\"av-caption-image-overlay-bg\"><\/div><div class=\"av-image-caption-overlay-position\"><div class=\"av-image-caption-overlay-center\"><\/div><\/div><\/div><img decoding=\"async\" fetchpriority=\"high\" class='wp-image-3246 avia-img-lazy-loading-not-3246 avia_image ' src=\"https:\/\/www.ikosecm.it\/ecm\/wp-content\/uploads\/2022\/09\/curare-il-dolore-anteprima-1030x579.jpg\" alt='' title='curare il dolore anteprima'  height=\"579\" width=\"1030\"  itemprop=\"thumbnailUrl\" srcset=\"https:\/\/www.ikosecm.it\/ecm\/wp-content\/uploads\/2022\/09\/curare-il-dolore-anteprima-1030x579.jpg 1030w, https:\/\/www.ikosecm.it\/ecm\/wp-content\/uploads\/2022\/09\/curare-il-dolore-anteprima-300x169.jpg 300w, https:\/\/www.ikosecm.it\/ecm\/wp-content\/uploads\/2022\/09\/curare-il-dolore-anteprima-768x432.jpg 768w, https:\/\/www.ikosecm.it\/ecm\/wp-content\/uploads\/2022\/09\/curare-il-dolore-anteprima-1536x864.jpg 1536w, https:\/\/www.ikosecm.it\/ecm\/wp-content\/uploads\/2022\/09\/curare-il-dolore-anteprima-1500x844.jpg 1500w, https:\/\/www.ikosecm.it\/ecm\/wp-content\/uploads\/2022\/09\/curare-il-dolore-anteprima-705x397.jpg 705w, https:\/\/www.ikosecm.it\/ecm\/wp-content\/uploads\/2022\/09\/curare-il-dolore-anteprima.jpg 1920w\" sizes=\"(max-width: 1030px) 100vw, 1030px\" \/><\/div><\/div><\/div><br \/>\n<div  class='avia-button-wrap av-l1dn2a8i-29923f3d6b97304bac3f38794bd2f6f1-wrap avia-button-center  avia-builder-el-17  el_after_av_image  el_before_av_hr '>\n<style type=\"text\/css\" data-created_by=\"avia_inline_auto\" id=\"style-css-av-l1dn2a8i-29923f3d6b97304bac3f38794bd2f6f1\">\n#top #wrap_all .avia-button.av-l1dn2a8i-29923f3d6b97304bac3f38794bd2f6f1{\ncolor:#ffffff;\ntransition:all 0.4s ease-in-out;\n}\n#top #wrap_all .avia-button.av-l1dn2a8i-29923f3d6b97304bac3f38794bd2f6f1:hover{\ncolor:#ffffff;\ntransition:all 0.4s ease-in-out;\n}\n#top #wrap_all .avia-button.av-l1dn2a8i-29923f3d6b97304bac3f38794bd2f6f1 .avia-svg-icon svg:first-child{\nfill:#ffffff;\nstroke:#ffffff;\n}\n#top #wrap_all .avia-button.av-l1dn2a8i-29923f3d6b97304bac3f38794bd2f6f1:hover .avia-svg-icon svg:first-child{\nfill:#ffffff;\nstroke:#ffffff;\n}\n<\/style>\n<a href=''  class='avia-button av-l1dn2a8i-29923f3d6b97304bac3f38794bd2f6f1 av-link-btn avia-icon_select-yes-right-icon avia-size-x-large avia-position-center avia-color-theme-color-highlight'  target=\"_blank\"  rel=\"noopener noreferrer\"  aria-label=\"GUARDA L\u2019ANTEPRIMA GRATUITA\"><span class='avia_iconbox_title' >GUARDA L\u2019ANTEPRIMA GRATUITA<\/span><span class='avia_button_icon avia_button_icon_right avia-iconfont avia-font-entypo-fontello' data-av_icon='\ue881' data-av_iconfont='entypo-fontello' ><\/span><span class='avia_button_background avia-button avia-color-theme-color-highlight' ><\/span><\/a><\/div><br \/>\n\n<style type=\"text\/css\" data-created_by=\"avia_inline_auto\" id=\"style-css-av-k3rfeqj1-35e58334514a8a1031dd19ff0519a4fc\">\n#top .hr.hr-invisible.av-k3rfeqj1-35e58334514a8a1031dd19ff0519a4fc{\nheight:20px;\n}\n<\/style>\n<div  class='hr av-k3rfeqj1-35e58334514a8a1031dd19ff0519a4fc hr-invisible  avia-builder-el-18  el_after_av_button  el_before_av_animated_numbers '><span class='hr-inner '><span class=\"hr-inner-style\"><\/span><\/span><\/div><br \/>\n\n<style type=\"text\/css\" data-created_by=\"avia_inline_auto\" id=\"style-css-av-ju9n2o0t-e3cf072f57879817df3fb217df653cdd\">\n#top .avia-animated-number.av-ju9n2o0t-e3cf072f57879817df3fb217df653cdd .avia-animated-number-title{\nfont-size:40px;\n}\n.avia-animated-number.av-ju9n2o0t-e3cf072f57879817df3fb217df653cdd .avia-animated-number-circle-inner{\nborder-style:none;\nbox-shadow:none;\n}\n<\/style>\n<div  class=\"avia-animated-number av-ju9n2o0t-e3cf072f57879817df3fb217df653cdd av-force-default-color avia_animate_when_visible  avia-builder-el-19  el_after_av_hr  avia-builder-el-last  \" data-timer=\"3000\"><strong class=\"heading avia-animated-number-title\"><span class=\"avia-single-number __av-single-number\" data-number_format=\"\" data-number=\"15\" data-start_from=\"0\">15<\/span><\/strong><div class=\"avia-animated-number-content\"><p>Crediti ECM<\/p>\n<\/div><\/div><\/p><\/div><div  class='hr av-d0lho-f9b6919b96a7ea17baea2d49a5ce7ebb hr-default  avia-builder-el-20  el_after_av_one_full  el_before_av_heading '><span class='hr-inner '><span class=\"hr-inner-style\"><\/span><\/span><\/div><\/p>\n\n<style type=\"text\/css\" data-created_by=\"avia_inline_auto\" id=\"style-css-av-2cnguq-1ede10122311dab7cb437b5e59b85e4c\">\n#top .av-special-heading.av-2cnguq-1ede10122311dab7cb437b5e59b85e4c{\npadding-bottom:10px;\n}\nbody .av-special-heading.av-2cnguq-1ede10122311dab7cb437b5e59b85e4c .av-special-heading-tag .heading-char{\nfont-size:25px;\n}\n.av-special-heading.av-2cnguq-1ede10122311dab7cb437b5e59b85e4c .av-subheading{\nfont-size:15px;\n}\n<\/style>\n<div  class='av-special-heading av-2cnguq-1ede10122311dab7cb437b5e59b85e4c av-special-heading-h4  avia-builder-el-21  el_after_av_hr  el_before_av_one_full  av-linked-heading'><h4 class='av-special-heading-tag '  itemprop=\"headline\"  >Stai utilizzando il SALVADANAIO IKOS?<\/h4><div class=\"special-heading-border\"><div class=\"special-heading-inner-border\"><\/div><\/div><\/div>\n\n<style type=\"text\/css\" data-created_by=\"avia_inline_auto\" id=\"style-css-av-eqi5r-167342179bfa5bb25feac7d146468f0b\">\n.flex_column.av-eqi5r-167342179bfa5bb25feac7d146468f0b{\nborder-radius:0px 0px 0px 0px;\npadding:0px 0px 0px 0px;\n}\n<\/style>\n<div  class='flex_column av-eqi5r-167342179bfa5bb25feac7d146468f0b av_one_full  avia-builder-el-22  el_after_av_heading  el_before_av_one_half  first flex_column_div av-zero-column-padding  '     ><p><section  class='av_textblock_section av-jsx3alm2-6954c7b7fce382362b4c0e25114eaf7b '   itemscope=\"itemscope\" itemtype=\"https:\/\/schema.org\/BlogPosting\" itemprop=\"blogPost\" ><div class='avia_textblock'  itemprop=\"text\" ><p>Il SALVADANAIO \u00e8 una esclusiva opportunit\u00e0 riservata ai clienti IKOS, che\u00a0 consente di <strong>maturare <\/strong>e <strong>accumulare <\/strong>credito in Euro (\u20ac) da utilizzare per i tuoi acquisti di corsi ECM FAD.<\/p>\n<p>Il servizio \u00e8 <strong>GRATUITO<\/strong> e non comporta\u00a0 <strong>NESSUN <\/strong>obbligo o vincolo.<\/p>\n<div>\n<div class=\"block-grid \">\n<div>\n<div class=\"col num12\">\n<div class=\"col_cont\">\n<div>\n<div>\n<div id=\"tabella-premi\" class=\"txtTinyMce-wrapper\">\n<p><strong>???? Decidi TU se e quando utilizzare il saldo accumulato<\/strong><\/p>\n<\/div>\n<\/div>\n<\/div>\n<\/div>\n<\/div>\n<\/div>\n<\/div>\n<\/div>\n<div>\n<div class=\"block-grid \">\n<div>\n<div class=\"col num12\">\n<div class=\"col_cont\">\n<div>\n<div>\n<div class=\"txtTinyMce-wrapper\">\n<p><strong>Come funziona?<\/strong><\/p>\n<\/div>\n<\/div>\n<div>\n<div class=\"txtTinyMce-wrapper\">\n<p>E&#8217; semplicissimo, ad ogni tua attivit\u00e0\/evento (<a href=\"https:\/\/www.ikosecm.it\/salvadanaio.php\" target=\"_blank\" rel=\"noopener\">CLICCA QUI<\/a>) IKOS ti riconosce un premio in Euro<\/p>\n<\/div>\n<\/div>\n<\/div>\n<\/div>\n<\/div>\n<\/div>\n<\/div>\n<\/div>\n<\/div><\/section><br \/>\n<div  class='avia-button-wrap av-jsx3bseu-aea6a32a000d217266932897c0b81cf1-wrap avia-button-left  avia-builder-el-24  el_after_av_textblock  avia-builder-el-last '><a href='https:\/\/www.ikosecm.it\/salvadanaio.php'  class='avia-button av-jsx3bseu-aea6a32a000d217266932897c0b81cf1 av-link-btn avia-icon_select-no avia-size-large avia-position-left avia-color-dark'  target=\"_blank\"  rel=\"noopener noreferrer\"  aria-label=\"SCOPRI DI PI\u00d9\"><span class='avia_iconbox_title' >SCOPRI DI PI\u00d9<\/span><\/a><\/div><\/p><\/div>\n\n<style type=\"text\/css\" data-created_by=\"avia_inline_auto\" id=\"style-css-av-72t07-f1b25a9c7bddc6c1a0a5355c6102b4f3\">\n.flex_column.av-72t07-f1b25a9c7bddc6c1a0a5355c6102b4f3{\nborder-radius:0px 0px 0px 0px;\npadding:0px 0px 0px 0px;\n}\n<\/style>\n<div  class='flex_column av-72t07-f1b25a9c7bddc6c1a0a5355c6102b4f3 av_one_half  avia-builder-el-25  el_after_av_one_full  el_before_av_one_half  first flex_column_div av-zero-column-padding  column-top-margin'     ><p>\n<style type=\"text\/css\" data-created_by=\"avia_inline_auto\" id=\"style-css-av-jsx2nve0-cbb66c8f317ec7a57db8d1556d176095\">\n.avia-image-container.av-jsx2nve0-cbb66c8f317ec7a57db8d1556d176095 img.avia_image{\nbox-shadow:none;\n}\n.avia-image-container.av-jsx2nve0-cbb66c8f317ec7a57db8d1556d176095 .av-image-caption-overlay-center{\ncolor:#ffffff;\n}\n<\/style>\n<div  class='avia-image-container av-jsx2nve0-cbb66c8f317ec7a57db8d1556d176095 av-styling- avia-align-center  avia-builder-el-26  el_before_av_hr  avia-builder-el-first '   itemprop=\"image\" itemscope=\"itemscope\" itemtype=\"https:\/\/schema.org\/ImageObject\" ><div class=\"avia-image-container-inner\"><div class=\"avia-image-overlay-wrap\"><img decoding=\"async\" fetchpriority=\"high\" class='wp-image-3183 avia-img-lazy-loading-not-3183 avia_image ' src=\"https:\/\/www.ikosecm.it\/ecm\/wp-content\/uploads\/2022\/06\/1-2.jpg\" alt='' title='1'  height=\"1000\" width=\"1000\"  itemprop=\"thumbnailUrl\" srcset=\"https:\/\/www.ikosecm.it\/ecm\/wp-content\/uploads\/2022\/06\/1-2.jpg 1000w, https:\/\/www.ikosecm.it\/ecm\/wp-content\/uploads\/2022\/06\/1-2-300x300.jpg 300w, https:\/\/www.ikosecm.it\/ecm\/wp-content\/uploads\/2022\/06\/1-2-80x80.jpg 80w, https:\/\/www.ikosecm.it\/ecm\/wp-content\/uploads\/2022\/06\/1-2-768x768.jpg 768w, https:\/\/www.ikosecm.it\/ecm\/wp-content\/uploads\/2022\/06\/1-2-36x36.jpg 36w, https:\/\/www.ikosecm.it\/ecm\/wp-content\/uploads\/2022\/06\/1-2-180x180.jpg 180w, https:\/\/www.ikosecm.it\/ecm\/wp-content\/uploads\/2022\/06\/1-2-705x705.jpg 705w\" sizes=\"(max-width: 1000px) 100vw, 1000px\" \/><\/div><\/div><\/div><br \/>\n\n<style type=\"text\/css\" data-created_by=\"avia_inline_auto\" id=\"style-css-av-6zrsa-a7749ffc2b41ff52b7d2be4904903994\">\n#top .hr.hr-invisible.av-6zrsa-a7749ffc2b41ff52b7d2be4904903994{\nheight:50px;\n}\n<\/style>\n<div  class='hr av-6zrsa-a7749ffc2b41ff52b7d2be4904903994 hr-invisible  avia-builder-el-27  el_after_av_image  avia-builder-el-last '><span class='hr-inner '><span class=\"hr-inner-style\"><\/span><\/span><\/div><\/p><\/div>\n\n<style type=\"text\/css\" data-created_by=\"avia_inline_auto\" id=\"style-css-av-6eugtx-ee36d940887e6d0305675d47f40547b9\">\n.flex_column.av-6eugtx-ee36d940887e6d0305675d47f40547b9{\nborder-radius:0px 0px 0px 0px;\npadding:0px 0px 0px 0px;\n}\n<\/style>\n<div  class='flex_column av-6eugtx-ee36d940887e6d0305675d47f40547b9 av_one_half  avia-builder-el-28  el_after_av_one_half  el_before_av_hr  flex_column_div av-zero-column-padding  column-top-margin'     ><p>\n<style type=\"text\/css\" data-created_by=\"avia_inline_auto\" id=\"style-css-av-4u6uwl-b6d2ae3b693d89e91587c9f4c049b313\">\n.avia-image-container.av-4u6uwl-b6d2ae3b693d89e91587c9f4c049b313 img.avia_image{\nbox-shadow:none;\n}\n.avia-image-container.av-4u6uwl-b6d2ae3b693d89e91587c9f4c049b313 .av-image-caption-overlay-center{\ncolor:#ffffff;\n}\n<\/style>\n<div  class='avia-image-container av-4u6uwl-b6d2ae3b693d89e91587c9f4c049b313 av-styling- avia-align-center  avia-builder-el-29  el_before_av_hr  avia-builder-el-first '   itemprop=\"image\" itemscope=\"itemscope\" itemtype=\"https:\/\/schema.org\/ImageObject\" ><div class=\"avia-image-container-inner\"><div class=\"avia-image-overlay-wrap\"><img decoding=\"async\" fetchpriority=\"high\" class='wp-image-3182 avia-img-lazy-loading-not-3182 avia_image ' src=\"https:\/\/www.ikosecm.it\/ecm\/wp-content\/uploads\/2022\/06\/2-2.jpg\" alt='' title='2'  height=\"1000\" width=\"1000\"  itemprop=\"thumbnailUrl\" srcset=\"https:\/\/www.ikosecm.it\/ecm\/wp-content\/uploads\/2022\/06\/2-2.jpg 1000w, https:\/\/www.ikosecm.it\/ecm\/wp-content\/uploads\/2022\/06\/2-2-300x300.jpg 300w, https:\/\/www.ikosecm.it\/ecm\/wp-content\/uploads\/2022\/06\/2-2-80x80.jpg 80w, https:\/\/www.ikosecm.it\/ecm\/wp-content\/uploads\/2022\/06\/2-2-768x768.jpg 768w, https:\/\/www.ikosecm.it\/ecm\/wp-content\/uploads\/2022\/06\/2-2-36x36.jpg 36w, https:\/\/www.ikosecm.it\/ecm\/wp-content\/uploads\/2022\/06\/2-2-180x180.jpg 180w, https:\/\/www.ikosecm.it\/ecm\/wp-content\/uploads\/2022\/06\/2-2-705x705.jpg 705w\" sizes=\"(max-width: 1000px) 100vw, 1000px\" \/><\/div><\/div><\/div><br \/>\n\n<style type=\"text\/css\" data-created_by=\"avia_inline_auto\" id=\"style-css-av-9p7w5-6d0bce877f324c6e4ca7a4323fe77e7b\">\n#top .hr.hr-invisible.av-9p7w5-6d0bce877f324c6e4ca7a4323fe77e7b{\nheight:50px;\n}\n<\/style>\n<div  class='hr av-9p7w5-6d0bce877f324c6e4ca7a4323fe77e7b hr-invisible  avia-builder-el-30  el_after_av_image  avia-builder-el-last '><span class='hr-inner '><span class=\"hr-inner-style\"><\/span><\/span><\/div><\/p><\/div>\n\n<style type=\"text\/css\" data-created_by=\"avia_inline_auto\" id=\"style-css-av-6zrsa-a7749ffc2b41ff52b7d2be4904903994\">\n#top .hr.hr-invisible.av-6zrsa-a7749ffc2b41ff52b7d2be4904903994{\nheight:50px;\n}\n<\/style>\n<div  class='hr av-6zrsa-a7749ffc2b41ff52b7d2be4904903994 hr-invisible  avia-builder-el-31  el_after_av_one_half  avia-builder-el-last '><span class='hr-inner '><span class=\"hr-inner-style\"><\/span><\/span><\/div>\n","protected":false},"excerpt":{"rendered":"<p>Il dolore \u00e8 un\u2019esperienza soggettiva e complessa, ma \u00e8 anche un\u2019esperienza comune agli esseri viventi e organizzata in maniera specifica a livello organico.<br \/>\nPer curare il dolore \u00e8 necessario conoscere il dolore, come si manifesta, come si trasmette, attraverso quali vie e quali centri, ma anche creare il contesto adeguato per favorire le risorse personali di fronteggiamento del dolore.<\/p>\n","protected":false},"author":5,"featured_media":3250,"comment_status":"closed","ping_status":"open","sticky":false,"template":"","format":"standard","meta":{"footnotes":""},"categories":[25],"tags":[586,484,89,446,59,584,341,194,321,116,64,502,65,585,318],"class_list":["post-3245","post","type-post","status-publish","format-standard","has-post-thumbnail","hentry","category-corsi-ecm","tag-antidolorifico","tag-corsi-di-formazioni-medici","tag-corsi-ecm","tag-corsi-ecm-medici","tag-corso-ecm","tag-corso-ecm-dolore-e-farmaci","tag-corso-ecm-fad","tag-corso-ecm-fisioterapista","tag-corso-ecm-fisioterapisti","tag-corso-ecm-ortopedici","tag-corso-fad","tag-crampi-muscolari","tag-crediti-ecm","tag-farmaci-per-dolore","tag-medicina-dello-sport"],"yoast_head":"<!-- This site is optimized with the Yoast SEO plugin v25.5 - https:\/\/yoast.com\/wordpress\/plugins\/seo\/ -->\n<title>CRAMPI MUSCOLARI ASSOCIATI ALL&#039;ESERCIZIO FISICO | corso ECM<\/title>\n<meta name=\"description\" content=\"Eziologie, prevenzione e trattamento riguardo i crampi nello sportivo secondo una revisione della letteratura degli ultimi decenni.Articolo e Corso ECM\" \/>\n<meta name=\"robots\" content=\"index, follow, max-snippet:-1, max-image-preview:large, max-video-preview:-1\" \/>\n<link rel=\"canonical\" href=\"https:\/\/www.ikosecm.it\/ecm\/corsi-ecm\/curare-il-dolore-lazione-dei-farmaci-e-della-relazione-nel-trattamento-del-dolore\/\" \/>\n<meta property=\"og:locale\" content=\"it_IT\" \/>\n<meta property=\"og:type\" content=\"article\" \/>\n<meta property=\"og:title\" content=\"CRAMPI MUSCOLARI ASSOCIATI ALL&#039;ESERCIZIO FISICO | corso ECM\" \/>\n<meta property=\"og:description\" content=\"Eziologie, prevenzione e trattamento riguardo i crampi nello sportivo secondo una revisione della letteratura degli ultimi decenni.Articolo e Corso ECM\" \/>\n<meta property=\"og:url\" content=\"https:\/\/www.ikosecm.it\/ecm\/corsi-ecm\/curare-il-dolore-lazione-dei-farmaci-e-della-relazione-nel-trattamento-del-dolore\/\" \/>\n<meta property=\"og:site_name\" content=\"Ecm made easy!\" \/>\n<meta property=\"article:publisher\" content=\"https:\/\/www.facebook.com\/ikosecm\" \/>\n<meta property=\"article:published_time\" content=\"2022-09-26T08:35:06+00:00\" \/>\n<meta property=\"article:modified_time\" content=\"2022-09-26T08:35:09+00:00\" \/>\n<meta property=\"og:image\" content=\"https:\/\/www.ikosecm.it\/ecm\/wp-content\/uploads\/2022\/09\/curare-il-dolore-ikos-ecm.jpg\" \/>\n\t<meta property=\"og:image:width\" content=\"1920\" \/>\n\t<meta property=\"og:image:height\" content=\"1080\" \/>\n\t<meta property=\"og:image:type\" content=\"image\/jpeg\" \/>\n<meta name=\"author\" content=\"team.ikos\" \/>\n<meta name=\"twitter:card\" content=\"summary_large_image\" \/>\n<meta name=\"twitter:creator\" content=\"@ikosecm\" \/>\n<meta name=\"twitter:site\" content=\"@ikosecm\" \/>\n<meta name=\"twitter:label1\" content=\"Written by\" \/>\n\t<meta name=\"twitter:data1\" content=\"team.ikos\" \/>\n\t<meta name=\"twitter:label2\" content=\"Est. reading time\" \/>\n\t<meta name=\"twitter:data2\" content=\"8 minuti\" \/>\n<script type=\"application\/ld+json\" class=\"yoast-schema-graph\">{\"@context\":\"https:\/\/schema.org\",\"@graph\":[{\"@type\":\"Article\",\"@id\":\"https:\/\/www.ikosecm.it\/ecm\/corsi-ecm\/curare-il-dolore-lazione-dei-farmaci-e-della-relazione-nel-trattamento-del-dolore\/#article\",\"isPartOf\":{\"@id\":\"https:\/\/www.ikosecm.it\/ecm\/corsi-ecm\/curare-il-dolore-lazione-dei-farmaci-e-della-relazione-nel-trattamento-del-dolore\/\"},\"author\":{\"name\":\"team.ikos\",\"@id\":\"https:\/\/www.ikosecm.it\/ecm\/#\/schema\/person\/85d9f9abb41bc7439b463d1a75c97501\"},\"headline\":\"CURARE IL DOLORE: L&#8217;AZIONE DEI FARMACI E DELLA RELAZIONE NEL TRATTAMENTO DEL DOLORE\",\"datePublished\":\"2022-09-26T08:35:06+00:00\",\"dateModified\":\"2022-09-26T08:35:09+00:00\",\"mainEntityOfPage\":{\"@id\":\"https:\/\/www.ikosecm.it\/ecm\/corsi-ecm\/curare-il-dolore-lazione-dei-farmaci-e-della-relazione-nel-trattamento-del-dolore\/\"},\"wordCount\":3328,\"publisher\":{\"@id\":\"https:\/\/www.ikosecm.it\/ecm\/#organization\"},\"image\":{\"@id\":\"https:\/\/www.ikosecm.it\/ecm\/corsi-ecm\/curare-il-dolore-lazione-dei-farmaci-e-della-relazione-nel-trattamento-del-dolore\/#primaryimage\"},\"thumbnailUrl\":\"https:\/\/www.ikosecm.it\/ecm\/wp-content\/uploads\/2022\/09\/curare-il-dolore-ikos-ecm.jpg\",\"keywords\":[\"antidolorifico\",\"corsi di formazioni medici\",\"corsi ecm\",\"corsi ecm medici\",\"corso ecm\",\"corso ecm dolore e farmaci\",\"corso ecm fad\",\"corso ecm fisioterapista\",\"corso ecm fisioterapisti\",\"corso ecm ortopedici\",\"corso FAD\",\"crampi muscolari\",\"Crediti ECM\",\"farmaci per dolore\",\"medicina dello sport\"],\"articleSection\":[\"Corsi ecm\"],\"inLanguage\":\"it-IT\"},{\"@type\":\"WebPage\",\"@id\":\"https:\/\/www.ikosecm.it\/ecm\/corsi-ecm\/curare-il-dolore-lazione-dei-farmaci-e-della-relazione-nel-trattamento-del-dolore\/\",\"url\":\"https:\/\/www.ikosecm.it\/ecm\/corsi-ecm\/curare-il-dolore-lazione-dei-farmaci-e-della-relazione-nel-trattamento-del-dolore\/\",\"name\":\"CRAMPI MUSCOLARI ASSOCIATI ALL'ESERCIZIO FISICO | corso ECM\",\"isPartOf\":{\"@id\":\"https:\/\/www.ikosecm.it\/ecm\/#website\"},\"primaryImageOfPage\":{\"@id\":\"https:\/\/www.ikosecm.it\/ecm\/corsi-ecm\/curare-il-dolore-lazione-dei-farmaci-e-della-relazione-nel-trattamento-del-dolore\/#primaryimage\"},\"image\":{\"@id\":\"https:\/\/www.ikosecm.it\/ecm\/corsi-ecm\/curare-il-dolore-lazione-dei-farmaci-e-della-relazione-nel-trattamento-del-dolore\/#primaryimage\"},\"thumbnailUrl\":\"https:\/\/www.ikosecm.it\/ecm\/wp-content\/uploads\/2022\/09\/curare-il-dolore-ikos-ecm.jpg\",\"datePublished\":\"2022-09-26T08:35:06+00:00\",\"dateModified\":\"2022-09-26T08:35:09+00:00\",\"description\":\"Eziologie, prevenzione e trattamento riguardo i crampi nello sportivo secondo una revisione della letteratura degli ultimi decenni.Articolo e Corso ECM\",\"breadcrumb\":{\"@id\":\"https:\/\/www.ikosecm.it\/ecm\/corsi-ecm\/curare-il-dolore-lazione-dei-farmaci-e-della-relazione-nel-trattamento-del-dolore\/#breadcrumb\"},\"inLanguage\":\"it-IT\",\"potentialAction\":[{\"@type\":\"ReadAction\",\"target\":[\"https:\/\/www.ikosecm.it\/ecm\/corsi-ecm\/curare-il-dolore-lazione-dei-farmaci-e-della-relazione-nel-trattamento-del-dolore\/\"]}]},{\"@type\":\"ImageObject\",\"inLanguage\":\"it-IT\",\"@id\":\"https:\/\/www.ikosecm.it\/ecm\/corsi-ecm\/curare-il-dolore-lazione-dei-farmaci-e-della-relazione-nel-trattamento-del-dolore\/#primaryimage\",\"url\":\"https:\/\/www.ikosecm.it\/ecm\/wp-content\/uploads\/2022\/09\/curare-il-dolore-ikos-ecm.jpg\",\"contentUrl\":\"https:\/\/www.ikosecm.it\/ecm\/wp-content\/uploads\/2022\/09\/curare-il-dolore-ikos-ecm.jpg\",\"width\":1920,\"height\":1080},{\"@type\":\"BreadcrumbList\",\"@id\":\"https:\/\/www.ikosecm.it\/ecm\/corsi-ecm\/curare-il-dolore-lazione-dei-farmaci-e-della-relazione-nel-trattamento-del-dolore\/#breadcrumb\",\"itemListElement\":[{\"@type\":\"ListItem\",\"position\":1,\"name\":\"Home\",\"item\":\"https:\/\/www.ikosecm.it\/ecm\/\"},{\"@type\":\"ListItem\",\"position\":2,\"name\":\"CURARE IL DOLORE: L&#8217;AZIONE DEI FARMACI E DELLA RELAZIONE NEL TRATTAMENTO DEL DOLORE\"}]},{\"@type\":\"WebSite\",\"@id\":\"https:\/\/www.ikosecm.it\/ecm\/#website\",\"url\":\"https:\/\/www.ikosecm.it\/ecm\/\",\"name\":\"Ecm made easy!\",\"description\":\"Il blog di Ikosecm.it, approfondimenti e tematiche dal mondo Ecm.\",\"publisher\":{\"@id\":\"https:\/\/www.ikosecm.it\/ecm\/#organization\"},\"potentialAction\":[{\"@type\":\"SearchAction\",\"target\":{\"@type\":\"EntryPoint\",\"urlTemplate\":\"https:\/\/www.ikosecm.it\/ecm\/?s={search_term_string}\"},\"query-input\":{\"@type\":\"PropertyValueSpecification\",\"valueRequired\":true,\"valueName\":\"search_term_string\"}}],\"inLanguage\":\"it-IT\"},{\"@type\":\"Organization\",\"@id\":\"https:\/\/www.ikosecm.it\/ecm\/#organization\",\"name\":\"Ikos Srl\",\"url\":\"https:\/\/www.ikosecm.it\/ecm\/\",\"logo\":{\"@type\":\"ImageObject\",\"inLanguage\":\"it-IT\",\"@id\":\"https:\/\/www.ikosecm.it\/ecm\/#\/schema\/logo\/image\/\",\"url\":\"https:\/\/www.ikosecm.it\/ecm\/wp-content\/uploads\/2019\/02\/logoecm.png\",\"contentUrl\":\"https:\/\/www.ikosecm.it\/ecm\/wp-content\/uploads\/2019\/02\/logoecm.png\",\"width\":159,\"height\":71,\"caption\":\"Ikos Srl\"},\"image\":{\"@id\":\"https:\/\/www.ikosecm.it\/ecm\/#\/schema\/logo\/image\/\"},\"sameAs\":[\"https:\/\/www.facebook.com\/ikosecm\",\"https:\/\/x.com\/ikosecm\"]},{\"@type\":\"Person\",\"@id\":\"https:\/\/www.ikosecm.it\/ecm\/#\/schema\/person\/85d9f9abb41bc7439b463d1a75c97501\",\"name\":\"team.ikos\",\"image\":{\"@type\":\"ImageObject\",\"inLanguage\":\"it-IT\",\"@id\":\"https:\/\/www.ikosecm.it\/ecm\/#\/schema\/person\/image\/\",\"url\":\"https:\/\/secure.gravatar.com\/avatar\/330cca9621688d2919a9b1a9553844214aaa8f999c44055f0b6112bf2fa450b2?s=96&d=mm&r=g\",\"contentUrl\":\"https:\/\/secure.gravatar.com\/avatar\/330cca9621688d2919a9b1a9553844214aaa8f999c44055f0b6112bf2fa450b2?s=96&d=mm&r=g\",\"caption\":\"team.ikos\"},\"url\":\"https:\/\/www.ikosecm.it\/ecm\/author\/team-ikos\/\"}]}<\/script>\n<!-- \/ Yoast SEO plugin. -->","yoast_head_json":{"title":"CRAMPI MUSCOLARI ASSOCIATI ALL'ESERCIZIO FISICO | corso ECM","description":"Eziologie, prevenzione e trattamento riguardo i crampi nello sportivo secondo una revisione della letteratura degli ultimi decenni.Articolo e Corso ECM","robots":{"index":"index","follow":"follow","max-snippet":"max-snippet:-1","max-image-preview":"max-image-preview:large","max-video-preview":"max-video-preview:-1"},"canonical":"https:\/\/www.ikosecm.it\/ecm\/corsi-ecm\/curare-il-dolore-lazione-dei-farmaci-e-della-relazione-nel-trattamento-del-dolore\/","og_locale":"it_IT","og_type":"article","og_title":"CRAMPI MUSCOLARI ASSOCIATI ALL'ESERCIZIO FISICO | corso ECM","og_description":"Eziologie, prevenzione e trattamento riguardo i crampi nello sportivo secondo una revisione della letteratura degli ultimi decenni.Articolo e Corso ECM","og_url":"https:\/\/www.ikosecm.it\/ecm\/corsi-ecm\/curare-il-dolore-lazione-dei-farmaci-e-della-relazione-nel-trattamento-del-dolore\/","og_site_name":"Ecm made easy!","article_publisher":"https:\/\/www.facebook.com\/ikosecm","article_published_time":"2022-09-26T08:35:06+00:00","article_modified_time":"2022-09-26T08:35:09+00:00","og_image":[{"width":1920,"height":1080,"url":"https:\/\/www.ikosecm.it\/ecm\/wp-content\/uploads\/2022\/09\/curare-il-dolore-ikos-ecm.jpg","type":"image\/jpeg"}],"author":"team.ikos","twitter_card":"summary_large_image","twitter_creator":"@ikosecm","twitter_site":"@ikosecm","twitter_misc":{"Written by":"team.ikos","Est. reading time":"8 minuti"},"schema":{"@context":"https:\/\/schema.org","@graph":[{"@type":"Article","@id":"https:\/\/www.ikosecm.it\/ecm\/corsi-ecm\/curare-il-dolore-lazione-dei-farmaci-e-della-relazione-nel-trattamento-del-dolore\/#article","isPartOf":{"@id":"https:\/\/www.ikosecm.it\/ecm\/corsi-ecm\/curare-il-dolore-lazione-dei-farmaci-e-della-relazione-nel-trattamento-del-dolore\/"},"author":{"name":"team.ikos","@id":"https:\/\/www.ikosecm.it\/ecm\/#\/schema\/person\/85d9f9abb41bc7439b463d1a75c97501"},"headline":"CURARE IL DOLORE: L&#8217;AZIONE DEI FARMACI E DELLA RELAZIONE NEL TRATTAMENTO DEL DOLORE","datePublished":"2022-09-26T08:35:06+00:00","dateModified":"2022-09-26T08:35:09+00:00","mainEntityOfPage":{"@id":"https:\/\/www.ikosecm.it\/ecm\/corsi-ecm\/curare-il-dolore-lazione-dei-farmaci-e-della-relazione-nel-trattamento-del-dolore\/"},"wordCount":3328,"publisher":{"@id":"https:\/\/www.ikosecm.it\/ecm\/#organization"},"image":{"@id":"https:\/\/www.ikosecm.it\/ecm\/corsi-ecm\/curare-il-dolore-lazione-dei-farmaci-e-della-relazione-nel-trattamento-del-dolore\/#primaryimage"},"thumbnailUrl":"https:\/\/www.ikosecm.it\/ecm\/wp-content\/uploads\/2022\/09\/curare-il-dolore-ikos-ecm.jpg","keywords":["antidolorifico","corsi di formazioni medici","corsi ecm","corsi ecm medici","corso ecm","corso ecm dolore e farmaci","corso ecm fad","corso ecm fisioterapista","corso ecm fisioterapisti","corso ecm ortopedici","corso FAD","crampi muscolari","Crediti ECM","farmaci per dolore","medicina dello sport"],"articleSection":["Corsi ecm"],"inLanguage":"it-IT"},{"@type":"WebPage","@id":"https:\/\/www.ikosecm.it\/ecm\/corsi-ecm\/curare-il-dolore-lazione-dei-farmaci-e-della-relazione-nel-trattamento-del-dolore\/","url":"https:\/\/www.ikosecm.it\/ecm\/corsi-ecm\/curare-il-dolore-lazione-dei-farmaci-e-della-relazione-nel-trattamento-del-dolore\/","name":"CRAMPI MUSCOLARI ASSOCIATI ALL'ESERCIZIO FISICO | corso ECM","isPartOf":{"@id":"https:\/\/www.ikosecm.it\/ecm\/#website"},"primaryImageOfPage":{"@id":"https:\/\/www.ikosecm.it\/ecm\/corsi-ecm\/curare-il-dolore-lazione-dei-farmaci-e-della-relazione-nel-trattamento-del-dolore\/#primaryimage"},"image":{"@id":"https:\/\/www.ikosecm.it\/ecm\/corsi-ecm\/curare-il-dolore-lazione-dei-farmaci-e-della-relazione-nel-trattamento-del-dolore\/#primaryimage"},"thumbnailUrl":"https:\/\/www.ikosecm.it\/ecm\/wp-content\/uploads\/2022\/09\/curare-il-dolore-ikos-ecm.jpg","datePublished":"2022-09-26T08:35:06+00:00","dateModified":"2022-09-26T08:35:09+00:00","description":"Eziologie, prevenzione e trattamento riguardo i crampi nello sportivo secondo una revisione della letteratura degli ultimi decenni.Articolo e Corso ECM","breadcrumb":{"@id":"https:\/\/www.ikosecm.it\/ecm\/corsi-ecm\/curare-il-dolore-lazione-dei-farmaci-e-della-relazione-nel-trattamento-del-dolore\/#breadcrumb"},"inLanguage":"it-IT","potentialAction":[{"@type":"ReadAction","target":["https:\/\/www.ikosecm.it\/ecm\/corsi-ecm\/curare-il-dolore-lazione-dei-farmaci-e-della-relazione-nel-trattamento-del-dolore\/"]}]},{"@type":"ImageObject","inLanguage":"it-IT","@id":"https:\/\/www.ikosecm.it\/ecm\/corsi-ecm\/curare-il-dolore-lazione-dei-farmaci-e-della-relazione-nel-trattamento-del-dolore\/#primaryimage","url":"https:\/\/www.ikosecm.it\/ecm\/wp-content\/uploads\/2022\/09\/curare-il-dolore-ikos-ecm.jpg","contentUrl":"https:\/\/www.ikosecm.it\/ecm\/wp-content\/uploads\/2022\/09\/curare-il-dolore-ikos-ecm.jpg","width":1920,"height":1080},{"@type":"BreadcrumbList","@id":"https:\/\/www.ikosecm.it\/ecm\/corsi-ecm\/curare-il-dolore-lazione-dei-farmaci-e-della-relazione-nel-trattamento-del-dolore\/#breadcrumb","itemListElement":[{"@type":"ListItem","position":1,"name":"Home","item":"https:\/\/www.ikosecm.it\/ecm\/"},{"@type":"ListItem","position":2,"name":"CURARE IL DOLORE: L&#8217;AZIONE DEI FARMACI E DELLA RELAZIONE NEL TRATTAMENTO DEL DOLORE"}]},{"@type":"WebSite","@id":"https:\/\/www.ikosecm.it\/ecm\/#website","url":"https:\/\/www.ikosecm.it\/ecm\/","name":"Ecm made easy!","description":"Il blog di Ikosecm.it, approfondimenti e tematiche dal mondo Ecm.","publisher":{"@id":"https:\/\/www.ikosecm.it\/ecm\/#organization"},"potentialAction":[{"@type":"SearchAction","target":{"@type":"EntryPoint","urlTemplate":"https:\/\/www.ikosecm.it\/ecm\/?s={search_term_string}"},"query-input":{"@type":"PropertyValueSpecification","valueRequired":true,"valueName":"search_term_string"}}],"inLanguage":"it-IT"},{"@type":"Organization","@id":"https:\/\/www.ikosecm.it\/ecm\/#organization","name":"Ikos Srl","url":"https:\/\/www.ikosecm.it\/ecm\/","logo":{"@type":"ImageObject","inLanguage":"it-IT","@id":"https:\/\/www.ikosecm.it\/ecm\/#\/schema\/logo\/image\/","url":"https:\/\/www.ikosecm.it\/ecm\/wp-content\/uploads\/2019\/02\/logoecm.png","contentUrl":"https:\/\/www.ikosecm.it\/ecm\/wp-content\/uploads\/2019\/02\/logoecm.png","width":159,"height":71,"caption":"Ikos Srl"},"image":{"@id":"https:\/\/www.ikosecm.it\/ecm\/#\/schema\/logo\/image\/"},"sameAs":["https:\/\/www.facebook.com\/ikosecm","https:\/\/x.com\/ikosecm"]},{"@type":"Person","@id":"https:\/\/www.ikosecm.it\/ecm\/#\/schema\/person\/85d9f9abb41bc7439b463d1a75c97501","name":"team.ikos","image":{"@type":"ImageObject","inLanguage":"it-IT","@id":"https:\/\/www.ikosecm.it\/ecm\/#\/schema\/person\/image\/","url":"https:\/\/secure.gravatar.com\/avatar\/330cca9621688d2919a9b1a9553844214aaa8f999c44055f0b6112bf2fa450b2?s=96&d=mm&r=g","contentUrl":"https:\/\/secure.gravatar.com\/avatar\/330cca9621688d2919a9b1a9553844214aaa8f999c44055f0b6112bf2fa450b2?s=96&d=mm&r=g","caption":"team.ikos"},"url":"https:\/\/www.ikosecm.it\/ecm\/author\/team-ikos\/"}]}},"_links":{"self":[{"href":"https:\/\/www.ikosecm.it\/ecm\/wp-json\/wp\/v2\/posts\/3245","targetHints":{"allow":["GET"]}}],"collection":[{"href":"https:\/\/www.ikosecm.it\/ecm\/wp-json\/wp\/v2\/posts"}],"about":[{"href":"https:\/\/www.ikosecm.it\/ecm\/wp-json\/wp\/v2\/types\/post"}],"author":[{"embeddable":true,"href":"https:\/\/www.ikosecm.it\/ecm\/wp-json\/wp\/v2\/users\/5"}],"replies":[{"embeddable":true,"href":"https:\/\/www.ikosecm.it\/ecm\/wp-json\/wp\/v2\/comments?post=3245"}],"version-history":[{"count":2,"href":"https:\/\/www.ikosecm.it\/ecm\/wp-json\/wp\/v2\/posts\/3245\/revisions"}],"predecessor-version":[{"id":3251,"href":"https:\/\/www.ikosecm.it\/ecm\/wp-json\/wp\/v2\/posts\/3245\/revisions\/3251"}],"wp:featuredmedia":[{"embeddable":true,"href":"https:\/\/www.ikosecm.it\/ecm\/wp-json\/wp\/v2\/media\/3250"}],"wp:attachment":[{"href":"https:\/\/www.ikosecm.it\/ecm\/wp-json\/wp\/v2\/media?parent=3245"}],"wp:term":[{"taxonomy":"category","embeddable":true,"href":"https:\/\/www.ikosecm.it\/ecm\/wp-json\/wp\/v2\/categories?post=3245"},{"taxonomy":"post_tag","embeddable":true,"href":"https:\/\/www.ikosecm.it\/ecm\/wp-json\/wp\/v2\/tags?post=3245"}],"curies":[{"name":"wp","href":"https:\/\/api.w.org\/{rel}","templated":true}]}}