{"id":860,"date":"2019-05-14T22:29:33","date_gmt":"2019-05-14T20:29:33","guid":{"rendered":"https:\/\/blog.ikosecm.it\/?p=860"},"modified":"2019-07-05T17:09:01","modified_gmt":"2019-07-05T15:09:01","slug":"i-disturbi-del-comportamento-alimentare","status":"publish","type":"post","link":"https:\/\/www.ikosecm.it\/ecm\/corsi-ecm\/i-disturbi-del-comportamento-alimentare\/","title":{"rendered":"I Disturbi del comportamento alimentare"},"content":{"rendered":"\n<style type=\"text\/css\" data-created_by=\"avia_inline_auto\" id=\"style-css-av-1rrfp0-1eb8ca0475da9e89157f6e7fae4983ef\">\n#top .av-special-heading.av-1rrfp0-1eb8ca0475da9e89157f6e7fae4983ef{\nmargin:40px 0 50px 0;\npadding-bottom:10px;\n}\nbody .av-special-heading.av-1rrfp0-1eb8ca0475da9e89157f6e7fae4983ef .av-special-heading-tag .heading-char{\nfont-size:25px;\n}\n.av-special-heading.av-1rrfp0-1eb8ca0475da9e89157f6e7fae4983ef .av-subheading{\nfont-size:15px;\n}\n<\/style>\n<div  class='av-special-heading av-1rrfp0-1eb8ca0475da9e89157f6e7fae4983ef av-special-heading-h2 blockquote modern-quote  avia-builder-el-0  el_before_av_one_full  avia-builder-el-first '><h2 class='av-special-heading-tag '  itemprop=\"headline\"  >Cosa sono i Disturbi del Comportamento Alimentare<\/h2><div class='av-subheading av-subheading_below'><p>Alcuni cenni su questa patologia complessa<\/p>\n<\/div><div class=\"special-heading-border\"><div class=\"special-heading-inner-border\"><\/div><\/div><\/div>\n\n<style type=\"text\/css\" data-created_by=\"avia_inline_auto\" id=\"style-css-av-19y77s-6da3cf55bdcfb15d84d02fa3e68fadb4\">\n.flex_column.av-19y77s-6da3cf55bdcfb15d84d02fa3e68fadb4{\nborder-radius:0px 0px 0px 0px;\npadding:0px 0px 0px 0px;\n}\n<\/style>\n<div  class='flex_column av-19y77s-6da3cf55bdcfb15d84d02fa3e68fadb4 av_one_full  avia-builder-el-1  el_after_av_heading  el_before_av_heading  first flex_column_div av-zero-column-padding  '     ><section  class='av_textblock_section av-jtaabdl7-515da227f3ed4c1f141e834a752c5dbc '   itemscope=\"itemscope\" itemtype=\"https:\/\/schema.org\/BlogPosting\" itemprop=\"blogPost\" ><div class='avia_textblock'  itemprop=\"text\" ><p><!--more--><\/p>\n<div class=\"page\" title=\"Page 5\">\n<div class=\"section\">\n<div class=\"layoutArea\">\n<div class=\"column\">\n<div class=\"page\" title=\"Page 5\">\n<div class=\"layoutArea\">\n<div class=\"column\">\n<p>I disturbi del comportamento alimentare (DCA), l\u2019anoressia nervosa, la bulimia nervosa, il disturbo da alimentazione incontrollata sono patologie complesse, conseguenti a disturbi psicopatologici, che alterano profondamente la qualit\u00e0 della vita dei giovani pazienti e delle loro famiglie. Possono provocare conseguenze fisiche anche gravissime, quali insufficienza renale, osteoporosi, alterazioni cardiovascolari, e in alcuni casi portano anche alla morte.<\/p>\n<blockquote>\n<p>L\u2019anoressia e la bulimia rappresentano la seconda causa di morte tra gli adolescenti di sesso femminile, dopo gli incidenti stradali.<\/p>\n<\/blockquote>\n<div class=\"page\" title=\"Page 7\">\n<div class=\"layoutArea\">\n<div class=\"column\">\n<p>Secondo l\u2019<strong>Organizzazione Mondiale della Sanit\u00e0<\/strong> (OMS) i disturbi del comportamento alimentare rappresentano un problema di salute pubblica in costante crescita nei Paesi industrializzati. I primi sintomi dei DCA insorgono in et\u00e0 evolutiva e, secondo la letteratura scientifica, il tasso di incidenza tende ad aumentare, mentre l\u2019et\u00e0 di insorgenza tende sempre pi\u00f9 ad abbassarsi, coinvolgendo la pre-adolescenza.<\/p>\n<p><strong>Le donne con anoressia in Italia sono circa 25.000; quelle con bulimia circa 100.000<\/strong>.<\/p>\n<div class=\"page\" title=\"Page 7\">\n<div class=\"layoutArea\">\n<div class=\"column\">\n<p>I disturbi della condotta alimentare, di cui l\u2019anoressia e la bulimia nervosa sono le manifestazioni pi\u00f9 note e frequenti, hanno effetti spesso devastanti sulla salute psichica e fisica e quindi sulla qualit\u00e0 di vita di adolescenti e giovani adulti.<\/p>\n<blockquote>\n<div class=\"page\" title=\"Page 8\">\n<div class=\"layoutArea\">\n<div class=\"column\"><\/div>\n<\/div>\n<\/div>\n<\/blockquote>\n<\/div>\n<\/div>\n<\/div>\n<\/div>\n<\/div>\n<\/div>\n<\/div>\n<\/div>\n<\/div>\n<div class=\"page\" title=\"Page 6\">\n<div class=\"section\">\n<div class=\"layoutArea\">\n<div class=\"page\" title=\"Page 6\">\n<div class=\"section\">\n<div class=\"layoutArea\">\n<div class=\"column\"><\/div>\n<\/div>\n<\/div>\n<\/div>\n<\/div>\n<\/div>\n<\/div>\n<\/div>\n<\/div>\n<\/div>\n<\/div>\n<\/div><\/section><\/div>\n<style type=\"text\/css\" data-created_by=\"avia_inline_auto\" id=\"style-css-av-1jszys-ca50221d7daccecda1746bfc4fe89880\">\n#top .av-special-heading.av-1jszys-ca50221d7daccecda1746bfc4fe89880{\npadding-bottom:10px;\n}\nbody .av-special-heading.av-1jszys-ca50221d7daccecda1746bfc4fe89880 .av-special-heading-tag .heading-char{\nfont-size:25px;\n}\n.av-special-heading.av-1jszys-ca50221d7daccecda1746bfc4fe89880 .av-subheading{\nfont-size:15px;\n}\n<\/style>\n<div  class='av-special-heading av-1jszys-ca50221d7daccecda1746bfc4fe89880 av-special-heading-h4  avia-builder-el-3  el_after_av_one_full  el_before_av_one_full '><h4 class='av-special-heading-tag '  itemprop=\"headline\"  >I Disturbi del Comportamento Alimentare e la societ\u00e0<\/h4><div class=\"special-heading-border\"><div class=\"special-heading-inner-border\"><\/div><\/div><\/div><\/p>\n\n<style type=\"text\/css\" data-created_by=\"avia_inline_auto\" id=\"style-css-av-19y77s-6da3cf55bdcfb15d84d02fa3e68fadb4\">\n.flex_column.av-19y77s-6da3cf55bdcfb15d84d02fa3e68fadb4{\nborder-radius:0px 0px 0px 0px;\npadding:0px 0px 0px 0px;\n}\n<\/style>\n<div  class='flex_column av-19y77s-6da3cf55bdcfb15d84d02fa3e68fadb4 av_one_full  avia-builder-el-4  el_after_av_heading  el_before_av_textblock  first flex_column_div av-zero-column-padding  '     ><section  class='av_textblock_section av-jtaabdl7-fe0c825b5d0751127d463321f991ab8b '   itemscope=\"itemscope\" itemtype=\"https:\/\/schema.org\/BlogPosting\" itemprop=\"blogPost\" ><div class='avia_textblock'  itemprop=\"text\" ><div class=\"page\" title=\"Page 5\">\n<div class=\"section\">\n<div class=\"layoutArea\">\n<div class=\"column\">\n<p>I Disturbi del Comportamento Alimentare (DCA) in particolare Anoressia, Bulimia e BED (Disturbo da abbuffate compulsive), rappresentano attualmente in Italia un problema di notevole gravit\u00e0, con un incremento costante nella fascia compresa tra la prima adolescenza e l&#8217;et\u00e0 prepuberale.<\/p>\n<div class=\"page\" title=\"Page 10\">\n<div class=\"layoutArea\">\n<div class=\"column\">\n<p>L\u2019anoressia nervosa, la bulimia nervosa e il disturbo da alimentazione incontrollata sono malattie psichiatriche cultural-dipendenti, cio\u00e8 fortemente correlate con modelli socioculturali caratterizzati da valori e simboli guida contraddittori e confusivi.<\/p>\n<div class=\"page\" title=\"Page 10\">\n<div class=\"layoutArea\">\n<div class=\"column\">\n<p>Sono costituiti da un\u2019intensa polarizzazione psicopatologica sul cibo e sul peso corporeo: per restrizione alimentare, oppure per alimentazione caotica e compulsiva seguita da pratiche volte a eliminare il cibo ingerito allo scopo di aumentare o diminuire il peso corporeo.<\/p>\n<\/div>\n<\/div>\n<\/div>\n<\/div>\n<\/div>\n<\/div>\n<div class=\"page\" title=\"Page 6\">\n<div class=\"section\">\n<div class=\"layoutArea\">\n<div class=\"column\">\n<p>Quale conseguenza della stretta correlazione tra condizioni sociali e storiche di vita e variabilit\u00e0 delle manifestazioni psichiche, <strong>comincia ad insinuarsi nella popolazione un fenomeno sporadico fino agli anni 60\/70<\/strong>: il cibo per milioni di giovani inizia a divenire un nemico e si diffondono i Disturbi del Comportamento Alimentare che rappresentano <strong>una modalit\u00e0 nuova, moderna, di esprimere il proprio disagio psichico.<\/strong><\/p>\n<\/div>\n<div class=\"page\" title=\"Page 6\">\n<div class=\"section\">\n<div class=\"layoutArea\">\n<div class=\"column\">\n<p>C\u2019\u00e8 assoluta concordanza nella comunit\u00e0 scientifica internazionale sull\u2019et\u00e0 di insorgenza dei DCA che si colloca tra i 10 e i 25 anni. <strong>In questo intervallo di et\u00e0 la popolazione femminile presenta una incidenza di Disturbo alimentare intorno al 10%.<\/strong><\/p>\n<\/div>\n<\/div>\n<\/div>\n<\/div>\n<\/div>\n<\/div>\n<\/div>\n<\/div>\n<\/div>\n<\/div>\n<\/div>\n<\/div><\/section><\/div>\n<section  class='av_textblock_section av-jucse33e-b78725f91ac2803dba2f22cd03ab5675 '   itemscope=\"itemscope\" itemtype=\"https:\/\/schema.org\/BlogPosting\" itemprop=\"blogPost\" ><div class='avia_textblock'  itemprop=\"text\" ><p><!--more--><\/p>\n<\/div><\/section>\n\n<style type=\"text\/css\" data-created_by=\"avia_inline_auto\" id=\"style-css-av-ju9svqe3-8cfd165acfd648d82f1c858e30ff1e0a\">\n#top .hr.hr-invisible.av-ju9svqe3-8cfd165acfd648d82f1c858e30ff1e0a{\nheight:30px;\n}\n<\/style>\n<div  class='hr av-ju9svqe3-8cfd165acfd648d82f1c858e30ff1e0a hr-invisible  avia-builder-el-7  el_after_av_textblock  el_before_av_heading '><span class='hr-inner '><span class=\"hr-inner-style\"><\/span><\/span><\/div>\n\n<style type=\"text\/css\" data-created_by=\"avia_inline_auto\" id=\"style-css-av-1dg5jg-802a63d2256c1dd0fd7031caf1df56eb\">\n#top .av-special-heading.av-1dg5jg-802a63d2256c1dd0fd7031caf1df56eb{\npadding-bottom:10px;\n}\nbody .av-special-heading.av-1dg5jg-802a63d2256c1dd0fd7031caf1df56eb .av-special-heading-tag .heading-char{\nfont-size:25px;\n}\n.av-special-heading.av-1dg5jg-802a63d2256c1dd0fd7031caf1df56eb .av-subheading{\nfont-size:15px;\n}\n<\/style>\n<div  class='av-special-heading av-1dg5jg-802a63d2256c1dd0fd7031caf1df56eb av-special-heading-h4  avia-builder-el-8  el_after_av_hr  el_before_av_two_third '><h4 class='av-special-heading-tag '  itemprop=\"headline\"  >Societ\u00e0 occidentale e concetto di bellezza femminile<\/h4><div class=\"special-heading-border\"><div class=\"special-heading-inner-border\"><\/div><\/div><\/div>\n\n<style type=\"text\/css\" data-created_by=\"avia_inline_auto\" id=\"style-css-av-12uefp-082b48559cac05bc5e9eb9ab13e4722c\">\n.flex_column.av-12uefp-082b48559cac05bc5e9eb9ab13e4722c{\nborder-radius:0px 0px 0px 0px;\npadding:0px 0px 0px 0px;\n}\n<\/style>\n<div  class='flex_column av-12uefp-082b48559cac05bc5e9eb9ab13e4722c av_two_third  avia-builder-el-9  el_after_av_heading  el_before_av_one_third  first flex_column_div av-zero-column-padding  '     ><section  class='av_textblock_section av-jtaakqqq-b0f3819c2ea624018a590eb5589a01ad '   itemscope=\"itemscope\" itemtype=\"https:\/\/schema.org\/BlogPosting\" itemprop=\"blogPost\" ><div class='avia_textblock'  itemprop=\"text\" ><div class=\"page\" title=\"Page 19\">\n<div class=\"section\">\n<div class=\"layoutArea\">\n<div class=\"column\">\n<p>La societ\u00e0 occidentale veicola in maniera pi\u00f9 o meno evidente modelli femminili ben precisi, caratterizzati dalla magrezza, dall\u2019adeguatezza e dalla giovinezza. I modelli si incarnano in figure di riferimento, attrici, show girl, fashion blogger che rappresentano un obiettivo da raggiungere.<\/p>\n<div class=\"page\" title=\"Page 21\">\n<div class=\"section\">\n<div class=\"layoutArea\">\n<div class=\"column\">\n<p>La moda della magrezza si \u00e8 affacciata presso le societ\u00e0 occidentale nel \u2018900, costringendo le donne a grossi sacrifici. Determinante, a favore della pressione sociale verso la magrezza, \u00e8 stato il <strong>cambiamento del ruolo sociale della donna rispetto al passato<\/strong>.\u00a0Per molte ragazze la magrezza \u00e8 il simbolo di alcune caratteristiche di alto valore sociale:<\/p>\n<div class=\"page\" title=\"Page 21\">\n<div class=\"section\">\n<div class=\"layoutArea\">\n<div class=\"column\">\n<p><strong>Autocontrollo, indipendenza, fascino accettabilit\u00e0 sociale, successo.<\/strong><\/p>\n<\/div>\n<blockquote>\n<div class=\"page\" title=\"Page 28\">\n<div class=\"section\">\n<div class=\"layoutArea\">\n<div class=\"column\">\n<p>Ogni epoca storica tende a privilegiare una determinata malattia (latisi nell\u2019800, la sifilide nel \u2018700) che diventa la metafora di una determinata societ\u00e0, di un determinato mondo. Non c\u2019\u00e8 dubbio che il <em>disturbo del comportamento alimentare<\/em>, mai come in questa epoca connessa con la sicurezza di S\u00e9, con il cibo amico e nemico, con l\u2019ossessiva ossessione per l\u2019apparenza, per la capacit\u00e0 di mimetizzarsi che ricorda quella dei virus, si presti a esprimere molti grandi temi, paure e contraddizioni della nostra epoca.<\/p>\n<div class=\"page\" title=\"Page 28\">\n<div class=\"section\">\n<div class=\"layoutArea\">\n<div class=\"column\">\n<p><em>Laura Dalla Ragione &#8211; &#8220;La Casa delle bambine che non mangiano&#8221;<\/em><\/p>\n<\/div>\n<\/div>\n<\/div>\n<\/div>\n<\/div>\n<\/div>\n<\/div>\n<\/div>\n<\/blockquote>\n<div class=\"page\" title=\"Page 28\">\n<div class=\"section\">\n<div class=\"layoutArea\">\n<div class=\"column\">\n<div class=\"page\" title=\"Page 28\">\n<div class=\"section\">\n<div class=\"page\" title=\"Page 12\">\n<div class=\"layoutArea\">\n<div class=\"column\">\n<p>La DCA si trova in prevalenza nei Paesi industrializzati dove vi \u00e8 maggiore facilit\u00e0 ad acquistare cibo e la magrezza rappresenta un valore e un obiettivo da raggiungere. Inoltre le modificazioni socioculturali degli ultimi anni hanno comportato un importante disagio nelle famiglie con significative modificazioni nel sistema dei valori. <strong>L\u2019adolescente \u00e8 in cerca di punti di riferimento<\/strong> e le difficolt\u00e0 interne spesso lo inducono ad adottare modelli esterni legati all\u2019immagine e all\u2019apparire: il contesto culturale contemporaneo sostiene la valorizzazione narcisistica, l\u2019apparenza e il successo per cui il corpo esibito diviene il luogo privilegiato della rappresentazione e dell\u2019immagine di s\u00e9.<\/p>\n<\/div>\n<\/div>\n<\/div>\n<\/div>\n<\/div>\n<\/div>\n<\/div>\n<\/div>\n<\/div>\n<blockquote>\n<div class=\"page\" title=\"Page 28\">\n<div class=\"section\">\n<div class=\"layoutArea\">\n<div class=\"column\">\n<div class=\"page\" title=\"Page 28\">\n<div class=\"section\">\n<div class=\"layoutArea\">\n<div class=\"column\"><\/div>\n<\/div>\n<\/div>\n<\/div>\n<\/div>\n<\/div>\n<\/div>\n<\/div>\n<\/blockquote>\n<\/div>\n<\/div>\n<\/div>\n<\/div>\n<\/div>\n<\/div>\n<\/div>\n<\/div>\n<\/div>\n<\/div>\n<\/div>\n<\/div><\/section><\/div>\n\n<style type=\"text\/css\" data-created_by=\"avia_inline_auto\" id=\"style-css-av-yjeyl-91ff7cbc4e38eb219b6625a363606548\">\n.flex_column.av-yjeyl-91ff7cbc4e38eb219b6625a363606548{\nborder-radius:0px 0px 0px 0px;\npadding:0px 0px 0px 0px;\n}\n<\/style>\n<div  class='flex_column av-yjeyl-91ff7cbc4e38eb219b6625a363606548 av_one_third  avia-builder-el-11  el_after_av_two_third  el_before_av_hr  flex_column_div av-zero-column-padding  '     ><p>\n<style type=\"text\/css\" data-created_by=\"avia_inline_auto\" id=\"style-css-av-juiuph3l-7c0099256e66c5567510e55d2597a284\">\n.avia-image-container.av-juiuph3l-7c0099256e66c5567510e55d2597a284 img.avia_image{\nbox-shadow:none;\n}\n.avia-image-container.av-juiuph3l-7c0099256e66c5567510e55d2597a284 .av-caption-image-overlay-bg{\nopacity:0.4;\nbackground-color:#000000;\n}\n.avia-image-container.av-juiuph3l-7c0099256e66c5567510e55d2597a284 .av-image-caption-overlay-center{\ncolor:#ffffff;\n}\n<\/style>\n<div  class='avia-image-container av-juiuph3l-7c0099256e66c5567510e55d2597a284 av-styling-no-styling av-hover-grow avia-align-center  avia-builder-el-12  el_before_av_image  avia-builder-el-first  noHover av-overlay-hover-deactivate'   itemprop=\"image\" itemscope=\"itemscope\" itemtype=\"https:\/\/schema.org\/ImageObject\" ><div class=\"avia-image-container-inner\"><div class=\"avia-image-overlay-wrap\"><div class=\"av-image-caption-overlay\"><div class=\"av-caption-image-overlay-bg\"><\/div><div class=\"av-image-caption-overlay-position\"><div class=\"av-image-caption-overlay-center\"><p>La Valutazione clinico-strumentale dei pazienti<\/p>\n<\/div><\/div><\/div><img decoding=\"async\" fetchpriority=\"high\" class='wp-image-863 avia-img-lazy-loading-not-863 avia_image ' src=\"https:\/\/www.ikosecm.it\/ecm\/wp-content\/uploads\/2019\/05\/1280x1280xmissuniverse20.jpeg.pagespeed.ic_.lmKoifp-vv-300x300.jpg\" alt='' title='miss anni 40'  height=\"300\" width=\"300\"  itemprop=\"thumbnailUrl\" srcset=\"https:\/\/www.ikosecm.it\/ecm\/wp-content\/uploads\/2019\/05\/1280x1280xmissuniverse20.jpeg.pagespeed.ic_.lmKoifp-vv-300x300.jpg 300w, https:\/\/www.ikosecm.it\/ecm\/wp-content\/uploads\/2019\/05\/1280x1280xmissuniverse20.jpeg.pagespeed.ic_.lmKoifp-vv-80x80.jpg 80w, https:\/\/www.ikosecm.it\/ecm\/wp-content\/uploads\/2019\/05\/1280x1280xmissuniverse20.jpeg.pagespeed.ic_.lmKoifp-vv-768x768.jpg 768w, https:\/\/www.ikosecm.it\/ecm\/wp-content\/uploads\/2019\/05\/1280x1280xmissuniverse20.jpeg.pagespeed.ic_.lmKoifp-vv-1030x1030.jpg 1030w, https:\/\/www.ikosecm.it\/ecm\/wp-content\/uploads\/2019\/05\/1280x1280xmissuniverse20.jpeg.pagespeed.ic_.lmKoifp-vv-36x36.jpg 36w, https:\/\/www.ikosecm.it\/ecm\/wp-content\/uploads\/2019\/05\/1280x1280xmissuniverse20.jpeg.pagespeed.ic_.lmKoifp-vv-180x180.jpg 180w, https:\/\/www.ikosecm.it\/ecm\/wp-content\/uploads\/2019\/05\/1280x1280xmissuniverse20.jpeg.pagespeed.ic_.lmKoifp-vv-705x705.jpg 705w, https:\/\/www.ikosecm.it\/ecm\/wp-content\/uploads\/2019\/05\/1280x1280xmissuniverse20.jpeg.pagespeed.ic_.lmKoifp-vv-120x120.jpg 120w, https:\/\/www.ikosecm.it\/ecm\/wp-content\/uploads\/2019\/05\/1280x1280xmissuniverse20.jpeg.pagespeed.ic_.lmKoifp-vv-450x450.jpg 450w, https:\/\/www.ikosecm.it\/ecm\/wp-content\/uploads\/2019\/05\/1280x1280xmissuniverse20.jpeg.pagespeed.ic_.lmKoifp-vv.jpg 1280w\" sizes=\"(max-width: 300px) 100vw, 300px\" \/><\/div><\/div><\/div><br \/>\n\n<style type=\"text\/css\" data-created_by=\"avia_inline_auto\" id=\"style-css-av-juiuph3l-cef1ecbd5bc8d92e32e5d967c4f28ff8\">\n.avia-image-container.av-juiuph3l-cef1ecbd5bc8d92e32e5d967c4f28ff8 img.avia_image{\nbox-shadow:none;\n}\n.avia-image-container.av-juiuph3l-cef1ecbd5bc8d92e32e5d967c4f28ff8 .av-caption-image-overlay-bg{\nopacity:0.4;\nbackground-color:#000000;\n}\n.avia-image-container.av-juiuph3l-cef1ecbd5bc8d92e32e5d967c4f28ff8 .av-image-caption-overlay-center{\ncolor:#ffffff;\n}\n<\/style>\n<div  class='avia-image-container av-juiuph3l-cef1ecbd5bc8d92e32e5d967c4f28ff8 av-styling-no-styling av-hover-grow avia-align-center  avia-builder-el-13  el_after_av_image  avia-builder-el-last  noHover av-overlay-hover-deactivate'   itemprop=\"image\" itemscope=\"itemscope\" itemtype=\"https:\/\/schema.org\/ImageObject\" ><div class=\"avia-image-container-inner\"><div class=\"avia-image-overlay-wrap\"><div class=\"av-image-caption-overlay\"><div class=\"av-caption-image-overlay-bg\"><\/div><div class=\"av-image-caption-overlay-position\"><div class=\"av-image-caption-overlay-center\"><p>La Valutazione clinico-strumentale dei pazienti<\/p>\n<\/div><\/div><\/div><img decoding=\"async\" fetchpriority=\"high\" class='wp-image-862 avia-img-lazy-loading-not-862 avia_image ' src=\"https:\/\/www.ikosecm.it\/ecm\/wp-content\/uploads\/2019\/05\/Costumi-da-bagno-2018-tutte-le-tendenze-moda-per-lestate-300x188.jpg\" alt='' title='miss anoressiche'  height=\"188\" width=\"300\"  itemprop=\"thumbnailUrl\" srcset=\"https:\/\/www.ikosecm.it\/ecm\/wp-content\/uploads\/2019\/05\/Costumi-da-bagno-2018-tutte-le-tendenze-moda-per-lestate-300x188.jpg 300w, https:\/\/www.ikosecm.it\/ecm\/wp-content\/uploads\/2019\/05\/Costumi-da-bagno-2018-tutte-le-tendenze-moda-per-lestate-768x480.jpg 768w, https:\/\/www.ikosecm.it\/ecm\/wp-content\/uploads\/2019\/05\/Costumi-da-bagno-2018-tutte-le-tendenze-moda-per-lestate-1030x644.jpg 1030w, https:\/\/www.ikosecm.it\/ecm\/wp-content\/uploads\/2019\/05\/Costumi-da-bagno-2018-tutte-le-tendenze-moda-per-lestate-705x441.jpg 705w, https:\/\/www.ikosecm.it\/ecm\/wp-content\/uploads\/2019\/05\/Costumi-da-bagno-2018-tutte-le-tendenze-moda-per-lestate-450x281.jpg 450w, https:\/\/www.ikosecm.it\/ecm\/wp-content\/uploads\/2019\/05\/Costumi-da-bagno-2018-tutte-le-tendenze-moda-per-lestate.jpg 1280w\" sizes=\"(max-width: 300px) 100vw, 300px\" \/><\/div><\/div><\/div><\/p><\/div>\n\n<style type=\"text\/css\" data-created_by=\"avia_inline_auto\" id=\"style-css-av-jujggsc9-f7c0646a643cf0f5840d256cf3adf88a\">\n#top .hr.hr-invisible.av-jujggsc9-f7c0646a643cf0f5840d256cf3adf88a{\nheight:50px;\n}\n<\/style>\n<div  class='hr av-jujggsc9-f7c0646a643cf0f5840d256cf3adf88a hr-invisible  avia-builder-el-14  el_after_av_one_third  el_before_av_heading '><span class='hr-inner '><span class=\"hr-inner-style\"><\/span><\/span><\/div>\n\n<style type=\"text\/css\" data-created_by=\"avia_inline_auto\" id=\"style-css-av-19v0mc-6fb5bd466c3406326f4f12add4312a5d\">\n#top .av-special-heading.av-19v0mc-6fb5bd466c3406326f4f12add4312a5d{\npadding-bottom:10px;\n}\nbody .av-special-heading.av-19v0mc-6fb5bd466c3406326f4f12add4312a5d .av-special-heading-tag .heading-char{\nfont-size:25px;\n}\n.av-special-heading.av-19v0mc-6fb5bd466c3406326f4f12add4312a5d .av-subheading{\nfont-size:15px;\n}\n<\/style>\n<div  class='av-special-heading av-19v0mc-6fb5bd466c3406326f4f12add4312a5d av-special-heading-h4  avia-builder-el-15  el_after_av_hr  el_before_av_one_full '><h4 class='av-special-heading-tag '  itemprop=\"headline\"  >Di Anoressia si pu\u00f2 morire<\/h4><div class=\"special-heading-border\"><div class=\"special-heading-inner-border\"><\/div><\/div><\/div>\n\n<style type=\"text\/css\" data-created_by=\"avia_inline_auto\" id=\"style-css-av-19y77s-6da3cf55bdcfb15d84d02fa3e68fadb4\">\n.flex_column.av-19y77s-6da3cf55bdcfb15d84d02fa3e68fadb4{\nborder-radius:0px 0px 0px 0px;\npadding:0px 0px 0px 0px;\n}\n<\/style>\n<div  class='flex_column av-19y77s-6da3cf55bdcfb15d84d02fa3e68fadb4 av_one_full  avia-builder-el-16  el_after_av_heading  el_before_av_two_third  first flex_column_div av-zero-column-padding  '     ><section  class='av_textblock_section av-jtaabdl7-fe0c825b5d0751127d463321f991ab8b '   itemscope=\"itemscope\" itemtype=\"https:\/\/schema.org\/BlogPosting\" itemprop=\"blogPost\" ><div class='avia_textblock'  itemprop=\"text\" ><div class=\"page\" title=\"Page 5\">\n<div class=\"section\">\n<div class=\"layoutArea\">\n<div class=\"column\">\n<div class=\"page\" title=\"Page 7\">\n<div class=\"layoutArea\">\n<div class=\"column\">\n<p>I Disturbi del Comportamento Alimentare hanno effetti spesso devastanti sulla salute psichica e fisica e quindi sulla qualit\u00e0 di vita di adolescenti e giovani adulti. Se non trattati tempestivamente, possono diventare una condizione permanente e nei casi gravi portare alla morte.<\/p>\n<div class=\"page\" title=\"Page 7\">\n<div class=\"layoutArea\">\n<div class=\"column\">\n<p>I tassi di mortalit\u00e0 per anoressia superano il 10 per cento: <strong>\u00e8 la malattia psichiatrica con tasso di mortalit\u00e0 pi\u00f9 elevato.<\/strong>\u00a0<strong>L\u2019anoressia e la bulimia rappresentano la seconda causa di morte tra gli adolescenti di sesso femminile, dopo gli incidenti stradali.<\/strong><\/p>\n<div class=\"page\" title=\"Page 8\">\n<div class=\"layoutArea\">\n<div class=\"column\">\n<p>Se trattati, i DCA possono per\u00f2 risolversi nell\u2019arco di tre &#8211; quattro anni e nel 70-80 per cento dei casi la guarigione \u00e8 stabile.<\/p>\n<\/div>\n<\/div>\n<\/div>\n<\/div>\n<\/div>\n<\/div>\n<\/div>\n<\/div>\n<\/div>\n<\/div>\n<\/div>\n<\/div>\n<\/div>\n<\/div><\/section><\/div>\n\n<style type=\"text\/css\" data-created_by=\"avia_inline_auto\" id=\"style-css-av-rrf0d-de73f17452d9f35340cdec6e6cef8212\">\n.flex_column.av-rrf0d-de73f17452d9f35340cdec6e6cef8212{\nborder-radius:0px 0px 0px 0px;\npadding:0px 0px 0px 0px;\n}\n<\/style>\n<div  class='flex_column av-rrf0d-de73f17452d9f35340cdec6e6cef8212 av_two_third  avia-builder-el-18  el_after_av_one_full  el_before_av_one_third  first flex_column_div av-zero-column-padding  column-top-margin'     ><p>\n<style type=\"text\/css\" data-created_by=\"avia_inline_auto\" id=\"style-css-av-f3m3w-74ccce63bf489d3d72af49bf25be6e49\">\n#top .av-special-heading.av-f3m3w-74ccce63bf489d3d72af49bf25be6e49{\npadding-bottom:10px;\n}\nbody .av-special-heading.av-f3m3w-74ccce63bf489d3d72af49bf25be6e49 .av-special-heading-tag .heading-char{\nfont-size:25px;\n}\n.av-special-heading.av-f3m3w-74ccce63bf489d3d72af49bf25be6e49 .av-subheading{\nfont-size:15px;\n}\n<\/style>\n<div  class='av-special-heading av-f3m3w-74ccce63bf489d3d72af49bf25be6e49 av-special-heading-h4  avia-builder-el-19  el_before_av_textblock  avia-builder-el-first '><h4 class='av-special-heading-tag '  itemprop=\"headline\"  >Sei un addetto ai lavori? Approfondisci questo interessante argomento con un Corso ECM<\/h4><div class=\"special-heading-border\"><div class=\"special-heading-inner-border\"><\/div><\/div><\/div><br \/>\n<section  class='av_textblock_section av-jtaavp2p-2c557e1bc384df1d59326eb35ed53ebf '   itemscope=\"itemscope\" itemtype=\"https:\/\/schema.org\/BlogPosting\" itemprop=\"blogPost\" ><div class='avia_textblock'  itemprop=\"text\" ><p>Il corso che puoi trovare <a href=\"https:\/\/www.ikosecm.it\/dca-diagnosi-clinica-e-trattamento-dei-disturbi-del-comportamento-alimentare.html\">QUI<\/a> si propone di affrontare I Disturbi del Comportamento Alimentare con un approfondimento dell&#8217;inquadramento diagnostico del DSM V, degli approcci terapeutici in ambito ambulatoriale e residenziale.<\/p>\n<p>L\u2019evento formativo rientra nell\u2019obiettivo nazionale per l\u2019ottimizzazione del percorso diagnostico terapeutico da seguire nella specifica patologia trattata. Inoltre si propone di descrivere le pi\u00f9 recenti acquisizioni scientifiche e di promuovere lo scambio e le buone relazioni all&#8217;interno dell&#8217;equipe di cura indicando e discutendo<strong> le linee guida ottimali da utilizzare nell\u2019attivit\u00e0 professionale quotidiana.<\/strong><\/p>\n<p>In questo <a href=\"https:\/\/www.ikosecm.it\/dca-diagnosi-clinica-e-trattamento-dei-disturbi-del-comportamento-alimentare.html\">Corso FAD ECM<\/a>\u00a0distribuito dalla <a href=\"https:\/\/www.ikosecm.it\">piattaforma IKOS<\/a> potrai accedere a contenuti di alto valore scientifico realizzati dal <em>Dott. Massimo Labate e dal Dott. Marco Pastorini<\/em>\u00a0che potrai seguire comodamente online da dove vorrai.<span class=\"Apple-converted-space\">\u00a0<\/span><\/p>\n<p>Il corso ti dar\u00e0 inoltre la possibilit\u00e0 di acquisire\u00a0<strong>10 crediti ECM<\/strong>\u00a0e successivamente di scaricare o ricevere via email il relativo certificato.<\/p>\n<p>Per questo sar\u00e0 necessario il superamento della prova di apprendimento che consister\u00e0 in un questionario a\u00a0doppia randomizzazione delle domande, a risposta multipla con 4 possibilit\u00e0 di risposta di cui una sola giusta. Sono previste\u00a030 domande.\u00a0 La soglia di superamento prevista \u00e8 del 75%.<\/p>\n<\/div><\/section><br \/>\n<div  class='avia-button-wrap av-juymosjh-bf7540978700af2bc4fce7ee392b2fdd-wrap avia-button-center  avia-builder-el-21  el_after_av_textblock  avia-builder-el-last '><a href='https:\/\/www.ikosecm.it\/dca-diagnosi-clinica-e-trattamento-dei-disturbi-del-comportamento-alimentare.html'  class='avia-button av-juymosjh-bf7540978700af2bc4fce7ee392b2fdd av-link-btn avia-icon_select-no avia-size-small avia-position-center avia-color-theme-color'   aria-label=\"Scopri di pi\u00f9\"><span class='avia_iconbox_title' >Scopri di pi\u00f9<\/span><\/a><\/div><\/p><\/div>\n\n<style type=\"text\/css\" data-created_by=\"avia_inline_auto\" id=\"style-css-av-ju9mx8al-e681fd09714063ddf8822be0383da7af\">\n.flex_column.av-ju9mx8al-e681fd09714063ddf8822be0383da7af{\nborder-radius:0px 0px 0px 0px;\npadding:0px 0px 0px 0px;\n}\n<\/style>\n<div  class='flex_column av-ju9mx8al-e681fd09714063ddf8822be0383da7af av_one_third  avia-builder-el-22  el_after_av_two_third  el_before_av_hr  flex_column_div av-animated-generic fade-in av-zero-column-padding avia-link-column av-column-link avia-link-column-hover  column-top-margin'    data-link-column-url=\"http:\/\/www.ikosecm.it\/app\/media\/uploads\/lezioni\/803\/index.html\"  data-link-column-target=\"_blank\"   ><a class=\"av-screen-reader-only\" href=http:\/\/www.ikosecm.it\/app\/media\/uploads\/lezioni\/803\/index.html  target=\"_blank\" >Segui un collegamento aggiunto manuale<\/a><p>\n<style type=\"text\/css\" data-created_by=\"avia_inline_auto\" id=\"style-css-av-1k1n0-f4bd0629ead72807144932b005f5acad\">\n#top .av-special-heading.av-1k1n0-f4bd0629ead72807144932b005f5acad{\npadding-bottom:10px;\n}\nbody .av-special-heading.av-1k1n0-f4bd0629ead72807144932b005f5acad .av-special-heading-tag .heading-char{\nfont-size:25px;\n}\n.av-special-heading.av-1k1n0-f4bd0629ead72807144932b005f5acad .av-subheading{\nfont-size:15px;\n}\n<\/style>\n<div  class='av-special-heading av-1k1n0-f4bd0629ead72807144932b005f5acad av-special-heading-h3 blockquote classic-quote  avia-builder-el-23  el_before_av_image  avia-builder-el-first '><h3 class='av-special-heading-tag '  itemprop=\"headline\"  >Anteprima del corso<\/h3><div class=\"special-heading-border\"><div class=\"special-heading-inner-border\"><\/div><\/div><\/div><br \/>\n\n<style type=\"text\/css\" data-created_by=\"avia_inline_auto\" id=\"style-css-av-ju9mssb4-96b93b13134da9fbac0ca83285146374\">\n.avia-image-container.av-ju9mssb4-96b93b13134da9fbac0ca83285146374 img.avia_image{\nbox-shadow:none;\n}\n.avia-image-container.av-ju9mssb4-96b93b13134da9fbac0ca83285146374 .av-image-caption-overlay-center{\ncolor:#ffffff;\n}\n<\/style>\n<div  class='avia-image-container av-ju9mssb4-96b93b13134da9fbac0ca83285146374 av-styling- av-hover-grow avia_animated_image av-animated-when-visible-95 left-to-right avia-align-center  avia-builder-el-24  el_after_av_heading  el_before_av_hr '   itemprop=\"image\" itemscope=\"itemscope\" itemtype=\"https:\/\/schema.org\/ImageObject\" ><div class=\"avia-image-container-inner\"><div class=\"avia-image-overlay-wrap\"><img decoding=\"async\" fetchpriority=\"high\" class='wp-image-893 avia-img-lazy-loading-not-893 avia_image ' src=\"https:\/\/www.ikosecm.it\/ecm\/wp-content\/uploads\/2019\/05\/DCA-DIAGNOSI-CLINICA-E-TRATTAMENTO-DEI-DISTURBI-DEL-COMPORTAMENTO-ALIMENTARE-300x242.png\" alt='' title='DCA-DIAGNOSI-CLINICA-E-TRATTAMENTO-DEI-DISTURBI-DEL-COMPORTAMENTO-ALIMENTARE'  height=\"242\" width=\"300\"  itemprop=\"thumbnailUrl\" srcset=\"https:\/\/www.ikosecm.it\/ecm\/wp-content\/uploads\/2019\/05\/DCA-DIAGNOSI-CLINICA-E-TRATTAMENTO-DEI-DISTURBI-DEL-COMPORTAMENTO-ALIMENTARE-300x242.png 300w, https:\/\/www.ikosecm.it\/ecm\/wp-content\/uploads\/2019\/05\/DCA-DIAGNOSI-CLINICA-E-TRATTAMENTO-DEI-DISTURBI-DEL-COMPORTAMENTO-ALIMENTARE.png 405w\" sizes=\"(max-width: 300px) 100vw, 300px\" \/><\/div><\/div><\/div><br \/>\n\n<style type=\"text\/css\" data-created_by=\"avia_inline_auto\" id=\"style-css-av-ju9svqe3-8cfd165acfd648d82f1c858e30ff1e0a\">\n#top .hr.hr-invisible.av-ju9svqe3-8cfd165acfd648d82f1c858e30ff1e0a{\nheight:30px;\n}\n<\/style>\n<div  class='hr av-ju9svqe3-8cfd165acfd648d82f1c858e30ff1e0a hr-invisible  avia-builder-el-25  el_after_av_image  el_before_av_animated_numbers '><span class='hr-inner '><span class=\"hr-inner-style\"><\/span><\/span><\/div><br \/>\n\n<style type=\"text\/css\" data-created_by=\"avia_inline_auto\" id=\"style-css-av-ju9n2o0t-59eade141083905d8b178c6bea5f469b\">\n#top .avia-animated-number.av-ju9n2o0t-59eade141083905d8b178c6bea5f469b.av-display-circle{\nmargin:40% 0 40% 0;\n}\n#top .avia-animated-number.av-ju9n2o0t-59eade141083905d8b178c6bea5f469b .avia-animated-number-title{\nfont-size:40px;\n}\n.avia-animated-number.av-ju9n2o0t-59eade141083905d8b178c6bea5f469b .avia-animated-number-circle{\nwidth:80%;\n}\n.avia-animated-number.av-ju9n2o0t-59eade141083905d8b178c6bea5f469b .avia-animated-number-circle-inner{\nborder-style:none;\nbox-shadow:none;\n}\n<\/style>\n<div  class=\"avia-animated-number av-ju9n2o0t-59eade141083905d8b178c6bea5f469b av-force-default-color avia_animate_when_visible  avia-builder-el-26  el_after_av_hr  avia-builder-el-last  av-display-circle \" data-timer=\"3000\"><span class='avia-animated-number-circle '><span class='avia-animated-number-circle-inner'><\/span><\/span><strong class=\"heading avia-animated-number-title\"><span class=\"avia-single-number __av-single-number\" data-number_format=\"\" data-number=\"10\" data-start_from=\"0\">10<\/span><\/strong><div class=\"avia-animated-number-content\"><p>Crediti ECM<\/p>\n<\/div><\/div><\/p><\/div>\n<div  class='hr av-d0lho-f9b6919b96a7ea17baea2d49a5ce7ebb hr-default  avia-builder-el-27  el_after_av_one_third  el_before_av_heading '><span class='hr-inner '><span class=\"hr-inner-style\"><\/span><\/span><\/div>\n\n<style type=\"text\/css\" data-created_by=\"avia_inline_auto\" id=\"style-css-av-11hx44-254469a13100b447f031a95f4d8c29ba\">\n#top .av-special-heading.av-11hx44-254469a13100b447f031a95f4d8c29ba{\npadding-bottom:10px;\n}\nbody .av-special-heading.av-11hx44-254469a13100b447f031a95f4d8c29ba .av-special-heading-tag .heading-char{\nfont-size:25px;\n}\n.av-special-heading.av-11hx44-254469a13100b447f031a95f4d8c29ba .av-subheading{\nfont-size:15px;\n}\n<\/style>\n<div  class='av-special-heading av-11hx44-254469a13100b447f031a95f4d8c29ba av-special-heading-h4  avia-builder-el-28  el_after_av_hr  el_before_av_two_third '><h4 class='av-special-heading-tag '  itemprop=\"headline\"  >Vuoi recuperare il tuo debito formativo?<\/h4><div class=\"special-heading-border\"><div class=\"special-heading-inner-border\"><\/div><\/div><\/div>\n\n<style type=\"text\/css\" data-created_by=\"avia_inline_auto\" id=\"style-css-av-eqi5r-167342179bfa5bb25feac7d146468f0b\">\n.flex_column.av-eqi5r-167342179bfa5bb25feac7d146468f0b{\nborder-radius:0px 0px 0px 0px;\npadding:0px 0px 0px 0px;\n}\n<\/style>\n<div  class='flex_column av-eqi5r-167342179bfa5bb25feac7d146468f0b av_two_third  avia-builder-el-29  el_after_av_heading  el_before_av_one_third  first flex_column_div av-zero-column-padding  '     ><p><section  class='av_textblock_section av-jsx3alm2-962c5f3c90dbf1c25bb35757d5ee8a22 '   itemscope=\"itemscope\" itemtype=\"https:\/\/schema.org\/BlogPosting\" itemprop=\"blogPost\" ><div class='avia_textblock'  itemprop=\"text\" ><p>Con la <strong>GLOBAL CARD 2019<\/strong> puoi! Con un&#8217;unica spesa di soli <strong>\u20ac 189,00<\/strong> (esente iva) potrai accedere <strong>a tutti i corsi ECM FAD<\/strong> presenti nel catalogo IKOS e trasferire i crediti al triennio precedente seguendo la procedura sopra riportata.<\/p>\n<\/div><\/section><br \/>\n<div  class='avia-button-wrap av-jsx3bseu-2d238ac49bc13d11c196031cf5313865-wrap avia-button-left  avia-builder-el-31  el_after_av_textblock  avia-builder-el-last '><a href='https:\/\/www.ikosecm.it\/global-card.php'  class='avia-button av-jsx3bseu-2d238ac49bc13d11c196031cf5313865 av-link-btn avia-icon_select-no avia-size-medium avia-position-left avia-color-theme-color'  target=\"_blank\"  rel=\"noopener noreferrer\"  aria-label=\"SCOPRI DI PI\u00d9\"><span class='avia_iconbox_title' >SCOPRI DI PI\u00d9<\/span><\/a><\/div><\/p><\/div>\n\n<style type=\"text\/css\" data-created_by=\"avia_inline_auto\" id=\"style-css-av-72t07-0e3e037d189a05633ea8026437435514\">\n.flex_column.av-72t07-0e3e037d189a05633ea8026437435514{\nborder-radius:0px 0px 0px 0px;\npadding:0px 0px 0px 0px;\n}\n<\/style>\n<div  class='flex_column av-72t07-0e3e037d189a05633ea8026437435514 av_one_third  avia-builder-el-32  el_after_av_two_third  el_before_av_hr  flex_column_div av-zero-column-padding  '     ><p>\n<style type=\"text\/css\" data-created_by=\"avia_inline_auto\" id=\"style-css-av-jsx2nve0-368dde789cd0698cc8620cc8bd15609a\">\n.avia-image-container.av-jsx2nve0-368dde789cd0698cc8620cc8bd15609a img.avia_image{\nbox-shadow:none;\n}\n.avia-image-container.av-jsx2nve0-368dde789cd0698cc8620cc8bd15609a .av-image-caption-overlay-center{\ncolor:#ffffff;\n}\n<\/style>\n<div  class='avia-image-container av-jsx2nve0-368dde789cd0698cc8620cc8bd15609a av-styling- avia-align-center  avia-builder-el-33  el_before_av_hr  avia-builder-el-first '   itemprop=\"image\" itemscope=\"itemscope\" itemtype=\"https:\/\/schema.org\/ImageObject\" ><div class=\"avia-image-container-inner\"><div class=\"avia-image-overlay-wrap\"><img decoding=\"async\" fetchpriority=\"high\" class='wp-image-343 avia-img-lazy-loading-not-343 avia_image ' src=\"https:\/\/www.ikosecm.it\/ecm\/wp-content\/uploads\/2019\/03\/global-card-2019-w245.png\" alt='' title='global-card-2019-w245'  height=\"154\" width=\"245\"  itemprop=\"thumbnailUrl\"  \/><\/div><\/div><\/div><br \/>\n\n<style type=\"text\/css\" data-created_by=\"avia_inline_auto\" id=\"style-css-av-6zrsa-a7749ffc2b41ff52b7d2be4904903994\">\n#top .hr.hr-invisible.av-6zrsa-a7749ffc2b41ff52b7d2be4904903994{\nheight:50px;\n}\n<\/style>\n<div  class='hr av-6zrsa-a7749ffc2b41ff52b7d2be4904903994 hr-invisible  avia-builder-el-34  el_after_av_image  avia-builder-el-last '><span class='hr-inner '><span class=\"hr-inner-style\"><\/span><\/span><\/div><\/p><\/div>\n\n<style type=\"text\/css\" data-created_by=\"avia_inline_auto\" id=\"style-css-av-6zrsa-a7749ffc2b41ff52b7d2be4904903994\">\n#top .hr.hr-invisible.av-6zrsa-a7749ffc2b41ff52b7d2be4904903994{\nheight:50px;\n}\n<\/style>\n<div  class='hr av-6zrsa-a7749ffc2b41ff52b7d2be4904903994 hr-invisible  avia-builder-el-35  el_after_av_one_third  avia-builder-el-last '><span class='hr-inner '><span class=\"hr-inner-style\"><\/span><\/span><\/div>\n","protected":false},"excerpt":{"rendered":"<p>I Disturbi del Comportamento Alimentare (DCA) in particolare Anoressia, Bulimia e BED (Disturbo da abbuffate compulsive), rappresentano attualmente in Italia un problema di notevole gravit\u00e0, con un incremento costante nella fascia compresa tra la prima adolescenza e l&#8217;et\u00e0 prepuberale. Nella seconda met\u00e0 del \u2018900, contestualmente ai cambiamenti storici e sociali che hanno caratterizzato lo scorso secolo, nel mondo occidentale si \u00e8 iniziato ad assistere ad un insieme di trasformazioni antropologiche radicali del vivere sociale.<\/p>\n","protected":false},"author":5,"featured_media":866,"comment_status":"closed","ping_status":"open","sticky":false,"template":"","format":"standard","meta":{"footnotes":""},"categories":[25,24],"tags":[105,102,104,103,108,89,59,110,106,101,109,111,66,91,107],"class_list":["post-860","post","type-post","status-publish","format-standard","has-post-thumbnail","hentry","category-corsi-ecm","category-in-evidenza","tag-alimentazione-incontrollata","tag-anoressia","tag-anoressia-nervosa","tag-bulimia","tag-bulimia-nervosa","tag-corsi-ecm","tag-corso-ecm","tag-dca","tag-dimagrimento-eccessivo","tag-disturbi-alimentari","tag-disturbi-del-comportamento-alimentare","tag-disturbo-da-abbuffate-compulsive","tag-ecm","tag-ecm-fad","tag-magrezza-eccessiva"],"yoast_head":"<!-- This site is optimized with the Yoast SEO plugin v25.5 - https:\/\/yoast.com\/wordpress\/plugins\/seo\/ -->\n<title>I Disturbi del comportamento alimentare , l\u2019anoressia nervosa, la bulimia<\/title>\n<meta name=\"description\" content=\"I disturbi del comportamento alimentare, l\u2019anoressia nervosa, la bulimia nervosa sono patologie che alterano profondamente la qualit\u00e0 della vita dei giovani\" \/>\n<meta name=\"robots\" content=\"index, follow, max-snippet:-1, max-image-preview:large, max-video-preview:-1\" \/>\n<link rel=\"canonical\" href=\"https:\/\/www.ikosecm.it\/ecm\/corsi-ecm\/i-disturbi-del-comportamento-alimentare\/\" \/>\n<meta property=\"og:locale\" content=\"it_IT\" \/>\n<meta property=\"og:type\" content=\"article\" \/>\n<meta property=\"og:title\" content=\"I Disturbi del comportamento alimentare , l\u2019anoressia nervosa, la bulimia\" \/>\n<meta property=\"og:description\" content=\"I disturbi del comportamento alimentare, l\u2019anoressia nervosa, la bulimia nervosa sono patologie che alterano profondamente la qualit\u00e0 della vita dei giovani\" \/>\n<meta property=\"og:url\" content=\"https:\/\/www.ikosecm.it\/ecm\/corsi-ecm\/i-disturbi-del-comportamento-alimentare\/\" \/>\n<meta property=\"og:site_name\" content=\"Ecm made easy!\" \/>\n<meta property=\"article:publisher\" content=\"https:\/\/www.facebook.com\/ikosecm\" \/>\n<meta property=\"article:published_time\" content=\"2019-05-14T20:29:33+00:00\" \/>\n<meta property=\"article:modified_time\" content=\"2019-07-05T15:09:01+00:00\" \/>\n<meta property=\"og:image\" content=\"https:\/\/www.ikosecm.it\/ecm\/wp-content\/uploads\/2019\/05\/anoressia_1.jpg\" \/>\n\t<meta property=\"og:image:width\" content=\"944\" \/>\n\t<meta property=\"og:image:height\" content=\"541\" \/>\n\t<meta property=\"og:image:type\" content=\"image\/jpeg\" \/>\n<meta name=\"author\" content=\"team.ikos\" \/>\n<meta name=\"twitter:card\" content=\"summary_large_image\" \/>\n<meta name=\"twitter:creator\" content=\"@ikosecm\" \/>\n<meta name=\"twitter:site\" content=\"@ikosecm\" \/>\n<meta name=\"twitter:label1\" content=\"Written by\" \/>\n\t<meta name=\"twitter:data1\" content=\"team.ikos\" \/>\n\t<meta name=\"twitter:label2\" content=\"Est. reading time\" \/>\n\t<meta name=\"twitter:data2\" content=\"18 minuti\" \/>\n<script type=\"application\/ld+json\" class=\"yoast-schema-graph\">{\"@context\":\"https:\/\/schema.org\",\"@graph\":[{\"@type\":\"Article\",\"@id\":\"https:\/\/www.ikosecm.it\/ecm\/corsi-ecm\/i-disturbi-del-comportamento-alimentare\/#article\",\"isPartOf\":{\"@id\":\"https:\/\/www.ikosecm.it\/ecm\/corsi-ecm\/i-disturbi-del-comportamento-alimentare\/\"},\"author\":{\"name\":\"team.ikos\",\"@id\":\"https:\/\/www.ikosecm.it\/ecm\/#\/schema\/person\/85d9f9abb41bc7439b463d1a75c97501\"},\"headline\":\"I Disturbi del comportamento alimentare\",\"datePublished\":\"2019-05-14T20:29:33+00:00\",\"dateModified\":\"2019-07-05T15:09:01+00:00\",\"mainEntityOfPage\":{\"@id\":\"https:\/\/www.ikosecm.it\/ecm\/corsi-ecm\/i-disturbi-del-comportamento-alimentare\/\"},\"wordCount\":3514,\"publisher\":{\"@id\":\"https:\/\/www.ikosecm.it\/ecm\/#organization\"},\"image\":{\"@id\":\"https:\/\/www.ikosecm.it\/ecm\/corsi-ecm\/i-disturbi-del-comportamento-alimentare\/#primaryimage\"},\"thumbnailUrl\":\"https:\/\/www.ikosecm.it\/ecm\/wp-content\/uploads\/2019\/05\/anoressia_1.jpg\",\"keywords\":[\"alimentazione incontrollata\",\"anoressia\",\"anoressia nervosa\",\"bulimia\",\"bulimia nervosa\",\"corsi ecm\",\"corso ecm\",\"DCA\",\"dimagrimento eccessivo\",\"disturbi alimentari\",\"disturbi del comportamento alimentare\",\"Disturbo da abbuffate compulsive\",\"ECM\",\"ecm fad\",\"magrezza eccessiva\"],\"articleSection\":[\"Corsi ecm\",\"In evidenza\"],\"inLanguage\":\"it-IT\"},{\"@type\":\"WebPage\",\"@id\":\"https:\/\/www.ikosecm.it\/ecm\/corsi-ecm\/i-disturbi-del-comportamento-alimentare\/\",\"url\":\"https:\/\/www.ikosecm.it\/ecm\/corsi-ecm\/i-disturbi-del-comportamento-alimentare\/\",\"name\":\"I Disturbi del comportamento alimentare , l\u2019anoressia nervosa, la bulimia\",\"isPartOf\":{\"@id\":\"https:\/\/www.ikosecm.it\/ecm\/#website\"},\"primaryImageOfPage\":{\"@id\":\"https:\/\/www.ikosecm.it\/ecm\/corsi-ecm\/i-disturbi-del-comportamento-alimentare\/#primaryimage\"},\"image\":{\"@id\":\"https:\/\/www.ikosecm.it\/ecm\/corsi-ecm\/i-disturbi-del-comportamento-alimentare\/#primaryimage\"},\"thumbnailUrl\":\"https:\/\/www.ikosecm.it\/ecm\/wp-content\/uploads\/2019\/05\/anoressia_1.jpg\",\"datePublished\":\"2019-05-14T20:29:33+00:00\",\"dateModified\":\"2019-07-05T15:09:01+00:00\",\"description\":\"I disturbi del comportamento alimentare, l\u2019anoressia nervosa, la bulimia nervosa sono patologie che alterano profondamente la qualit\u00e0 della vita dei giovani\",\"breadcrumb\":{\"@id\":\"https:\/\/www.ikosecm.it\/ecm\/corsi-ecm\/i-disturbi-del-comportamento-alimentare\/#breadcrumb\"},\"inLanguage\":\"it-IT\",\"potentialAction\":[{\"@type\":\"ReadAction\",\"target\":[\"https:\/\/www.ikosecm.it\/ecm\/corsi-ecm\/i-disturbi-del-comportamento-alimentare\/\"]}]},{\"@type\":\"ImageObject\",\"inLanguage\":\"it-IT\",\"@id\":\"https:\/\/www.ikosecm.it\/ecm\/corsi-ecm\/i-disturbi-del-comportamento-alimentare\/#primaryimage\",\"url\":\"https:\/\/www.ikosecm.it\/ecm\/wp-content\/uploads\/2019\/05\/anoressia_1.jpg\",\"contentUrl\":\"https:\/\/www.ikosecm.it\/ecm\/wp-content\/uploads\/2019\/05\/anoressia_1.jpg\",\"width\":944,\"height\":541},{\"@type\":\"BreadcrumbList\",\"@id\":\"https:\/\/www.ikosecm.it\/ecm\/corsi-ecm\/i-disturbi-del-comportamento-alimentare\/#breadcrumb\",\"itemListElement\":[{\"@type\":\"ListItem\",\"position\":1,\"name\":\"Home\",\"item\":\"https:\/\/www.ikosecm.it\/ecm\/\"},{\"@type\":\"ListItem\",\"position\":2,\"name\":\"I Disturbi del comportamento alimentare\"}]},{\"@type\":\"WebSite\",\"@id\":\"https:\/\/www.ikosecm.it\/ecm\/#website\",\"url\":\"https:\/\/www.ikosecm.it\/ecm\/\",\"name\":\"Ecm made easy!\",\"description\":\"Il blog di Ikosecm.it, approfondimenti e tematiche dal mondo Ecm.\",\"publisher\":{\"@id\":\"https:\/\/www.ikosecm.it\/ecm\/#organization\"},\"potentialAction\":[{\"@type\":\"SearchAction\",\"target\":{\"@type\":\"EntryPoint\",\"urlTemplate\":\"https:\/\/www.ikosecm.it\/ecm\/?s={search_term_string}\"},\"query-input\":{\"@type\":\"PropertyValueSpecification\",\"valueRequired\":true,\"valueName\":\"search_term_string\"}}],\"inLanguage\":\"it-IT\"},{\"@type\":\"Organization\",\"@id\":\"https:\/\/www.ikosecm.it\/ecm\/#organization\",\"name\":\"Ikos Srl\",\"url\":\"https:\/\/www.ikosecm.it\/ecm\/\",\"logo\":{\"@type\":\"ImageObject\",\"inLanguage\":\"it-IT\",\"@id\":\"https:\/\/www.ikosecm.it\/ecm\/#\/schema\/logo\/image\/\",\"url\":\"https:\/\/www.ikosecm.it\/ecm\/wp-content\/uploads\/2019\/02\/logoecm.png\",\"contentUrl\":\"https:\/\/www.ikosecm.it\/ecm\/wp-content\/uploads\/2019\/02\/logoecm.png\",\"width\":159,\"height\":71,\"caption\":\"Ikos Srl\"},\"image\":{\"@id\":\"https:\/\/www.ikosecm.it\/ecm\/#\/schema\/logo\/image\/\"},\"sameAs\":[\"https:\/\/www.facebook.com\/ikosecm\",\"https:\/\/x.com\/ikosecm\"]},{\"@type\":\"Person\",\"@id\":\"https:\/\/www.ikosecm.it\/ecm\/#\/schema\/person\/85d9f9abb41bc7439b463d1a75c97501\",\"name\":\"team.ikos\",\"image\":{\"@type\":\"ImageObject\",\"inLanguage\":\"it-IT\",\"@id\":\"https:\/\/www.ikosecm.it\/ecm\/#\/schema\/person\/image\/\",\"url\":\"https:\/\/secure.gravatar.com\/avatar\/330cca9621688d2919a9b1a9553844214aaa8f999c44055f0b6112bf2fa450b2?s=96&d=mm&r=g\",\"contentUrl\":\"https:\/\/secure.gravatar.com\/avatar\/330cca9621688d2919a9b1a9553844214aaa8f999c44055f0b6112bf2fa450b2?s=96&d=mm&r=g\",\"caption\":\"team.ikos\"},\"url\":\"https:\/\/www.ikosecm.it\/ecm\/author\/team-ikos\/\"}]}<\/script>\n<!-- \/ Yoast SEO plugin. -->","yoast_head_json":{"title":"I Disturbi del comportamento alimentare , l\u2019anoressia nervosa, la bulimia","description":"I disturbi del comportamento alimentare, l\u2019anoressia nervosa, la bulimia nervosa sono patologie che alterano profondamente la qualit\u00e0 della vita dei giovani","robots":{"index":"index","follow":"follow","max-snippet":"max-snippet:-1","max-image-preview":"max-image-preview:large","max-video-preview":"max-video-preview:-1"},"canonical":"https:\/\/www.ikosecm.it\/ecm\/corsi-ecm\/i-disturbi-del-comportamento-alimentare\/","og_locale":"it_IT","og_type":"article","og_title":"I Disturbi del comportamento alimentare , l\u2019anoressia nervosa, la bulimia","og_description":"I disturbi del comportamento alimentare, l\u2019anoressia nervosa, la bulimia nervosa sono patologie che alterano profondamente la qualit\u00e0 della vita dei giovani","og_url":"https:\/\/www.ikosecm.it\/ecm\/corsi-ecm\/i-disturbi-del-comportamento-alimentare\/","og_site_name":"Ecm made easy!","article_publisher":"https:\/\/www.facebook.com\/ikosecm","article_published_time":"2019-05-14T20:29:33+00:00","article_modified_time":"2019-07-05T15:09:01+00:00","og_image":[{"width":944,"height":541,"url":"https:\/\/www.ikosecm.it\/ecm\/wp-content\/uploads\/2019\/05\/anoressia_1.jpg","type":"image\/jpeg"}],"author":"team.ikos","twitter_card":"summary_large_image","twitter_creator":"@ikosecm","twitter_site":"@ikosecm","twitter_misc":{"Written by":"team.ikos","Est. reading time":"18 minuti"},"schema":{"@context":"https:\/\/schema.org","@graph":[{"@type":"Article","@id":"https:\/\/www.ikosecm.it\/ecm\/corsi-ecm\/i-disturbi-del-comportamento-alimentare\/#article","isPartOf":{"@id":"https:\/\/www.ikosecm.it\/ecm\/corsi-ecm\/i-disturbi-del-comportamento-alimentare\/"},"author":{"name":"team.ikos","@id":"https:\/\/www.ikosecm.it\/ecm\/#\/schema\/person\/85d9f9abb41bc7439b463d1a75c97501"},"headline":"I Disturbi del comportamento alimentare","datePublished":"2019-05-14T20:29:33+00:00","dateModified":"2019-07-05T15:09:01+00:00","mainEntityOfPage":{"@id":"https:\/\/www.ikosecm.it\/ecm\/corsi-ecm\/i-disturbi-del-comportamento-alimentare\/"},"wordCount":3514,"publisher":{"@id":"https:\/\/www.ikosecm.it\/ecm\/#organization"},"image":{"@id":"https:\/\/www.ikosecm.it\/ecm\/corsi-ecm\/i-disturbi-del-comportamento-alimentare\/#primaryimage"},"thumbnailUrl":"https:\/\/www.ikosecm.it\/ecm\/wp-content\/uploads\/2019\/05\/anoressia_1.jpg","keywords":["alimentazione incontrollata","anoressia","anoressia nervosa","bulimia","bulimia nervosa","corsi ecm","corso ecm","DCA","dimagrimento eccessivo","disturbi alimentari","disturbi del comportamento alimentare","Disturbo da abbuffate compulsive","ECM","ecm fad","magrezza eccessiva"],"articleSection":["Corsi ecm","In evidenza"],"inLanguage":"it-IT"},{"@type":"WebPage","@id":"https:\/\/www.ikosecm.it\/ecm\/corsi-ecm\/i-disturbi-del-comportamento-alimentare\/","url":"https:\/\/www.ikosecm.it\/ecm\/corsi-ecm\/i-disturbi-del-comportamento-alimentare\/","name":"I Disturbi del comportamento alimentare , l\u2019anoressia nervosa, la bulimia","isPartOf":{"@id":"https:\/\/www.ikosecm.it\/ecm\/#website"},"primaryImageOfPage":{"@id":"https:\/\/www.ikosecm.it\/ecm\/corsi-ecm\/i-disturbi-del-comportamento-alimentare\/#primaryimage"},"image":{"@id":"https:\/\/www.ikosecm.it\/ecm\/corsi-ecm\/i-disturbi-del-comportamento-alimentare\/#primaryimage"},"thumbnailUrl":"https:\/\/www.ikosecm.it\/ecm\/wp-content\/uploads\/2019\/05\/anoressia_1.jpg","datePublished":"2019-05-14T20:29:33+00:00","dateModified":"2019-07-05T15:09:01+00:00","description":"I disturbi del comportamento alimentare, l\u2019anoressia nervosa, la bulimia nervosa sono patologie che alterano profondamente la qualit\u00e0 della vita dei giovani","breadcrumb":{"@id":"https:\/\/www.ikosecm.it\/ecm\/corsi-ecm\/i-disturbi-del-comportamento-alimentare\/#breadcrumb"},"inLanguage":"it-IT","potentialAction":[{"@type":"ReadAction","target":["https:\/\/www.ikosecm.it\/ecm\/corsi-ecm\/i-disturbi-del-comportamento-alimentare\/"]}]},{"@type":"ImageObject","inLanguage":"it-IT","@id":"https:\/\/www.ikosecm.it\/ecm\/corsi-ecm\/i-disturbi-del-comportamento-alimentare\/#primaryimage","url":"https:\/\/www.ikosecm.it\/ecm\/wp-content\/uploads\/2019\/05\/anoressia_1.jpg","contentUrl":"https:\/\/www.ikosecm.it\/ecm\/wp-content\/uploads\/2019\/05\/anoressia_1.jpg","width":944,"height":541},{"@type":"BreadcrumbList","@id":"https:\/\/www.ikosecm.it\/ecm\/corsi-ecm\/i-disturbi-del-comportamento-alimentare\/#breadcrumb","itemListElement":[{"@type":"ListItem","position":1,"name":"Home","item":"https:\/\/www.ikosecm.it\/ecm\/"},{"@type":"ListItem","position":2,"name":"I Disturbi del comportamento alimentare"}]},{"@type":"WebSite","@id":"https:\/\/www.ikosecm.it\/ecm\/#website","url":"https:\/\/www.ikosecm.it\/ecm\/","name":"Ecm made easy!","description":"Il blog di Ikosecm.it, approfondimenti e tematiche dal mondo Ecm.","publisher":{"@id":"https:\/\/www.ikosecm.it\/ecm\/#organization"},"potentialAction":[{"@type":"SearchAction","target":{"@type":"EntryPoint","urlTemplate":"https:\/\/www.ikosecm.it\/ecm\/?s={search_term_string}"},"query-input":{"@type":"PropertyValueSpecification","valueRequired":true,"valueName":"search_term_string"}}],"inLanguage":"it-IT"},{"@type":"Organization","@id":"https:\/\/www.ikosecm.it\/ecm\/#organization","name":"Ikos Srl","url":"https:\/\/www.ikosecm.it\/ecm\/","logo":{"@type":"ImageObject","inLanguage":"it-IT","@id":"https:\/\/www.ikosecm.it\/ecm\/#\/schema\/logo\/image\/","url":"https:\/\/www.ikosecm.it\/ecm\/wp-content\/uploads\/2019\/02\/logoecm.png","contentUrl":"https:\/\/www.ikosecm.it\/ecm\/wp-content\/uploads\/2019\/02\/logoecm.png","width":159,"height":71,"caption":"Ikos Srl"},"image":{"@id":"https:\/\/www.ikosecm.it\/ecm\/#\/schema\/logo\/image\/"},"sameAs":["https:\/\/www.facebook.com\/ikosecm","https:\/\/x.com\/ikosecm"]},{"@type":"Person","@id":"https:\/\/www.ikosecm.it\/ecm\/#\/schema\/person\/85d9f9abb41bc7439b463d1a75c97501","name":"team.ikos","image":{"@type":"ImageObject","inLanguage":"it-IT","@id":"https:\/\/www.ikosecm.it\/ecm\/#\/schema\/person\/image\/","url":"https:\/\/secure.gravatar.com\/avatar\/330cca9621688d2919a9b1a9553844214aaa8f999c44055f0b6112bf2fa450b2?s=96&d=mm&r=g","contentUrl":"https:\/\/secure.gravatar.com\/avatar\/330cca9621688d2919a9b1a9553844214aaa8f999c44055f0b6112bf2fa450b2?s=96&d=mm&r=g","caption":"team.ikos"},"url":"https:\/\/www.ikosecm.it\/ecm\/author\/team-ikos\/"}]}},"_links":{"self":[{"href":"https:\/\/www.ikosecm.it\/ecm\/wp-json\/wp\/v2\/posts\/860","targetHints":{"allow":["GET"]}}],"collection":[{"href":"https:\/\/www.ikosecm.it\/ecm\/wp-json\/wp\/v2\/posts"}],"about":[{"href":"https:\/\/www.ikosecm.it\/ecm\/wp-json\/wp\/v2\/types\/post"}],"author":[{"embeddable":true,"href":"https:\/\/www.ikosecm.it\/ecm\/wp-json\/wp\/v2\/users\/5"}],"replies":[{"embeddable":true,"href":"https:\/\/www.ikosecm.it\/ecm\/wp-json\/wp\/v2\/comments?post=860"}],"version-history":[{"count":0,"href":"https:\/\/www.ikosecm.it\/ecm\/wp-json\/wp\/v2\/posts\/860\/revisions"}],"wp:featuredmedia":[{"embeddable":true,"href":"https:\/\/www.ikosecm.it\/ecm\/wp-json\/wp\/v2\/media\/866"}],"wp:attachment":[{"href":"https:\/\/www.ikosecm.it\/ecm\/wp-json\/wp\/v2\/media?parent=860"}],"wp:term":[{"taxonomy":"category","embeddable":true,"href":"https:\/\/www.ikosecm.it\/ecm\/wp-json\/wp\/v2\/categories?post=860"},{"taxonomy":"post_tag","embeddable":true,"href":"https:\/\/www.ikosecm.it\/ecm\/wp-json\/wp\/v2\/tags?post=860"}],"curies":[{"name":"wp","href":"https:\/\/api.w.org\/{rel}","templated":true}]}}